{"id":1748,"date":"2019-07-18T00:35:48","date_gmt":"2019-07-18T00:35:48","guid":{"rendered":"http:\/\/enolife.com.ar\/es\/?p=1748"},"modified":"2019-07-18T14:33:19","modified_gmt":"2019-07-18T14:33:19","slug":"el-gobierno-y-la-industria-vitivinicola-contra-la-tolerancia-cero","status":"publish","type":"post","link":"https:\/\/enolife.com.ar\/es\/el-gobierno-y-la-industria-vitivinicola-contra-la-tolerancia-cero\/","title":{"rendered":"El gobierno y la industria vitivin\u00edcola, contra la tolerancia cero"},"content":{"rendered":"\n<h4 class=\"wp-block-heading\"><em><strong>En los \u00faltimos d\u00edas, la muerte de una joven voleibolista, presuntamente causada por la ingesta de alcohol de su novio al volante, m\u00e1s la colisi\u00f3n entre el veh\u00edculo de un futbolista que tom\u00f3 de m\u00e1s y una moto, con dos heridos graves, reavivaron la pol\u00e9mica sobre si se debe o no bajar el nivel permitido de alcohol en sangre de conductores, hoy de 0,5 g por litro.<\/strong><\/em><\/h4>\n\n\n\n<hr class=\"wp-block-separator\"\/>\n\n\n\n<p>Desde hace a\u00f1os, siempre con mayor vigor despu\u00e9s de tragedias que actualizan el tema, legisladores y familiares de v\u00edctimas de conductores alcoholizados han impulsado la sanci\u00f3n de una ley de tolerancia cero de alcohol en sangre para quienes manejan veh\u00edculos.<\/p>\n\n\n\n<p>Esto ocurre tanto a nivel provincial como nacional, y en algunos casos los parlamentarios gestores de este leg\u00edtimo reclamo han tenido \u00e9xito en sus estados o regiones. Tal es el caso de <strong>C\u00f3rdoba, Salta, Tucum\u00e1n, La Rioja, Neuqu\u00e9n y Entre R\u00edos<\/strong>, donde se aplica la norma de sancionar duramente, incluso con prisi\u00f3n, a los conductores a quienes en la prueba de alcoholemia se les compruebe la ingesta de un m\u00ednimo de alcohol. En tanto,&nbsp;<strong>en Mar del Plata&nbsp;<\/strong>(y en todo el partido bonaerense de General Pueyrred\u00f3n) tambi\u00e9n se formaliz\u00f3 a fines de 2018 la ley.  En total, <strong>contabilizamos 10 distintas presentaciones de legisladores en el Congreso Nacional <\/strong>solicitando la sanci\u00f3n de esta ley a nivel nacional, mientras <strong>que en Mendoza se registran al menos tres solicitudes<\/strong> -Omar de Miguel (UCR) Mar\u00eda Jos\u00e9 Sanz (UCR) y Hebe Casado (PRO)- que hasta la fecha no han prosperado.<\/p>\n\n\n\n<p>En Mendoza, como apunt\u00e1bamos al principio, el tema recobr\u00f3 vigencia tras el fallecimiento de <strong>Julieta Testa (25), hija del conocido entrenador de voley Luis Testa,<\/strong>&nbsp;el lunes 8 de julio \u00faltimo.&nbsp;Y termin\u00f3 de instalarse el domingo 14 de julio, cuando el futbolista de Godoy Cruz Luciano Pizarro atropell\u00f3 con su veh\u00edculo a dos motociclistas, una de los cuales muri\u00f3 mientras que el otro estaba grave al cierre de esta edici\u00f3n (17\/7, 21 hs.). Pizarro, seg\u00fan trascendi\u00f3, ten\u00eda 0,9 gramos de alcohol en sangre, casi el doble de lo permitido por la ley de Tr\u00e1nsito.<\/p>\n\n\n\n<p>Luego del fuerte reclamo de varios familiares de v\u00edctimas en el auditorio \u00c1ngel Bustelo ante el presidente Macri, de visita en esta provincia, el propio gobernador <strong>Alfredo Cornejo sali\u00f3 a enfrentar la situaci\u00f3n proponiendo, en lugar de modificar las leyes vigentes, m\u00e1s dureza contra los infractores.<\/strong><\/p>\n\n\n\n<p>\u201cHay que tener sanciones m\u00e1s r\u00e1pidas, veloces y altas sobre la gente que conduce alcoholizada -sostuvo el gobernador mendocino-, por lo cual estamos comprando m\u00e1s gr\u00faas para llevarnos los veh\u00edculos. De nada vale poner m\u00e1s dura la ley si las sanciones no se aplican o no hay controles. Ahora estamos mejor preparados\u201d, asegur\u00f3 Cornejo. A la par, fuentes del Ejecutivo agregaron que <strong>ya tienen 36 alcohol\u00edmetros homologados disponibles para controles en Mendoza, cuando hace 3 a\u00f1os hab\u00eda s\u00f3lo 10.<\/strong><\/p>\n\n\n\n<figure class=\"wp-block-image\"><img loading=\"lazy\" decoding=\"async\" width=\"1024\" height=\"561\" src=\"https:\/\/enolife.com.ar\/es\/wp-content\/uploads\/2019\/07\/Polic\u00eda-de-Mendoza-foto-tiempo-del-este-1024x561.jpg\" alt=\"\" class=\"wp-image-1759\" srcset=\"https:\/\/enolife.com.ar\/es\/wp-content\/uploads\/2019\/07\/Polic\u00eda-de-Mendoza-foto-tiempo-del-este-1024x561.jpg 1024w, https:\/\/enolife.com.ar\/es\/wp-content\/uploads\/2019\/07\/Polic\u00eda-de-Mendoza-foto-tiempo-del-este-300x164.jpg 300w, https:\/\/enolife.com.ar\/es\/wp-content\/uploads\/2019\/07\/Polic\u00eda-de-Mendoza-foto-tiempo-del-este-768x421.jpg 768w, https:\/\/enolife.com.ar\/es\/wp-content\/uploads\/2019\/07\/Polic\u00eda-de-Mendoza-foto-tiempo-del-este-1170x642.jpg 1170w, https:\/\/enolife.com.ar\/es\/wp-content\/uploads\/2019\/07\/Polic\u00eda-de-Mendoza-foto-tiempo-del-este-585x321.jpg 585w, https:\/\/enolife.com.ar\/es\/wp-content\/uploads\/2019\/07\/Polic\u00eda-de-Mendoza-foto-tiempo-del-este.jpg 2008w\" sizes=\"auto, (max-width: 1024px) 100vw, 1024px\" \/><figcaption><em>Control de alcoholemia en Mendoza un 20 de julio, d\u00eda del amigo.<\/em><br>Foto. Tiempo del Este<\/figcaption><\/figure>\n\n\n\n<p>En declaraciones a la prensa local, el gobernador indic\u00f3 tambi\u00e9n que el proyecto propone sanciones similares al C\u00f3digo de Faltas, como trabajo comunitario, multas econ\u00f3micas relacionadas con el valor del veh\u00edculo y hasta d\u00edas de arresto.&nbsp;<\/p>\n\n\n\n<p>Seg\u00fan explic\u00f3, con este cometido tienen planeado habilitar un establecimiento en El Borboll\u00f3n, Las Heras, para alojar a los conductores detenidos por esta causa. La idea es construir<strong> <\/strong>una minipenitenciar\u00eda que pueda albergar entre 50 y 60 personas, que deban cumplir arrestos de 1 a 30 d\u00edas.<\/p>\n\n\n\n<p>En tanto, sobre las sanciones monetarias, Cornejo asegur\u00f3 que han quedado desactualizadas por efecto de la inflaci\u00f3n, por lo que se estudia aplicar una multa en porcentaje al valor del veh\u00edculo que conduzca el infractor. Actualmente, seg\u00fan aclar\u00f3 por su parte Diego Costarelli, titular de la bancada radical en el Senado, <strong>la multa por conducir ebrio ronda hoy los 18.000 pesos.<\/strong> \u201cEstamos viendo si lo llevamos a un porcentaje del valor del veh\u00edculo, como ocurre en Espa\u00f1a\u201d, adelant\u00f3.<\/p>\n\n\n\n<p>No obstante, tambi\u00e9n analizan la posibilidad de retener el veh\u00edculo: \u201cHoy si el conductor est\u00e1 alcoholizado, si tiene un acompa\u00f1ante con carnet de conducir en condiciones de manejar puede irse en el auto\u201d, dijo Costarelli en declaraciones al diario <strong>Los Andes<\/strong>.<\/p>\n\n\n\n<p class=\"has-medium-font-size\"><strong>Rechazo de la industria vitivin\u00edcola<\/strong><\/p>\n\n\n\n<p>Por su parte, desde que el conflicto est\u00e1 instalado hace varios a\u00f1os, distintos representantes de la industria vitivin\u00edcola han manifestado su oposici\u00f3n a cambiar la ley vigente en Mendoza, mostr\u00e1ndose partidarios, en sinton\u00eda con el gobernador, de endurecer las sanciones econ\u00f3micas y penales.<\/p>\n\n\n\n<p>Uno de los argumentos que esgrimen los empresarios vitivin\u00edcolas es que, en general, los accidentes de tr\u00e1nsito provocados por alcohol se producen, en la mayor\u00eda de los casos, entre los conductores j\u00f3venes a la salida de los locales bailables, donde el vino pr\u00e1cticamente no tiene intervenci\u00f3n.<\/p>\n\n\n\n<p>Y se reitera, una y otra vez, que el vino \u201cno tiene que ver con el problema\u201d.<\/p>\n\n\n\n<p>Tambi\u00e9n el empresario Fernando Barbera, presidente de la Asociaci\u00f3n Empresaria Hotelera, Gastron\u00f3mica y Afines de Mendoza, advert\u00eda en 2014: \u201cEn C\u00f3rdoba se habla de una ca\u00edda del 20% en el consumo de vinos en restaurantes y <strong>en Mendoza podr\u00eda descender el consumo de vino en restaurantes si se aplica la tolerancia cero\u201d.<\/strong><\/p>\n\n\n\n<div style=\"height:35px\" aria-hidden=\"true\" class=\"wp-block-spacer\"><\/div>\n\n\n\n<p class=\"has-text-color has-background has-medium-font-size has-very-light-gray-color has-very-dark-gray-background-color\"><strong>\u00bfCu\u00e1nto vino se puede beber y cu\u00e1nto dura el alcohol en sangre?<\/strong><\/p>\n\n\n\n<p style=\"background-color:#706767\" class=\"has-text-color has-background has-very-light-gray-color\">Hugo Grecco, especialista en seguridad vial, afirma que \u201cla graduaci\u00f3n alcoh\u00f3lica va por la masa muscular, el peso de cada uno, y por el sexo\u201d. Tambi\u00e9n habla de la diferencia que existe entre un hombre y una mujer a la hora de tomar: \u201cSi una mujer pesa 55 kilos, el hombre pesa 80 y los dos toman 750 ml de vino, el hombre va a tener un gramo de alcohol en sangre, mientras que la mujer va a tener casi dos gramos\u201d.<br><br>Y prosigue: \u201cEl alcohol no se elimina en un ratito y son mentiras qu\u00e9 ingiriendo ciertos productos como el chocolate, el caf\u00e9 y tantas cosas que se escuchan, eliminamos el olor.\u00a0 El alcohol lo metaboliza el h\u00edgado y tarda lo que tiene que tardar. No hay nada que aumente la rapidez\u201d.<br><br>Uno de los puntos a tener en cuenta es cu\u00e1nto tarda el cuerpo en eliminar el alcohol que se tom\u00f3. Al respecto, Greco es muy claro y preciso: \u00a0\u201cLa mujer tarde entre 12 y 14 hs en eliminar todo, mientras que el hombre entre 8 y 9 hs. Ac\u00e1 es donde tenemos que prestar mucha atenci\u00f3n para no confundirnos. Si una persona va a cenar y consume m\u00e1s alcohol de lo permitido y tiene que viajar a las 5 o 6 de la ma\u00f1ana, por ejemplo, no va a bajar la graduaci\u00f3n. Ah\u00ed viene el riesgo porque los sentidos no est\u00e1n al nivel que corresponde.\u201d<br><br>\u201cUn vaso de vino da 0,30 o 0,35 ml y lo permitido en la Argentina es hasta 0,50 ml. Con esa poca cantidad uno no dice que la persona est\u00e1 borracha. El tema pasa por la p\u00e9rdida de reflejos, de sentidos, por la p\u00e9rdida de la vista lateral y por el retraso de la reacci\u00f3n. Todas estas cuestiones son muy peligrosas cuando uno est\u00e1 frente a un volante. En estos casos si la persona que tiene un accidente se le hace el an\u00e1lisis para saber si tomo alcohol y el mismo da positivo va a tener problemas\u201d.<br><br>Por \u00faltimo, Hugo Greco hace referencia a lo que tarda en hacer efecto lo que se consume:\u00a0 \u201cDesde que uno toma el primer vaso de vino, en media hora ese alcohol ya est\u00e1 recorriendo el cuerpo. Para finalizar, lo que tiene que saber el p\u00fablico es que lo que mide el alcohol\u00edmetro no es el alcohol en sangre sino el alcohol espirado\u201d.<br><br>Fuente: Carburando <\/p>\n\n\n\n<div class=\"wp-block-image\"><figure class=\"aligncenter is-resized\"><img loading=\"lazy\" decoding=\"async\" src=\"https:\/\/enolife.com.ar\/es\/wp-content\/uploads\/2019\/07\/tabla-de-vino-tolerado-1024x421.png\" alt=\"\" class=\"wp-image-1765\" width=\"492\" height=\"202\" srcset=\"https:\/\/enolife.com.ar\/es\/wp-content\/uploads\/2019\/07\/tabla-de-vino-tolerado-1024x421.png 1024w, https:\/\/enolife.com.ar\/es\/wp-content\/uploads\/2019\/07\/tabla-de-vino-tolerado-300x123.png 300w, https:\/\/enolife.com.ar\/es\/wp-content\/uploads\/2019\/07\/tabla-de-vino-tolerado-768x316.png 768w, https:\/\/enolife.com.ar\/es\/wp-content\/uploads\/2019\/07\/tabla-de-vino-tolerado-1170x481.png 1170w, https:\/\/enolife.com.ar\/es\/wp-content\/uploads\/2019\/07\/tabla-de-vino-tolerado-585x240.png 585w, https:\/\/enolife.com.ar\/es\/wp-content\/uploads\/2019\/07\/tabla-de-vino-tolerado.png 1414w\" sizes=\"auto, (max-width: 492px) 100vw, 492px\" \/><\/figure><\/div>\n\n\n\n<hr class=\"wp-block-separator\"\/>\n\n\n\n<p class=\"has-medium-font-size\"><strong>Familiares de v\u00edctimas, firmes en su postura<\/strong><\/p>\n\n\n\n<p>Hace unos a\u00f1os, cuando el mismo debate se recalentaba tras varias tragedias con ebrios al volante, el entonces gerente de Bodegas de Argentina, el mendocino Juan Carlos Pina, apuntaba que se hab\u00edan realizado estudios estad\u00edsticos en C\u00f3rdoba -donde desde junio de 2014 rige tolerancia cero- que conclu\u00edan que \u00abel consumo de botella abierta (restaurantes y degustaciones) cay\u00f3 un 20 por ciento en los \u00faltimos meses\u201d.<\/p>\n\n\n\n<p>En contraposici\u00f3n, <strong>Andr\u00e9s Vilouta, pap\u00e1 de Alan (joven que falleci\u00f3 cuando cruzaba el Acceso Sur tras ser atropellado por Alejandro Verdenelli,<\/strong> conductor ebrio), sostuvo que tanto \u00e9l como los integrantes de la Asociaci\u00f3n Estrellas Amarillas est\u00e1n convencidos de que la medida a aplicarse debe incluir el alcohol cero al volante.&nbsp;<strong>\u00ab<\/strong>Tenemos que concientizar a la poblaci\u00f3n que <strong>manejar un auto es como si tuvi\u00e9ramos un arma y que puede ser disparada\u201d<\/strong>, dijo.&nbsp;<\/p>\n\n\n\n<p>Sobre las sanciones, Vilouta enfatiz\u00f3: \u201cNo importa el dinero, porque el que tiene plata puede hacer lo que quiera, parece que tenemos un signo pesos en la cabeza. Yo quisiera explicarles lo que es perder a un hijo en manos de una persona alcoholizada. Tenemos que tomar medidas\u201d, destac\u00f3, y agreg\u00f3 que el 26 de agosto (segundo aniversario del fallecimiento de Alan) presentar\u00e1n un nuevo proyecto de tolerancia cero, tras un acto en la zona donde fue el accidente de su hijo.<\/p>\n\n\n\n<p> <\/p>\n","protected":false},"excerpt":{"rendered":"<p>En los \u00faltimos d\u00edas, la muerte de una joven voleibolista, presuntamente causada por la ingesta&hellip;<\/p>\n","protected":false},"author":5,"featured_media":1752,"comment_status":"open","ping_status":"open","sticky":false,"template":"","format":"standard","meta":{"footnotes":""},"categories":[14],"tags":[],"class_list":["post-1748","post","type-post","status-publish","format-standard","has-post-thumbnail","hentry","category-news"],"_links":{"self":[{"href":"https:\/\/enolife.com.ar\/es\/wp-json\/wp\/v2\/posts\/1748","targetHints":{"allow":["GET"]}}],"collection":[{"href":"https:\/\/enolife.com.ar\/es\/wp-json\/wp\/v2\/posts"}],"about":[{"href":"https:\/\/enolife.com.ar\/es\/wp-json\/wp\/v2\/types\/post"}],"author":[{"embeddable":true,"href":"https:\/\/enolife.com.ar\/es\/wp-json\/wp\/v2\/users\/5"}],"replies":[{"embeddable":true,"href":"https:\/\/enolife.com.ar\/es\/wp-json\/wp\/v2\/comments?post=1748"}],"version-history":[{"count":0,"href":"https:\/\/enolife.com.ar\/es\/wp-json\/wp\/v2\/posts\/1748\/revisions"}],"wp:featuredmedia":[{"embeddable":true,"href":"https:\/\/enolife.com.ar\/es\/wp-json\/wp\/v2\/media\/1752"}],"wp:attachment":[{"href":"https:\/\/enolife.com.ar\/es\/wp-json\/wp\/v2\/media?parent=1748"}],"wp:term":[{"taxonomy":"category","embeddable":true,"href":"https:\/\/enolife.com.ar\/es\/wp-json\/wp\/v2\/categories?post=1748"},{"taxonomy":"post_tag","embeddable":true,"href":"https:\/\/enolife.com.ar\/es\/wp-json\/wp\/v2\/tags?post=1748"}],"curies":[{"name":"wp","href":"https:\/\/api.w.org\/{rel}","templated":true}]}}