{"id":174754,"date":"2026-03-13T00:47:14","date_gmt":"2026-03-13T00:47:14","guid":{"rendered":"https:\/\/enolife.com.ar\/es\/?p=174754"},"modified":"2026-03-14T15:21:10","modified_gmt":"2026-03-14T15:21:10","slug":"vinos-de-autor-musica-de-soul-y-degustacion-de-gin-el-sabado-14-3-en-el-espacio-cultural-el-patio","status":"publish","type":"post","link":"https:\/\/enolife.com.ar\/es\/vinos-de-autor-musica-de-soul-y-degustacion-de-gin-el-sabado-14-3-en-el-espacio-cultural-el-patio\/","title":{"rendered":"Vinos de autor, m\u00fasica de soul y degustaci\u00f3n de gin, el s\u00e1bado 14\/3 en el espacio cultural El Patio"},"content":{"rendered":"\n<h4 class=\"wp-block-heading\"><em><strong>En estos meses de Vendimia en Mendoza, los vecinos de la ciudad y turistas disponen de una amplia oferta de espect\u00e1culos protagonizados por talentosos int\u00e9rpretes locales, siempre en sociedad con el vino, compa\u00f1ero amigable si los hay. Es el caso del recital del grupo Alma de Soul, liderado por la cantautora Eugenia Ferrer, que se presentar\u00e1 el s\u00e1bado 14\/3 desde las 21.30 hs en el espacio cultural El Patio, en Alpatacal y Juan B. Justo de la capital provincial. Habr\u00e1 degustaci\u00f3n de vinos y gins de autor incluidos en la entrada.<\/strong><\/em><\/h4>\n\n\n\n<div style=\"height:35px\" aria-hidden=\"true\" class=\"wp-block-spacer\"><\/div>\n\n\n\n\n\n<div style=\"height:44px\" aria-hidden=\"true\" class=\"wp-block-spacer\"><\/div>\n\n\n\n<p>Este s\u00e1bado a las 21.30 hs, el renovado <strong>Espacio Cultural El Patio <\/strong>-ubicado en una de las calles con m\u00e1s onda gastron\u00f3mica y cultural de Mendoza, la <strong>Juan B. Justo, en su esquina con Alpatacal,<\/strong> de la capital provincial- se presenta una banda local integrada por reconocidos m\u00fasicos e int\u00e9rpretes, <strong>Alma de Soul. <\/strong><\/p>\n\n\n\n<p>El grupo, conformado en 2014 y liderado por la cantautora <strong>Eugenia Ferrer,<\/strong> tocar\u00e1 una serie de canciones de autor, propias y de reconocidos compositores de soul, jazz, folclore, la nueva canci\u00f3n francesa y cl\u00e1sicos italianos. <\/p>\n\n\n\n<div style=\"height:19px\" aria-hidden=\"true\" class=\"wp-block-spacer\"><\/div>\n\n\n\n<p class=\"has-medium-font-size\"><strong>El combo Alma de Soul<\/strong><\/p>\n\n\n\n<ul class=\"wp-block-list\">\n<li><strong>Quique Nomberto<\/strong> en piano<\/li>\n\n\n\n<li><strong>Charly N\u00fa\u00f1ez<\/strong> en guitarra<\/li>\n\n\n\n<li><strong>Adolfo Gebhard<\/strong> en bajo<\/li>\n\n\n\n<li><strong>Freddy Nogueira<\/strong> en bater\u00eda y percusi\u00f3n<\/li>\n\n\n\n<li><strong>Eugenia Ferrer<\/strong> en voz, cuerdas y ritmos<\/li>\n<\/ul>\n\n\n\n<div style=\"height:16px\" aria-hidden=\"true\" class=\"wp-block-spacer\"><\/div>\n\n\n\n<p class=\"has-medium-font-size\"><strong>El Patio, un espacio de amigos<\/strong><\/p>\n\n\n\n<p>El <strong>Espacio Cultural El Patio<\/strong>, con menos de un a\u00f1o en la escena mendocina, propone reuniones amigables matizadas con la <strong>m\u00fasica<\/strong> y el <em>vino<\/em>. Su propietario, <strong>Marcelo Mathus,<\/strong> recibe personalmente al p\u00fablico y los integra en torno a eventos musicales y culturales que permiten pasar veladas estimulantes. <\/p>\n\n\n\n<div style=\"height:28px\" aria-hidden=\"true\" class=\"wp-block-spacer\"><\/div>\n\n\n<div class=\"wp-block-image\">\n<figure class=\"aligncenter size-full is-resized\"><a href=\"https:\/\/enolife.com.ar\/es\/wp-content\/uploads\/2026\/03\/Almade-Soul.jpeg\" data-rel=\"penci-gallery-image-content\" ><img loading=\"lazy\" decoding=\"async\" width=\"536\" height=\"768\" src=\"https:\/\/enolife.com.ar\/es\/wp-content\/uploads\/2026\/03\/Almade-Soul.jpeg\" alt=\"\" class=\"wp-image-174764\" style=\"width:462px;height:auto\" srcset=\"https:\/\/enolife.com.ar\/es\/wp-content\/uploads\/2026\/03\/Almade-Soul.jpeg 536w, https:\/\/enolife.com.ar\/es\/wp-content\/uploads\/2026\/03\/Almade-Soul-209x300.jpeg 209w\" sizes=\"auto, (max-width: 536px) 100vw, 536px\" \/><\/a><\/figure><\/div>\n\n\n<div style=\"height:30px\" aria-hidden=\"true\" class=\"wp-block-spacer\"><\/div>\n\n\n\n<p>Por su escenario han pasado reconocidos artistas de la provincia, como el actor <strong>Adri\u00e1n Sorrentino<\/strong>, el eximio guitarrista y compositor <strong>Daniel Talquenca<\/strong>, el saxofonista <strong>Javier Casetti<\/strong>, el poeta <strong>Pedro Zalazar<\/strong>, el quenista y violinista <strong>Sebasti\u00e1n Alcaraz<\/strong>, el cantautor tanguero y mel\u00f3dico<strong> Ricardo Riquero<\/strong><em>, <\/em>el multifac\u00e9tico cantante y actor<strong> Andr\u00e9s Iacopini, <\/strong>el coro<strong><em> <\/em>A fondo blanco <\/strong>y muchos otros talentos. <\/p>\n\n\n\n<p><\/p>\n\n\n\n<p>Este s\u00e1bado, la grilla se agranda y prestigia con la presencia de la banda <strong>Alma de Soul,<\/strong> de activa presencia en los escenarios locales desde hace 12 a\u00f1os, con una reciente actuaci\u00f3n consagratoria en la <strong>Festa in Piazza.<\/strong><\/p>\n\n\n\n<div style=\"height:24px\" aria-hidden=\"true\" class=\"wp-block-spacer\"><\/div>\n\n\n<div class=\"wp-block-image\">\n<figure class=\"aligncenter size-large is-resized\"><a href=\"https:\/\/enolife.com.ar\/es\/wp-content\/uploads\/2026\/03\/Marcelo-Mathus.jpeg\" data-rel=\"penci-gallery-image-content\" ><img loading=\"lazy\" decoding=\"async\" width=\"1024\" height=\"768\" src=\"https:\/\/enolife.com.ar\/es\/wp-content\/uploads\/2026\/03\/Marcelo-Mathus-1024x768.jpeg\" alt=\"\" class=\"wp-image-174765\" style=\"width:600px;height:auto\" srcset=\"https:\/\/enolife.com.ar\/es\/wp-content\/uploads\/2026\/03\/Marcelo-Mathus-1024x768.jpeg 1024w, https:\/\/enolife.com.ar\/es\/wp-content\/uploads\/2026\/03\/Marcelo-Mathus-300x225.jpeg 300w, https:\/\/enolife.com.ar\/es\/wp-content\/uploads\/2026\/03\/Marcelo-Mathus-768x576.jpeg 768w, https:\/\/enolife.com.ar\/es\/wp-content\/uploads\/2026\/03\/Marcelo-Mathus-1536x1152.jpeg 1536w, https:\/\/enolife.com.ar\/es\/wp-content\/uploads\/2026\/03\/Marcelo-Mathus-1170x878.jpeg 1170w, https:\/\/enolife.com.ar\/es\/wp-content\/uploads\/2026\/03\/Marcelo-Mathus-585x439.jpeg 585w, https:\/\/enolife.com.ar\/es\/wp-content\/uploads\/2026\/03\/Marcelo-Mathus.jpeg 1600w\" sizes=\"auto, (max-width: 1024px) 100vw, 1024px\" \/><\/a><figcaption class=\"wp-element-caption\"><em><strong>Marcelo Mathus, el anfitri\u00f3n; el multifac\u00e9tico cantante Andr\u00e9s Iacopini y el poeta Pedro Zalazar, en una de las recientes reuniones del espacio cultural El Patio.<\/strong><\/em><\/figcaption><\/figure><\/div>\n\n\n<div style=\"height:28px\" aria-hidden=\"true\" class=\"wp-block-spacer\"><\/div>\n\n\n\n<p class=\"has-cyan-bluish-gray-background-color has-background\"><strong>Entrada popular y con yapa<\/strong><br><br>El espect\u00e1culo, que arrancar\u00e1 a partir de las 21.30, incluye la degustaci\u00f3n de los vinos de la casa, elaborados por la<em> <\/em><strong>bodega Adrover<\/strong> especialmente para el local, una picadita y una degustaci\u00f3n del gin <em>made in Mendoza <\/em><strong>White Fox<\/strong>, del emprendedor y maestro destilador<strong> V\u00edctor Rold\u00e1n<\/strong>.<br><br>Todo, con el costo de la entrada de <strong>$10.000<\/strong>, la que se puede adquirir llamando al <strong>+54 9 261 6605662,<\/strong> reservando el lugar (el espacio es limitado) y pagando con transferencia o en el mismo local de calle <strong>Juan B. Justo.<\/strong><\/p>\n\n\n\n<div style=\"height:33px\" aria-hidden=\"true\" class=\"wp-block-spacer\"><\/div>\n","protected":false},"excerpt":{"rendered":"<p>En estos meses de Vendimia en Mendoza, los vecinos de la ciudad y turistas disponen&hellip;<\/p>\n","protected":false},"author":2,"featured_media":174755,"comment_status":"closed","ping_status":"open","sticky":false,"template":"","format":"standard","meta":{"footnotes":""},"categories":[47],"tags":[],"class_list":["post-174754","post","type-post","status-publish","format-standard","has-post-thumbnail","hentry","category-agenda"],"_links":{"self":[{"href":"https:\/\/enolife.com.ar\/es\/wp-json\/wp\/v2\/posts\/174754","targetHints":{"allow":["GET"]}}],"collection":[{"href":"https:\/\/enolife.com.ar\/es\/wp-json\/wp\/v2\/posts"}],"about":[{"href":"https:\/\/enolife.com.ar\/es\/wp-json\/wp\/v2\/types\/post"}],"author":[{"embeddable":true,"href":"https:\/\/enolife.com.ar\/es\/wp-json\/wp\/v2\/users\/2"}],"replies":[{"embeddable":true,"href":"https:\/\/enolife.com.ar\/es\/wp-json\/wp\/v2\/comments?post=174754"}],"version-history":[{"count":12,"href":"https:\/\/enolife.com.ar\/es\/wp-json\/wp\/v2\/posts\/174754\/revisions"}],"predecessor-version":[{"id":174769,"href":"https:\/\/enolife.com.ar\/es\/wp-json\/wp\/v2\/posts\/174754\/revisions\/174769"}],"wp:featuredmedia":[{"embeddable":true,"href":"https:\/\/enolife.com.ar\/es\/wp-json\/wp\/v2\/media\/174755"}],"wp:attachment":[{"href":"https:\/\/enolife.com.ar\/es\/wp-json\/wp\/v2\/media?parent=174754"}],"wp:term":[{"taxonomy":"category","embeddable":true,"href":"https:\/\/enolife.com.ar\/es\/wp-json\/wp\/v2\/categories?post=174754"},{"taxonomy":"post_tag","embeddable":true,"href":"https:\/\/enolife.com.ar\/es\/wp-json\/wp\/v2\/tags?post=174754"}],"curies":[{"name":"wp","href":"https:\/\/api.w.org\/{rel}","templated":true}]}}