{"id":174725,"date":"2026-03-12T14:19:22","date_gmt":"2026-03-12T14:19:22","guid":{"rendered":"https:\/\/enolife.com.ar\/es\/?p=174725"},"modified":"2026-03-13T00:47:03","modified_gmt":"2026-03-13T00:47:03","slug":"el-experto-en-liderazgo-jonatan-loidi-abrira-el-ciclo-de-charlas-por-los-caminos-del-vino-el-27-3","status":"publish","type":"post","link":"https:\/\/enolife.com.ar\/es\/el-experto-en-liderazgo-jonatan-loidi-abrira-el-ciclo-de-charlas-por-los-caminos-del-vino-el-27-3\/","title":{"rendered":"El experto en liderazgo Jonatan Loidi abrir\u00e1 el ciclo de charlas por los Caminos del Vino el 27\/3"},"content":{"rendered":"\n<h4 class=\"wp-block-heading\"><em><strong>El reconocido conferencista y especialista en liderazgo y empresas inaugurar\u00e1 el ciclo 2026 de Autores por los Caminos del Vino, que conecta literatura, pensamiento y vino en los escenarios de bodegas mendocinas. La cita es para el 27 de marzo de 2026 en la Bodega Lamadrid Estate Wines de Luj\u00e1n de Cuyo, Mendoza, en una experiencia que posibilita combinar charlas, networking, gastronom\u00eda y enoturismo.<\/strong><\/em><\/h4>\n\n\n\n<div style=\"height:39px\" aria-hidden=\"true\" class=\"wp-block-spacer\"><\/div>\n\n\n\n\n\n<div style=\"height:48px\" aria-hidden=\"true\" class=\"wp-block-spacer\"><\/div>\n\n\n\n<p>El ciclo cultural <strong>Autores por los Caminos del Vino<\/strong> de <strong>Mendoza, Argentina,<\/strong> iniciar\u00e1 su agenda 2026 con la presentaci\u00f3n de <strong>Jonatan Loidi<\/strong> -nacido en Trenque Lauquen y establecido desde chico en <strong>La Plata, ambas ciudades de la provincia de Buenos Aires<\/strong>-, uno de los conferencistas m\u00e1s influyentes de <strong>Am\u00e9rica Latina <\/strong>en temas de <strong>liderazgo, innovaci\u00f3n y cultura empresarial.<\/strong><\/p>\n\n\n\n<p>Luego del <strong>\u00e9xito de p\u00fablico en su edici\u00f3n 2025<\/strong>, el ciclo que convoc\u00f3 a destacados autores de distintos \u00e1mbitos de la literatura, la filosof\u00eda y el empresariado en bodegas de Mendoza, regresa con una nueva serie de encuentros que volver\u00e1n a fusionar letras, actualidad, pensamiento y cultura del vino.<\/p>\n\n\n\n<p>La apertura del ciclo se realizar\u00e1 el <strong>viernes 27 de marzo<\/strong> en <strong>Bodega Lamadrid Estate Wines<\/strong>, de Luj\u00e1n de Cuyo, Mendoza. El encuentro estar\u00e1 orientado a empresarios, emprendedores, referentes tecnol\u00f3gicos e inversores, generando un espacio de <em>networking<\/em> estrat\u00e9gico en un entorno que integra la cultura del vino con el pensamiento contempor\u00e1neo.<\/p>\n\n\n\n<div style=\"height:33px\" aria-hidden=\"true\" class=\"wp-block-spacer\"><\/div>\n\n\n<div class=\"wp-block-image\">\n<figure class=\"aligncenter is-resized\"><a href=\"https:\/\/eldescorchediario.com\/wp-content\/uploads\/2025\/06\/bodega-lamadrid.jpg\" data-rel=\"penci-gallery-image-content\" ><img decoding=\"async\" src=\"https:\/\/eldescorchediario.com\/wp-content\/uploads\/2025\/06\/bodega-lamadrid.jpg\" alt=\"\" class=\"wp-image-29895\" style=\"width:676px;height:auto\"\/><\/a><figcaption class=\"wp-element-caption\"><em><strong>La bodega de Luj\u00e1n de Cuyo, anfitriona de la primera charla del ciclo Autores por los Caminos del Vino, a cargo del experto en liderazgo Jonatan Loidi.<\/strong><\/em><\/figcaption><\/figure><\/div>\n\n\n<div style=\"height:37px\" aria-hidden=\"true\" class=\"wp-block-spacer\"><\/div>\n\n\n\n<p><strong>Autores por los Caminos del Vino <\/strong>es un ciclo cultural que propone encuentros con autores, periodistas y referentes de distintos \u00e1mbitos en bodegas y escenarios emblem\u00e1ticos de la vitivinicultura argentina. La iniciativa busca crear un espacio de conexi\u00f3n entre <strong>literatura, actualidad, pensamiento y enoturismo<\/strong>, integrando presentaciones de libros, conversaciones con autores, degustaciones de vinos y propuestas gastron\u00f3micas.<\/p>\n\n\n\n<p>El ciclo est\u00e1 organizado por el productor cultural <strong>Gustavo Flores Baz\u00e1n <\/strong>y la gestora cultural <strong>Jimena <\/strong><strong>Silvestri<\/strong>, con la moderaci\u00f3n del periodista <strong>Andr\u00e9s Gabrielli<\/strong>, en un formato cercano que invita al di\u00e1logo entre los protagonistas y el p\u00fablico.<\/p>\n\n\n\n<div style=\"height:36px\" aria-hidden=\"true\" class=\"wp-block-spacer\"><\/div>\n\n\n<div class=\"wp-block-image\">\n<figure class=\"aligncenter is-resized\"><a href=\"https:\/\/eldescorchediario.com\/wp-content\/uploads\/2025\/11\/Claudio-Zuchovicki-Autores-por-los-Caminos-del-Vino-5.jpeg\" data-rel=\"penci-gallery-image-content\" ><img decoding=\"async\" src=\"https:\/\/eldescorchediario.com\/wp-content\/uploads\/2025\/11\/Claudio-Zuchovicki-Autores-por-los-Caminos-del-Vino-5.jpeg\" alt=\"\" class=\"wp-image-31431\" style=\"width:684px;height:auto\"\/><\/a><figcaption class=\"wp-element-caption\"><em><strong>Una de las presentaciones en bodegas del ciclo Autores por los Caminos del Vino en 2025.<\/strong><\/em><\/figcaption><\/figure><\/div>\n\n\n<div style=\"height:35px\" aria-hidden=\"true\" class=\"wp-block-spacer\"><\/div>\n\n\n\n<p>Tras la presentaci\u00f3n de Loidi, el ciclo Autores por los Caminos del Vino continuar\u00e1 durante 2026 con la participaci\u00f3n de reconocidos autores, periodistas y pensadores. Durante el <strong>primer semestre <\/strong>est\u00e1n previstas las presentaciones de <strong>Marcelo Birmajer<\/strong>, <strong>Alaleh Nejafian<\/strong> y <strong>Felipe Pigna<\/strong>. En tanto, para el segundo semestre se proyecta la participaci\u00f3n de <strong>Luis Novaresio<\/strong>, <strong>Claudio Zuchovicki<\/strong>, <strong>Florencia Sichel<\/strong> y <strong>Ezequiel Hara Duck<\/strong>, en distintos espacios de los Caminos del Vino de Mendoza. <\/p>\n\n\n\n<p>La propuesta cuenta con el acompa\u00f1amiento institucional de <strong>Bodegas de Argentina<\/strong>, a trav\u00e9s de su programa <strong>Caminos del Vino<\/strong>, y el respaldo acad\u00e9mico de la <strong>Universidad Juan Agust\u00edn Maza<\/strong>. Tambi\u00e9n acompa\u00f1an la <strong>Municipalidad de Luj\u00e1n de Cuyo<\/strong>, <strong>Grupo Huentala<\/strong>, <strong>Ant\u00fc Espacio de Lectura<\/strong> y <strong>Kyros Aj\u00edes<\/strong>, mientras que <strong>El Descorche Diario<\/strong> y <strong>Radio Nihuil<\/strong> participan como media partners.<\/p>\n\n\n\n<div style=\"height:37px\" aria-hidden=\"true\" class=\"wp-block-spacer\"><\/div>\n\n\n\n<p class=\"has-medium-font-size\"><strong>En alianza con Vendimia Tech<\/strong><\/p>\n\n\n\n<p>La charla de Loidi se desarrollar\u00e1 en el marco de <strong>Vendimia Tech<\/strong>, encuentro que reunir\u00e1 entre el <strong>26 y el 29 de marzo<\/strong> a referentes del ecosistema tecnol\u00f3gico, emprendedores, inversores y l\u00edderes de la econom\u00eda del conocimiento. En este contexto, la participaci\u00f3n del experto aportar\u00e1 una mirada sobre liderazgo, innovaci\u00f3n y cultura empresarial, en un espacio que busca vincular el mundo de los negocios, la tecnolog\u00eda y la vitivinicultura.<\/p>\n\n\n\n<div style=\"height:31px\" aria-hidden=\"true\" class=\"wp-block-spacer\"><\/div>\n\n\n<div class=\"wp-block-image\">\n<figure class=\"aligncenter is-resized\"><a href=\"https:\/\/eldescorchediario.com\/wp-content\/uploads\/2026\/03\/Loidi.jpg\" data-rel=\"penci-gallery-image-content\" ><img decoding=\"async\" src=\"https:\/\/eldescorchediario.com\/wp-content\/uploads\/2026\/03\/Loidi.jpg\" alt=\"\" class=\"wp-image-32211\" style=\"width:710px;height:auto\"\/><\/a><figcaption class=\"wp-element-caption\"><em><strong>Jonatan Loidi naci\u00f3 en Trenque Lauquen, Buenos Aires, el 21 de mayo de 1979<\/strong><\/em><strong><em>.<\/em><\/strong><\/figcaption><\/figure><\/div>\n\n\n<div style=\"height:34px\" aria-hidden=\"true\" class=\"wp-block-spacer\"><\/div>\n\n\n\n<p>Durante la jornada, los asistentes podr\u00e1n disfrutar adem\u00e1s de una <strong>experiencia gastron\u00f3mica recomendada por la Gu\u00eda Michelin<\/strong>, acompa\u00f1ada por una degustaci\u00f3n de vinos premiados en 2025. Las entradas se encuentran disponibles a trav\u00e9s de la plataforma <strong>EntradaWeb<\/strong>.<\/p>\n\n\n\n<div style=\"height:27px\" aria-hidden=\"true\" class=\"wp-block-spacer\"><\/div>\n\n\n\n<p class=\"has-medium-font-size\"><strong>Sobre Jonatan Loidi<\/strong><\/p>\n\n\n\n<p>CEO de GrupoSet, con oficinas en 7 pa\u00edses, <strong>Jonatan Loidi<\/strong> ha brindado m\u00e1s de <strong>1.000 conferencias en 20 pa\u00edses<\/strong> y es autor de <strong>9 libros<\/strong>, 3 de ellos best sellers. Ha sido orador en <strong>cuatro conferencias TEDx<\/strong> y cuenta con formaci\u00f3n acad\u00e9mica en instituciones como Harvard, MIT y programas de innovaci\u00f3n en Jap\u00f3n.<\/p>\n\n\n\n<p>Su trayectoria incluye adem\u00e1s la direcci\u00f3n del programa de <strong>calidad de servicio en Disney Orlando<\/strong>, donde fue nombrado <strong>Embajador de la Cultura Disney<\/strong> por <strong>Doug Lipp<\/strong>. Entre sus iniciativas se destacan la creaci\u00f3n de la primera experiencia de innovaci\u00f3n para empresarios latinos en la NASA y el programa ExperienciaSet Jap\u00f3n, desarrollado junto a Toyota.<\/p>\n\n\n\n<p>Tambi\u00e9n es columnista en medios como <strong>Forbes<\/strong>, <strong>CNN<\/strong> y <strong>Infobae<\/strong>, adem\u00e1s de conducir el podcast <strong>ADN Empresario<\/strong>, ubicado entre los m\u00e1s escuchados del mundo empresarial en Spotify.<\/p>\n\n\n\n<div style=\"height:47px\" aria-hidden=\"true\" class=\"wp-block-spacer\"><\/div>\n","protected":false},"excerpt":{"rendered":"<p>El reconocido conferencista y especialista en liderazgo y empresas inaugurar\u00e1 el ciclo 2026 de Autores&hellip;<\/p>\n","protected":false},"author":2,"featured_media":174727,"comment_status":"closed","ping_status":"open","sticky":false,"template":"","format":"standard","meta":{"footnotes":""},"categories":[47],"tags":[],"class_list":["post-174725","post","type-post","status-publish","format-standard","has-post-thumbnail","hentry","category-agenda"],"_links":{"self":[{"href":"https:\/\/enolife.com.ar\/es\/wp-json\/wp\/v2\/posts\/174725","targetHints":{"allow":["GET"]}}],"collection":[{"href":"https:\/\/enolife.com.ar\/es\/wp-json\/wp\/v2\/posts"}],"about":[{"href":"https:\/\/enolife.com.ar\/es\/wp-json\/wp\/v2\/types\/post"}],"author":[{"embeddable":true,"href":"https:\/\/enolife.com.ar\/es\/wp-json\/wp\/v2\/users\/2"}],"replies":[{"embeddable":true,"href":"https:\/\/enolife.com.ar\/es\/wp-json\/wp\/v2\/comments?post=174725"}],"version-history":[{"count":9,"href":"https:\/\/enolife.com.ar\/es\/wp-json\/wp\/v2\/posts\/174725\/revisions"}],"predecessor-version":[{"id":174735,"href":"https:\/\/enolife.com.ar\/es\/wp-json\/wp\/v2\/posts\/174725\/revisions\/174735"}],"wp:featuredmedia":[{"embeddable":true,"href":"https:\/\/enolife.com.ar\/es\/wp-json\/wp\/v2\/media\/174727"}],"wp:attachment":[{"href":"https:\/\/enolife.com.ar\/es\/wp-json\/wp\/v2\/media?parent=174725"}],"wp:term":[{"taxonomy":"category","embeddable":true,"href":"https:\/\/enolife.com.ar\/es\/wp-json\/wp\/v2\/categories?post=174725"},{"taxonomy":"post_tag","embeddable":true,"href":"https:\/\/enolife.com.ar\/es\/wp-json\/wp\/v2\/tags?post=174725"}],"curies":[{"name":"wp","href":"https:\/\/api.w.org\/{rel}","templated":true}]}}