{"id":174709,"date":"2026-03-12T13:09:55","date_gmt":"2026-03-12T13:09:55","guid":{"rendered":"https:\/\/enolife.com.ar\/es\/?p=174709"},"modified":"2026-03-13T01:41:13","modified_gmt":"2026-03-13T01:41:13","slug":"la-lluvia-le-gano-por-cansancio-a-la-vendimia-cancelaron-la-repeticion-del-acto-central-el-15-3","status":"publish","type":"post","link":"https:\/\/enolife.com.ar\/es\/la-lluvia-le-gano-por-cansancio-a-la-vendimia-cancelaron-la-repeticion-del-acto-central-el-15-3\/","title":{"rendered":"La lluvia le gan\u00f3 por cansancio a la Vendimia: cancelaron la repetici\u00f3n del Acto Central el 15\/3"},"content":{"rendered":"\n<h4 class=\"wp-block-heading\"><em><strong>Tras varias suspensiones por tormentas el\u00e9ctricas y fuertes lluvias, finalmente el Gobierno de Mendoza anunci\u00f3 la cancelaci\u00f3n definitiva del espect\u00e1culo art\u00edstico que reproducir\u00eda el Acto central del pasado s\u00e1bado 7\/3. As\u00ed, informaron que \u00abfinaliza el operativo Vendimia 2026\u00bb. No obstante, el pr\u00f3ximo domingo 15\/3 actuar\u00e1n en el Anfiteatro Frank Romero Day los int\u00e9rpretes Abel Pintos, \u00c1ngela Leiva, Maggie Cullen y Campedrinos, y el p\u00fablico que compr\u00f3 antes su entrada para la Repetici\u00f3n podr\u00e1 usar su ticket para ir a ver a estos artistas, previo tr\u00e1mite de reubicaci\u00f3n a trav\u00e9s de Entrada Web y el canje por entradas f\u00edsicas en los sitios designados, hoy 12\/3\/26 a partir de las 12 hs. Tambi\u00e9n existe la posibilidad de reintegro del dinero de la entrada a la Repetici\u00f3n original, pero en este caso Entrada Web no devolver\u00e1 la comisi\u00f3n que cobra, de entre el 10 y el 15% del valor pagado.<\/strong><\/em><\/h4>\n\n\n\n<div style=\"height:36px\" aria-hidden=\"true\" class=\"wp-block-spacer\"><\/div>\n\n\n<a href=\"https:\/\/www.facebook.com\/SindicatoContratitas\/\" aria-label=\"banner contratistas 1700&#215;500\"><img loading=\"lazy\" decoding=\"async\" src=\"https:\/\/enolife.com.ar\/es\/wp-content\/uploads\/2020\/08\/banner-contratistas-1700x500-1.jpg\" alt=\"\"  srcset=\"https:\/\/enolife.com.ar\/es\/wp-content\/uploads\/2020\/08\/banner-contratistas-1700x500-1.jpg 1700w, https:\/\/enolife.com.ar\/es\/wp-content\/uploads\/2020\/08\/banner-contratistas-1700x500-1-300x88.jpg 300w, https:\/\/enolife.com.ar\/es\/wp-content\/uploads\/2020\/08\/banner-contratistas-1700x500-1-1024x301.jpg 1024w, https:\/\/enolife.com.ar\/es\/wp-content\/uploads\/2020\/08\/banner-contratistas-1700x500-1-768x226.jpg 768w, https:\/\/enolife.com.ar\/es\/wp-content\/uploads\/2020\/08\/banner-contratistas-1700x500-1-1536x452.jpg 1536w, https:\/\/enolife.com.ar\/es\/wp-content\/uploads\/2020\/08\/banner-contratistas-1700x500-1-1170x344.jpg 1170w, https:\/\/enolife.com.ar\/es\/wp-content\/uploads\/2020\/08\/banner-contratistas-1700x500-1-585x172.jpg 585w\" sizes=\"auto, (max-width: 1700px) 100vw, 1700px\" width=\"1700\" height=\"500\"   \/><\/a>\n\n\n<div style=\"height:46px\" aria-hidden=\"true\" class=\"wp-block-spacer\"><\/div>\n\n\n\n<p>Seg\u00fan comunic\u00f3 el Gobierno de Mendoza el mi\u00e9rcoles 11\/3 a las 22.30 hs a trav\u00e9s de su p\u00e1gina web, la decisi\u00f3n de la cancelaci\u00f3n definitiva de la Repetici\u00f3n de la Fiesta de la Vendimia se fundamenta en cuatro ejes t\u00e9cnicos:<\/p>\n\n\n\n<ul class=\"wp-block-list\">\n<li><strong>Sustentabilidad presupuestaria:<\/strong> la extensi\u00f3n del montaje y la log\u00edstica t\u00e9cnica (seguridad, seguros y servicios) representa un costo operativo de millones de pesos diarios que resulta inviable continuar financiando tras el cumplimiento del Acto Central.<\/li>\n\n\n\n<li><strong>Seguridad P\u00fablica y saturaci\u00f3n de accesos:<\/strong> se detect\u00f3 un problema log\u00edstico de dif\u00edcil resoluci\u00f3n ante la superposici\u00f3n de la Vendimia y el recital programado, debido al cruce de p\u00fablicos con tickets diferenciados en un mismo espacio.<\/li>\n\n\n\n<li><strong>Compromisos log\u00edsticos: <\/strong>gran parte de los proveedores de la estructura vendimial ya ten\u00edan comprometida su participaci\u00f3n y equipamiento en otras locaciones y eventos fuera del calendario provincial.<\/li>\n\n\n\n<li><strong>Normalizaci\u00f3n de servicios: <\/strong>se hace necesaria la liberaci\u00f3n inmediata de los equipos de Seguridad, Salud y Defensa Civil para que retomen sus funciones habituales en el resto del territorio provincial.<\/li>\n<\/ul>\n\n\n\n<div style=\"height:24px\" aria-hidden=\"true\" class=\"wp-block-spacer\"><\/div>\n\n\n<div class=\"wp-block-image\">\n<figure class=\"aligncenter size-large is-resized\"><a href=\"https:\/\/enolife.com.ar\/es\/wp-content\/uploads\/2026\/03\/Vendimia-2026.webp\"><img loading=\"lazy\" decoding=\"async\" width=\"1024\" height=\"768\" src=\"https:\/\/enolife.com.ar\/es\/wp-content\/uploads\/2026\/03\/Vendimia-2026-1024x768.webp\" alt=\"\" class=\"wp-image-174716\" style=\"width:730px;height:auto\" srcset=\"https:\/\/enolife.com.ar\/es\/wp-content\/uploads\/2026\/03\/Vendimia-2026-1024x768.webp 1024w, https:\/\/enolife.com.ar\/es\/wp-content\/uploads\/2026\/03\/Vendimia-2026-300x225.webp 300w, https:\/\/enolife.com.ar\/es\/wp-content\/uploads\/2026\/03\/Vendimia-2026-768x576.webp 768w, https:\/\/enolife.com.ar\/es\/wp-content\/uploads\/2026\/03\/Vendimia-2026-1170x878.webp 1170w, https:\/\/enolife.com.ar\/es\/wp-content\/uploads\/2026\/03\/Vendimia-2026-585x439.webp 585w, https:\/\/enolife.com.ar\/es\/wp-content\/uploads\/2026\/03\/Vendimia-2026.webp 1200w\" sizes=\"auto, (max-width: 1024px) 100vw, 1024px\" \/><\/a><figcaption class=\"wp-element-caption\"><em><strong>As\u00ed culmin\u00f3, con un show de drones, el Acto Central de la Fiesta Nacional de la Vendimia el s\u00e1bado 7\/3\/2026, el que ya nadie podr\u00e1 recrear en vivo sino s\u00f3lo en videos por redes y plataformas.<\/strong><\/em><\/figcaption><\/figure><\/div>\n\n\n<div style=\"height:47px\" aria-hidden=\"true\" class=\"wp-block-spacer\"><\/div>\n\n\n\n<p class=\"has-medium-font-size\"><strong>Opciones para los espectadores<\/strong><\/p>\n\n\n\n<p>Las personas que adquirieron entradas para la repetici\u00f3n del Acto Central tendr\u00e1n dos alternativas:<\/p>\n\n\n\n<ul class=\"wp-block-list\">\n<li><strong>Ingreso al show privado del domingo:<\/strong> las personas que compraron su ticket para la repetici\u00f3n podr\u00e1n avanzar con el canje para asistir al recital de Abel Pintos, \u00c1ngela Leiva, Maggie Cullen y Campedrinos.<\/li>\n\n\n\n<li><strong>Devoluci\u00f3n: <\/strong>quienes lo deseen podr\u00e1n solicitar el reintegro total del dinero a trav\u00e9s de los canales oficiales.<\/li>\n<\/ul>\n\n\n\n<div style=\"height:40px\" aria-hidden=\"true\" class=\"wp-block-spacer\"><\/div>\n","protected":false},"excerpt":{"rendered":"<p>Tras varias suspensiones por tormentas el\u00e9ctricas y fuertes lluvias, finalmente el Gobierno de Mendoza anunci\u00f3&hellip;<\/p>\n","protected":false},"author":2,"featured_media":174718,"comment_status":"closed","ping_status":"open","sticky":false,"template":"","format":"standard","meta":{"footnotes":""},"categories":[14],"tags":[],"class_list":["post-174709","post","type-post","status-publish","format-standard","has-post-thumbnail","hentry","category-news"],"_links":{"self":[{"href":"https:\/\/enolife.com.ar\/es\/wp-json\/wp\/v2\/posts\/174709","targetHints":{"allow":["GET"]}}],"collection":[{"href":"https:\/\/enolife.com.ar\/es\/wp-json\/wp\/v2\/posts"}],"about":[{"href":"https:\/\/enolife.com.ar\/es\/wp-json\/wp\/v2\/types\/post"}],"author":[{"embeddable":true,"href":"https:\/\/enolife.com.ar\/es\/wp-json\/wp\/v2\/users\/2"}],"replies":[{"embeddable":true,"href":"https:\/\/enolife.com.ar\/es\/wp-json\/wp\/v2\/comments?post=174709"}],"version-history":[{"count":10,"href":"https:\/\/enolife.com.ar\/es\/wp-json\/wp\/v2\/posts\/174709\/revisions"}],"predecessor-version":[{"id":174721,"href":"https:\/\/enolife.com.ar\/es\/wp-json\/wp\/v2\/posts\/174709\/revisions\/174721"}],"wp:featuredmedia":[{"embeddable":true,"href":"https:\/\/enolife.com.ar\/es\/wp-json\/wp\/v2\/media\/174718"}],"wp:attachment":[{"href":"https:\/\/enolife.com.ar\/es\/wp-json\/wp\/v2\/media?parent=174709"}],"wp:term":[{"taxonomy":"category","embeddable":true,"href":"https:\/\/enolife.com.ar\/es\/wp-json\/wp\/v2\/categories?post=174709"},{"taxonomy":"post_tag","embeddable":true,"href":"https:\/\/enolife.com.ar\/es\/wp-json\/wp\/v2\/tags?post=174709"}],"curies":[{"name":"wp","href":"https:\/\/api.w.org\/{rel}","templated":true}]}}