{"id":174676,"date":"2026-03-11T13:55:27","date_gmt":"2026-03-11T13:55:27","guid":{"rendered":"https:\/\/enolife.com.ar\/es\/?p=174676"},"modified":"2026-03-12T13:09:46","modified_gmt":"2026-03-12T13:09:46","slug":"se-suspendio-para-el-domingo-15-3-la-repeticion-de-la-fiesta-de-la-vendimia-y-el-show-de-abel-pintos","status":"publish","type":"post","link":"https:\/\/enolife.com.ar\/es\/se-suspendio-para-el-domingo-15-3-la-repeticion-de-la-fiesta-de-la-vendimia-y-el-show-de-abel-pintos\/","title":{"rendered":"Se suspendi\u00f3 para el domingo 15\/3 la repetici\u00f3n de la Fiesta de la Vendimia y el show de Abel Pintos"},"content":{"rendered":"\n<h4 class=\"wp-block-heading\"><em><strong>Por las tormentas el\u00e9ctricas con fuertes y persistentes lluvias sobre la Ciudad de Mendoza y alrededores, los espect\u00e1culos de la Fiesta de la Vendimia en el Teatro Griego Frank Romero Day se volvieron a suspender. En este caso, las puestas en escena de ayer martes 10\/3 y de hoy mi\u00e9rcoles 11\/3 pasan al domingo 15\/3 pr\u00f3ximo.<\/strong><\/em><\/h4>\n\n\n\n<div style=\"height:28px\" aria-hidden=\"true\" class=\"wp-block-spacer\"><\/div>\n\n\n<a href=\"https:\/\/www.linkedin.com\/company\/agrinet-sa\/?originalSubdomain=ar\" aria-label=\"1700X500\"><img loading=\"lazy\" decoding=\"async\" src=\"https:\/\/enolife.com.ar\/es\/wp-content\/uploads\/2021\/11\/1700X500.gif\" alt=\"\"  width=\"1700\" height=\"500\"   \/><\/a>\n\n\n<div style=\"height:48px\" aria-hidden=\"true\" class=\"wp-block-spacer\"><\/div>\n\n\n\n<p><a href=\"https:\/\/api.whatsapp.com\/send?text=%E2%80%9CReprogramaron%20la%20repetici%C3%B3n%20de%20la%20Fiesta%20Nacional%20de%20la%20Vendimia%202026%3A%20cu%C3%A1l%20es%20la%20nueva%20fecha%E2%80%9D%20https%3A%2F%2Fwww.mdzol.com%2Fmdz-show%2Freprogramaron-la-repeticion-la-fiesta-nacional-la-vendimia-2026-cual-es-la-nueva-fecha-n1471758\" target=\"_blank\" rel=\"noreferrer noopener\"><\/a>La Repetici\u00f3n de la Fiesta Nacional de la Vendimia y los shows musicales en vivo que incluye sufrieron una nueva postergaci\u00f3n por las intensas lluvias que caen sobre Mendoza. Las puestas en escena del 10 y el 11\/3 pasaron para el domingo 15\/3.<\/p>\n\n\n\n<p>Aunque era previsible con s\u00f3lo observar los pron\u00f3sticos metereol\u00f3gicos, esta noticia toma por sopresa a miles de mendocinos y turistas que tienen entradas para asistir a los eventos. Se espera que en las pr\u00f3ximas horas, el gobierno de Mendoza -organizador de la Fiesta \u00ab90 cosechas de una misma cepa\u00bb- divulgue los detalles sobre la validez de las entradas, posibles devoluciones de dinero y horarios para el espect\u00e1culo del pr\u00f3ximo domingo 15 de marzo en el Teatro Griego Frank Romero Day.<\/p>\n\n\n\n<div style=\"height:31px\" aria-hidden=\"true\" class=\"wp-block-spacer\"><\/div>\n\n\n<div class=\"wp-block-image\">\n<figure class=\"aligncenter size-large is-resized\"><a href=\"https:\/\/enolife.com.ar\/es\/wp-content\/uploads\/2026\/03\/Fiesta-1.webp\"><img loading=\"lazy\" decoding=\"async\" width=\"1024\" height=\"576\" src=\"https:\/\/enolife.com.ar\/es\/wp-content\/uploads\/2026\/03\/Fiesta-1-1024x576.webp\" alt=\"\" class=\"wp-image-174684\" style=\"width:728px;height:auto\" srcset=\"https:\/\/enolife.com.ar\/es\/wp-content\/uploads\/2026\/03\/Fiesta-1-1024x576.webp 1024w, https:\/\/enolife.com.ar\/es\/wp-content\/uploads\/2026\/03\/Fiesta-1-300x169.webp 300w, https:\/\/enolife.com.ar\/es\/wp-content\/uploads\/2026\/03\/Fiesta-1-768x432.webp 768w, https:\/\/enolife.com.ar\/es\/wp-content\/uploads\/2026\/03\/Fiesta-1-1170x658.webp 1170w, https:\/\/enolife.com.ar\/es\/wp-content\/uploads\/2026\/03\/Fiesta-1-585x329.webp 585w, https:\/\/enolife.com.ar\/es\/wp-content\/uploads\/2026\/03\/Fiesta-1.webp 1200w\" sizes=\"auto, (max-width: 1024px) 100vw, 1024px\" \/><\/a><\/figure><\/div>\n\n\n<div style=\"height:41px\" aria-hidden=\"true\" class=\"wp-block-spacer\"><\/div>\n\n\n\n<p>De acuerdo con el cronograma original, la noche del martes 10\/3 inclu\u00eda el espect\u00e1culo vendimial y un show musical con <strong>Maggie Cullen, Campedrinos y \u00c1ngela Leiva<\/strong>, con cierre a cargo de <strong>Abel Pintos<\/strong>, una de las figuras centrales convocadas para esta edici\u00f3n de la fiesta.<\/p>\n\n\n\n<p>Sin embargo, desde la Subsecretar\u00eda de Cultura del Gobierno de Mendoza indicaron que esta funci\u00f3n ser\u00e1 <strong>reprogramada para el domingo 15 de marzo<\/strong>.<strong> Lo mismo suceder\u00e1 con la repetici\u00f3n de la Fiesta Nacional de la Vendimia,<\/strong> que ya hab\u00eda cambiado del domingo 8\/3 al mi\u00e9rcoles 11\/3.<\/p>\n\n\n\n<div style=\"height:29px\" aria-hidden=\"true\" class=\"wp-block-spacer\"><\/div>\n\n\n<div class=\"wp-block-image\">\n<figure class=\"aligncenter size-full is-resized\"><a href=\"https:\/\/enolife.com.ar\/es\/wp-content\/uploads\/2026\/03\/Abel-PIntos.webp\"><img loading=\"lazy\" decoding=\"async\" width=\"1000\" height=\"615\" src=\"https:\/\/enolife.com.ar\/es\/wp-content\/uploads\/2026\/03\/Abel-PIntos.webp\" alt=\"\" class=\"wp-image-174685\" style=\"width:678px;height:auto\" srcset=\"https:\/\/enolife.com.ar\/es\/wp-content\/uploads\/2026\/03\/Abel-PIntos.webp 1000w, https:\/\/enolife.com.ar\/es\/wp-content\/uploads\/2026\/03\/Abel-PIntos-300x185.webp 300w, https:\/\/enolife.com.ar\/es\/wp-content\/uploads\/2026\/03\/Abel-PIntos-768x472.webp 768w, https:\/\/enolife.com.ar\/es\/wp-content\/uploads\/2026\/03\/Abel-PIntos-585x360.webp 585w\" sizes=\"auto, (max-width: 1000px) 100vw, 1000px\" \/><\/a><\/figure><\/div>\n\n\n<div style=\"height:33px\" aria-hidden=\"true\" class=\"wp-block-spacer\"><\/div>\n\n\n\n<p>El mismo <strong>Abel Pintos<\/strong> anunci\u00f3 desde su cuenta de Instagram la reprogramaci\u00f3n: <em>\u00abEl concierto de hoy por cuestiones de clima se cancela, pero por fortuna tenemos la oportunidad de reprogramarlo para el domingo que viene\u00bb.<\/em> Y cerr\u00f3: <em>\u00abSi Dios quiere nos vemos el pr\u00f3ximo domingo\u00bb.<\/em><\/p>\n\n\n\n<div style=\"height:32px\" aria-hidden=\"true\" class=\"wp-block-spacer\"><\/div>\n","protected":false},"excerpt":{"rendered":"<p>Por las tormentas el\u00e9ctricas con fuertes y persistentes lluvias sobre la Ciudad de Mendoza y&hellip;<\/p>\n","protected":false},"author":2,"featured_media":174682,"comment_status":"closed","ping_status":"open","sticky":false,"template":"","format":"standard","meta":{"footnotes":""},"categories":[47],"tags":[],"class_list":["post-174676","post","type-post","status-publish","format-standard","has-post-thumbnail","hentry","category-agenda"],"_links":{"self":[{"href":"https:\/\/enolife.com.ar\/es\/wp-json\/wp\/v2\/posts\/174676","targetHints":{"allow":["GET"]}}],"collection":[{"href":"https:\/\/enolife.com.ar\/es\/wp-json\/wp\/v2\/posts"}],"about":[{"href":"https:\/\/enolife.com.ar\/es\/wp-json\/wp\/v2\/types\/post"}],"author":[{"embeddable":true,"href":"https:\/\/enolife.com.ar\/es\/wp-json\/wp\/v2\/users\/2"}],"replies":[{"embeddable":true,"href":"https:\/\/enolife.com.ar\/es\/wp-json\/wp\/v2\/comments?post=174676"}],"version-history":[{"count":7,"href":"https:\/\/enolife.com.ar\/es\/wp-json\/wp\/v2\/posts\/174676\/revisions"}],"predecessor-version":[{"id":174686,"href":"https:\/\/enolife.com.ar\/es\/wp-json\/wp\/v2\/posts\/174676\/revisions\/174686"}],"wp:featuredmedia":[{"embeddable":true,"href":"https:\/\/enolife.com.ar\/es\/wp-json\/wp\/v2\/media\/174682"}],"wp:attachment":[{"href":"https:\/\/enolife.com.ar\/es\/wp-json\/wp\/v2\/media?parent=174676"}],"wp:term":[{"taxonomy":"category","embeddable":true,"href":"https:\/\/enolife.com.ar\/es\/wp-json\/wp\/v2\/categories?post=174676"},{"taxonomy":"post_tag","embeddable":true,"href":"https:\/\/enolife.com.ar\/es\/wp-json\/wp\/v2\/tags?post=174676"}],"curies":[{"name":"wp","href":"https:\/\/api.w.org\/{rel}","templated":true}]}}