{"id":174662,"date":"2026-03-11T12:53:49","date_gmt":"2026-03-11T12:53:49","guid":{"rendered":"https:\/\/enolife.com.ar\/es\/?p=174662"},"modified":"2026-03-11T23:16:38","modified_gmt":"2026-03-11T23:16:38","slug":"las-bodegas-pymes-mendocinas-podran-mostrar-sus-vinos-en-una-feria-de-brasil-del-12-al-15-5-26","status":"publish","type":"post","link":"https:\/\/enolife.com.ar\/es\/las-bodegas-pymes-mendocinas-podran-mostrar-sus-vinos-en-una-feria-de-brasil-del-12-al-15-5-26\/","title":{"rendered":"Las bodegas pymes mendocinas podr\u00e1n mostrar sus vinos en una feria de Brasil del 12 al 15\/5\/26"},"content":{"rendered":"\n<h4 class=\"wp-block-heading\"><em><strong>ProMendoza -la agencia gubernamental de promoci\u00f3n de los productos provinciales en el exterior- abri\u00f3 la convocatoria para peque\u00f1as y medianas empresas que quieran comenzar a exportar sus vinos a Brasil o afianzar sus negocios all\u00ed, participando de la Wine South Am\u00e9rica 2026 en la ciudad de Bento Gon\u00e7alves, al sur del pa\u00eds amaz\u00f3nico.<\/strong><\/em><strong> <\/strong><\/h4>\n\n\n\n<div style=\"height:29px\" aria-hidden=\"true\" class=\"wp-block-spacer\"><\/div>\n\n\n<a href=\"https:\/\/www.centroenologico.com.ar\/\" aria-label=\"CERSA 1700X500 BORDO\"><img loading=\"lazy\" decoding=\"async\" src=\"https:\/\/enolife.com.ar\/es\/wp-content\/uploads\/2025\/02\/CERSA-1700X500-BORDO.gif\" alt=\"\"  width=\"1700\" height=\"500\"   \/><\/a>\n\n\n<div style=\"height:36px\" aria-hidden=\"true\" class=\"wp-block-spacer\"><\/div>\n\n\n\n<p><strong>ProMendoza<\/strong> lanz\u00f3 la convocatoria para bodegas pymes que quieran asistir a uno de los principales puntos de encuentro entre compradores y expositores del sector vitivin\u00edcola de la regi\u00f3n sudamericana. Se trata de la 6\u00ba edici\u00f3n de la <strong>Feria Wine South Am\u00e9rica 2026<\/strong> y del <strong>Wine Tasting<\/strong> con importadores locales, que se llevar\u00e1 a cabo del 12 al 15 de mayo en la ciudad de <strong>Bento Gon\u00e7alves<\/strong>, Brasil.<\/p>\n\n\n\n<p>Esta feria se ha convertido en un evento de alto nivel y proyecci\u00f3n global. Se realiza anualmente en Bento Gon\u00e7alves -municipio brasile\u00f1o del estado de R\u00edo Grande del Sur-, una ubicaci\u00f3n estrat\u00e9gica que permite la confluencia de productores y proveedores de relevancia nacional e internacional.<\/p>\n\n\n\n<div style=\"height:35px\" aria-hidden=\"true\" class=\"wp-block-spacer\"><\/div>\n\n\n<div class=\"wp-block-image\">\n<figure class=\"aligncenter size-full is-resized\"><a href=\"https:\/\/enolife.com.ar\/es\/wp-content\/uploads\/2026\/03\/Feria-Wine-South-America-Brasil-2.jpg\" data-rel=\"penci-gallery-image-content\" ><img loading=\"lazy\" decoding=\"async\" width=\"800\" height=\"533\" src=\"https:\/\/enolife.com.ar\/es\/wp-content\/uploads\/2026\/03\/Feria-Wine-South-America-Brasil-2.jpg\" alt=\"\" class=\"wp-image-174670\" style=\"width:688px;height:auto\" srcset=\"https:\/\/enolife.com.ar\/es\/wp-content\/uploads\/2026\/03\/Feria-Wine-South-America-Brasil-2.jpg 800w, https:\/\/enolife.com.ar\/es\/wp-content\/uploads\/2026\/03\/Feria-Wine-South-America-Brasil-2-300x200.jpg 300w, https:\/\/enolife.com.ar\/es\/wp-content\/uploads\/2026\/03\/Feria-Wine-South-America-Brasil-2-768x512.jpg 768w, https:\/\/enolife.com.ar\/es\/wp-content\/uploads\/2026\/03\/Feria-Wine-South-America-Brasil-2-585x390.jpg 585w\" sizes=\"auto, (max-width: 800px) 100vw, 800px\" \/><\/a><\/figure><\/div>\n\n\n<div style=\"height:32px\" aria-hidden=\"true\" class=\"wp-block-spacer\"><\/div>\n\n\n\n<p>Luego de la feria, tendr\u00e1 lugar un Wine Tasting en la vinoteca <strong>La Donosa<\/strong>, en <strong>Cambori\u00fa<\/strong>, con la presencia de compradores especializados del canal <strong>Horeca (Hoteles, Restaurantes y Caf\u00e9s).<\/strong><\/p>\n\n\n\n<div style=\"height:21px\" aria-hidden=\"true\" class=\"wp-block-spacer\"><\/div>\n\n\n\n<p class=\"has-light-green-cyan-background-color has-background\">El costo de la participaci\u00f3n es de<strong> 3.800 d\u00f3lares por empresa<\/strong> e incluye el stand de exhibici\u00f3n con logo, la inscripci\u00f3n en el cat\u00e1logo oficial de la feria, la participaci\u00f3n en la Ronda de Negocios Internacional y la participaci\u00f3n en el Wine Tasting en La Donosa.<\/p>\n\n\n\n<div style=\"height:29px\" aria-hidden=\"true\" class=\"wp-block-spacer\"><\/div>\n\n\n\n<p>Las bodegas podr\u00e1n completar la preinscripci\u00f3n hasta el <strong>viernes 20 de marzo de 2026<\/strong>, y el pago deber\u00e1 realizarse \u00fanicamente despu\u00e9s de recibir la confirmaci\u00f3n de selecci\u00f3n. Los criterios establecidos para la selecci\u00f3n son: <strong>ser una bodega pyme, exportar a Brasil o encontrarse en proceso de hacerlo <\/strong>y contar con un plan estrat\u00e9gico para ingresar al mercado brasile\u00f1o. <strong>El cupo disponible es de 10 bodegas.<\/strong><\/p>\n\n\n\n<p>Para m\u00e1s informaci\u00f3n, los interesados pueden comunicarse con <strong>Gaetano Aguilera Prisco<\/strong> a trav\u00e9s de <strong>gprisco@promendoza.com<\/strong><\/p>\n\n\n\n<div style=\"height:42px\" aria-hidden=\"true\" class=\"wp-block-spacer\"><\/div>\n","protected":false},"excerpt":{"rendered":"<p>ProMendoza -la agencia gubernamental de promoci\u00f3n de los productos provinciales en el exterior- abri\u00f3 la&hellip;<\/p>\n","protected":false},"author":2,"featured_media":174668,"comment_status":"closed","ping_status":"open","sticky":false,"template":"","format":"standard","meta":{"footnotes":""},"categories":[47],"tags":[],"class_list":["post-174662","post","type-post","status-publish","format-standard","has-post-thumbnail","hentry","category-agenda"],"_links":{"self":[{"href":"https:\/\/enolife.com.ar\/es\/wp-json\/wp\/v2\/posts\/174662","targetHints":{"allow":["GET"]}}],"collection":[{"href":"https:\/\/enolife.com.ar\/es\/wp-json\/wp\/v2\/posts"}],"about":[{"href":"https:\/\/enolife.com.ar\/es\/wp-json\/wp\/v2\/types\/post"}],"author":[{"embeddable":true,"href":"https:\/\/enolife.com.ar\/es\/wp-json\/wp\/v2\/users\/2"}],"replies":[{"embeddable":true,"href":"https:\/\/enolife.com.ar\/es\/wp-json\/wp\/v2\/comments?post=174662"}],"version-history":[{"count":9,"href":"https:\/\/enolife.com.ar\/es\/wp-json\/wp\/v2\/posts\/174662\/revisions"}],"predecessor-version":[{"id":174673,"href":"https:\/\/enolife.com.ar\/es\/wp-json\/wp\/v2\/posts\/174662\/revisions\/174673"}],"wp:featuredmedia":[{"embeddable":true,"href":"https:\/\/enolife.com.ar\/es\/wp-json\/wp\/v2\/media\/174668"}],"wp:attachment":[{"href":"https:\/\/enolife.com.ar\/es\/wp-json\/wp\/v2\/media?parent=174662"}],"wp:term":[{"taxonomy":"category","embeddable":true,"href":"https:\/\/enolife.com.ar\/es\/wp-json\/wp\/v2\/categories?post=174662"},{"taxonomy":"post_tag","embeddable":true,"href":"https:\/\/enolife.com.ar\/es\/wp-json\/wp\/v2\/tags?post=174662"}],"curies":[{"name":"wp","href":"https:\/\/api.w.org\/{rel}","templated":true}]}}