{"id":174578,"date":"2026-03-10T14:23:58","date_gmt":"2026-03-10T14:23:58","guid":{"rendered":"https:\/\/enolife.com.ar\/es\/?p=174578"},"modified":"2026-03-11T00:10:33","modified_gmt":"2026-03-11T00:10:33","slug":"vuelve-al-valle-de-uco-la-fiesta-de-vinos-y-comidas-la-morada-con-100-bodegas-y-musica-en-vivo","status":"publish","type":"post","link":"https:\/\/enolife.com.ar\/es\/vuelve-al-valle-de-uco-la-fiesta-de-vinos-y-comidas-la-morada-con-100-bodegas-y-musica-en-vivo\/","title":{"rendered":"Vuelve al Valle de Uco la fiesta de vinos y comidas La Morada, con 100 bodegas y m\u00fasica en vivo"},"content":{"rendered":"\n<h4 class=\"wp-block-heading\"><em><strong>El encuentro en el terroir de Los Chacayes, Tunuy\u00e1n, Mendoza, reunir\u00e1 a referentes de la gastronom\u00eda argentina e internacional, recitales de bandas locales y nacionales y algunos de los vinos m\u00e1s destacados del pa\u00eds. En su tercera edici\u00f3n, el s\u00e1bado 21 de marzo de 2026, desde las 19 hs, el festival recibir\u00e1 visitantes de toda Argentina y de Brasil dentro del marco de las celebraciones de Vendimia.<\/strong><\/em><\/h4>\n\n\n\n<div style=\"height:37px\" aria-hidden=\"true\" class=\"wp-block-spacer\"><\/div>\n\n\n\n\n\n<div style=\"height:47px\" aria-hidden=\"true\" class=\"wp-block-spacer\"><\/div>\n\n\n\n<p>El Valle de Uco volver\u00e1 a convertirse en epicentro del vino y la alta gastronom\u00eda con la tercera edici\u00f3n de <strong>La Morada Food &amp; Wine Fest<\/strong>, el festival que combina cocina de autor, grandes bodegas y m\u00fasica en vivo en un entorno natural \u00fanico. El encuentro se realizar\u00e1 el s\u00e1bado 21 de marzo, desde las 19, en <strong>Hornero Restaurante &amp; La Morada Lodge<\/strong>, en <strong>Los Chacayes, Tunuy\u00e1n, Mendoza.<\/strong> <\/p>\n\n\n\n<p>Entre los principales protagonistas de este a\u00f1o sobresale la participaci\u00f3n del restaurante brasile\u00f1o <strong>Evvai,<\/strong> uno de los proyectos gastron\u00f3micos m\u00e1s originales de San Pablo, que ya ha sido distinguido con dos estrellas <strong>Michelin<\/strong> y se encuentra en el<strong> puesto 20 de los<\/strong> <strong>Latin America&#8217;s 50 Best Restaurants 2025.<\/strong> La propuesta llegar\u00e1 acompa\u00f1ada por la pastelera brasile\u00f1a <strong>Blanca Mirabili<\/strong>, referente de la nueva pasteler\u00eda contempor\u00e1nea y ganadora del <strong>Latin America&#8217;s Best Pastry Chef Award 2025. <\/strong><\/p>\n\n\n\n<p>A ellos se suma el reconocido sommelier <strong>Marcelo Da Fonseca<\/strong>, ganador del <strong>Sommelier Award <\/strong>de la <strong>Gu\u00eda Michelin<\/strong> en 2025 en Brasil, quien ser\u00e1 uno de los sommeliers invitados en el espacio VIP en el que se servir\u00e1n vinos de cosechas hist\u00f3ricas.<\/p>\n\n\n\n<div style=\"height:34px\" aria-hidden=\"true\" class=\"wp-block-spacer\"><\/div>\n\n\n<div class=\"wp-block-image\">\n<figure class=\"aligncenter size-full is-resized\"><a href=\"https:\/\/enolife.com.ar\/es\/wp-content\/uploads\/2026\/03\/La-Morada-Wine-Fest-2.webp\"><img loading=\"lazy\" decoding=\"async\" width=\"1600\" height=\"1066\" src=\"https:\/\/enolife.com.ar\/es\/wp-content\/uploads\/2026\/03\/La-Morada-Wine-Fest-2.webp\" alt=\"\" class=\"wp-image-174584\" style=\"width:703px;height:auto\" srcset=\"https:\/\/enolife.com.ar\/es\/wp-content\/uploads\/2026\/03\/La-Morada-Wine-Fest-2.webp 1600w, https:\/\/enolife.com.ar\/es\/wp-content\/uploads\/2026\/03\/La-Morada-Wine-Fest-2-300x200.webp 300w, https:\/\/enolife.com.ar\/es\/wp-content\/uploads\/2026\/03\/La-Morada-Wine-Fest-2-1024x682.webp 1024w, https:\/\/enolife.com.ar\/es\/wp-content\/uploads\/2026\/03\/La-Morada-Wine-Fest-2-768x512.webp 768w, https:\/\/enolife.com.ar\/es\/wp-content\/uploads\/2026\/03\/La-Morada-Wine-Fest-2-1536x1023.webp 1536w, https:\/\/enolife.com.ar\/es\/wp-content\/uploads\/2026\/03\/La-Morada-Wine-Fest-2-1170x780.webp 1170w, https:\/\/enolife.com.ar\/es\/wp-content\/uploads\/2026\/03\/La-Morada-Wine-Fest-2-585x390.webp 585w\" sizes=\"auto, (max-width: 1600px) 100vw, 1600px\" \/><\/a><\/figure><\/div>\n\n\n<div style=\"height:32px\" aria-hidden=\"true\" class=\"wp-block-spacer\"><\/div>\n\n\n\n<p>El festival reunir\u00e1 adem\u00e1s a destacados cocineros y restaurantes que hoy marcan el pulso de la gastronom\u00eda nacional. Participar\u00e1n <strong>Iv\u00e1n Azar<\/strong>, de Casa Vigil; <strong>Josefina Diana<\/strong> y <strong>Juan Manuel Feijoo<\/strong>, de Ang\u00e9lica Cocina Maestra; <strong>Sebasti\u00e1n Weigandt <\/strong>y <strong>Camila Torta<\/strong>, de Azafr\u00e1n; <strong>Juan Ventureyra<\/strong>, de Riccitelli Bistr\u00f3; <strong>Flavia Amad<\/strong>, al frente de La VidA Restaurant y Osad\u00eda de Crear; <strong>Julieta Argento<\/strong>, de Quimera Bistr\u00f3; <strong>Aris Pabon<\/strong>, de Centauro Restaurante; <strong>Mauro Porfiri<\/strong> de Assemblage Maison Alta Vista; y <strong>Juani P\u00e9rez Daldi<\/strong>, <strong>Silvia S\u00e1nchez y Joaqu\u00edn P\u00e9rez Bustos<\/strong> de Jarilla Cocina, de Valle de Uco.<\/p>\n\n\n\n<p>Tambi\u00e9n formar\u00e1 parte del encuentro <strong>Gustavo Schiavi<\/strong>, creador de <strong>Quesos La Linque\u00f1ita<\/strong>, mientras que desde Rosario llegar\u00e1 el restaurante<strong> Negre<\/strong> junto al chef <strong>Diego Tapia<\/strong>, referente de la escena gastron\u00f3mica rosarina.<\/p>\n\n\n\n<p>La experiencia incluir\u00e1 degustaci\u00f3n libre de vinos de unas 100 bodegas argentinas y una programaci\u00f3n musical en vivo protagonizada por artistas mendocinos, acompa\u00f1ando el atardecer y la noche entre vi\u00f1edos.<\/p>\n\n\n\n<p><em>\u201cLogramos un equilibrio muy especial entre una gastronom\u00eda premium, la participaci\u00f3n de m\u00e1s de cien bodegas de todo el pa\u00eds y una propuesta musical de gran calidad. Esa combinaci\u00f3n es lo que transforma al festival en una experiencia completa\u201d,<\/em> se\u00f1al\u00f3 <strong>Ed Holloway<\/strong>, chef ejecutivo y director de <strong>La Morada Lodge<\/strong>.<\/p>\n\n\n\n<p><em>\u00abLa Morada Food &amp; Wine Fest es un evento \u00fanico: nos permite valorizar al Valle de Uco como destino gastron\u00f3mico; abrir nuestra cava de m\u00e1s de setecientos vinos diferentes a visitantes de Argentina y el mundo, y, en definitiva, compartir un momento m\u00e1gico en el vi\u00f1edo, kil\u00f3metro cero del vino, con la cordillera de los Andes como marco\u201d,<\/em> destac\u00f3 <strong>Andr\u00e9s Rosberg<\/strong>, sommelier ejecutivo y director de <strong>La Morada Lodge<\/strong>.<\/p>\n\n\n\n<div style=\"height:28px\" aria-hidden=\"true\" class=\"wp-block-spacer\"><\/div>\n\n\n<div class=\"wp-block-image\">\n<figure class=\"aligncenter size-large is-resized\"><a href=\"https:\/\/enolife.com.ar\/es\/wp-content\/uploads\/2026\/03\/La-Morada-Wine-Fest-3.jpg\" data-rel=\"penci-gallery-image-content\" ><img loading=\"lazy\" decoding=\"async\" width=\"1024\" height=\"683\" src=\"https:\/\/enolife.com.ar\/es\/wp-content\/uploads\/2026\/03\/La-Morada-Wine-Fest-3-1024x683.jpg\" alt=\"\" class=\"wp-image-174585\" style=\"width:672px;height:auto\" srcset=\"https:\/\/enolife.com.ar\/es\/wp-content\/uploads\/2026\/03\/La-Morada-Wine-Fest-3-1024x683.jpg 1024w, https:\/\/enolife.com.ar\/es\/wp-content\/uploads\/2026\/03\/La-Morada-Wine-Fest-3-300x200.jpg 300w, https:\/\/enolife.com.ar\/es\/wp-content\/uploads\/2026\/03\/La-Morada-Wine-Fest-3-768x512.jpg 768w, https:\/\/enolife.com.ar\/es\/wp-content\/uploads\/2026\/03\/La-Morada-Wine-Fest-3-1536x1024.jpg 1536w, https:\/\/enolife.com.ar\/es\/wp-content\/uploads\/2026\/03\/La-Morada-Wine-Fest-3-2048x1365.jpg 2048w, https:\/\/enolife.com.ar\/es\/wp-content\/uploads\/2026\/03\/La-Morada-Wine-Fest-3-1170x780.jpg 1170w, https:\/\/enolife.com.ar\/es\/wp-content\/uploads\/2026\/03\/La-Morada-Wine-Fest-3-585x390.jpg 585w\" sizes=\"auto, (max-width: 1024px) 100vw, 1024px\" \/><\/a><\/figure><\/div>\n\n\n<div style=\"height:47px\" aria-hidden=\"true\" class=\"wp-block-spacer\"><\/div>\n\n\n\n<p>Ganador del <strong>Premio Winexplorers<\/strong> como \u00abMejor Experiencia de Vinos de Argentina 2025\u00bb, el festival contin\u00faa fortaleciendo su posicionamiento dentro del calendario enogastron\u00f3mico nacional. <strong>La Morada Food &amp; Wine Fest<\/strong> propone una noche dedicada al vino argentino, la cocina de autor y la m\u00fasica en vivo, celebrando el encuentro entre productores, cocineros y amantes del buen vivir en uno de los paisajes m\u00e1s emblem\u00e1ticos de Mendoza.<\/p>\n\n\n\n<p>La Morada Food &amp; Wine Fest cuenta con el auspicio del Gobierno de Mendoza, el Ente Mendoza Turismo (Emetur), la Municipalidad de Tunuy\u00e1n, la Asociaci\u00f3n de Productores IG Los Chacayes, y Wines of Argentina (WofA).<\/p>\n\n\n\n<p>La Morada Food &amp; Wine Fest promueve un consumo responsable. Para ello ofrece la opci\u00f3n de transfer desde y hacia Mendoza. Las entradas se encuentran disponibles a trav\u00e9s de <a href=\"https:\/\/etickets.com.ar\/la-morada-food-wine-fest-3ra-edicion\/\">E-Tickets<\/a>.<\/p>\n\n\n\n<div style=\"height:42px\" aria-hidden=\"true\" class=\"wp-block-spacer\"><\/div>\n","protected":false},"excerpt":{"rendered":"<p>El encuentro en el terroir de Los Chacayes, Tunuy\u00e1n, Mendoza, reunir\u00e1 a referentes de la&hellip;<\/p>\n","protected":false},"author":2,"featured_media":174580,"comment_status":"closed","ping_status":"open","sticky":false,"template":"","format":"standard","meta":{"footnotes":""},"categories":[11],"tags":[],"class_list":["post-174578","post","type-post","status-publish","format-standard","has-post-thumbnail","hentry","category-enoturismo"],"_links":{"self":[{"href":"https:\/\/enolife.com.ar\/es\/wp-json\/wp\/v2\/posts\/174578","targetHints":{"allow":["GET"]}}],"collection":[{"href":"https:\/\/enolife.com.ar\/es\/wp-json\/wp\/v2\/posts"}],"about":[{"href":"https:\/\/enolife.com.ar\/es\/wp-json\/wp\/v2\/types\/post"}],"author":[{"embeddable":true,"href":"https:\/\/enolife.com.ar\/es\/wp-json\/wp\/v2\/users\/2"}],"replies":[{"embeddable":true,"href":"https:\/\/enolife.com.ar\/es\/wp-json\/wp\/v2\/comments?post=174578"}],"version-history":[{"count":4,"href":"https:\/\/enolife.com.ar\/es\/wp-json\/wp\/v2\/posts\/174578\/revisions"}],"predecessor-version":[{"id":174586,"href":"https:\/\/enolife.com.ar\/es\/wp-json\/wp\/v2\/posts\/174578\/revisions\/174586"}],"wp:featuredmedia":[{"embeddable":true,"href":"https:\/\/enolife.com.ar\/es\/wp-json\/wp\/v2\/media\/174580"}],"wp:attachment":[{"href":"https:\/\/enolife.com.ar\/es\/wp-json\/wp\/v2\/media?parent=174578"}],"wp:term":[{"taxonomy":"category","embeddable":true,"href":"https:\/\/enolife.com.ar\/es\/wp-json\/wp\/v2\/categories?post=174578"},{"taxonomy":"post_tag","embeddable":true,"href":"https:\/\/enolife.com.ar\/es\/wp-json\/wp\/v2\/tags?post=174578"}],"curies":[{"name":"wp","href":"https:\/\/api.w.org\/{rel}","templated":true}]}}