{"id":174570,"date":"2026-03-10T13:28:18","date_gmt":"2026-03-10T13:28:18","guid":{"rendered":"https:\/\/enolife.com.ar\/es\/?p=174570"},"modified":"2026-03-11T13:55:19","modified_gmt":"2026-03-11T13:55:19","slug":"chile-proyecta-exportar-5084-millones-de-kg-de-uva-de-mesa-en-2026-con-72-de-variedades-nuevas","status":"publish","type":"post","link":"https:\/\/enolife.com.ar\/es\/chile-proyecta-exportar-5084-millones-de-kg-de-uva-de-mesa-en-2026-con-72-de-variedades-nuevas\/","title":{"rendered":"Chile proyecta exportar 508,4 millones de kg de uva de mesa en 2026, con 72% de variedades nuevas"},"content":{"rendered":"\n<h4 class=\"wp-block-heading\"><em><strong>El Comit\u00e9 de Uvas de Mesa de Frutas de Chile ajust\u00f3 levemente a la baja su proyecci\u00f3n de exportaciones para la temporada 2025-2026, situando los env\u00edos en 62,2 millones de cajas de 8,2 kilos, cifra que representa s\u00f3lo un 2% menos que la estimaci\u00f3n anterior.<\/strong><\/em><\/h4>\n\n\n\n<div style=\"height:32px\" aria-hidden=\"true\" class=\"wp-block-spacer\"><\/div>\n\n\n\n\n\n<div style=\"height:55px\" aria-hidden=\"true\" class=\"wp-block-spacer\"><\/div>\n\n\n\n<p>Del total proyectado, un <strong>72% corresponder\u00e1 a variedades nuevas de uva de mesa<\/strong>, lo que representa un aumento de 6 puntos porcentuales en participaci\u00f3n de estas uvas, consolidando el proceso de modernizaci\u00f3n que practica la industria. Dentro de este segmento, las <strong>uvas blancas<\/strong> contin\u00faan liderando el crecimiento, especialmente variedades como <strong>Autumncrisp<\/strong> y <strong>Sweet Globe<\/strong>, que mantienen una expansi\u00f3n sostenida en los principales mercados.<\/p>\n\n\n\n<p>La cuarta estimaci\u00f3n de las exportaciones de uvas de mesa fue elaborada con la participaci\u00f3n de <strong>67 empresas<\/strong>, que representan el <strong>86% del volumen enviado al exterior la temporada pasada. <\/strong>Seg\u00fan detall\u00f3 el director ejecutivo del comit\u00e9 de la organizaci\u00f3n <strong>Frutas de Chile<\/strong>,<strong> Ignacio Caballero<\/strong>, la nueva cifra implica una <strong>ca\u00edda de 8,4% en comparaci\u00f3n con la campa\u00f1a anterior, cuando se exportaron 67,9 millones de cajas y un ajuste de -1,9% respecto al tercer informe.<\/strong><\/p>\n\n\n\n<div style=\"height:33px\" aria-hidden=\"true\" class=\"wp-block-spacer\"><\/div>\n\n\n<div class=\"wp-block-image\">\n<figure class=\"aligncenter is-resized\"><img decoding=\"async\" src=\"https:\/\/cdn.portalfruticola.com\/2025\/12\/bandera-de-Chile-con-una-uva-de-mesa-roja.png\" alt=\"Industria de uva de mesa chilena con buenas perspectivas productivas, pero con cautela comercial\" class=\"wp-image-608779\" style=\"width:684px;height:auto\"\/><\/figure><\/div>\n\n\n<div style=\"height:48px\" aria-hidden=\"true\" class=\"wp-block-spacer\"><\/div>\n\n\n\n<p class=\"has-medium-font-size\"><strong>Variables que afectaron el volumen de uva de mesa<\/strong><\/p>\n\n\n\n<p>Seg\u00fan Caballero, el ajuste responde principalmente a condiciones clim\u00e1ticas y cambios en la din\u00e1mica productiva de las distintas regiones del pa\u00eds. <em>\u201cEste decrecimiento se explica por una ca\u00edda de volumen mayor a la esperada en la zona Norte del pa\u00eds, sumado a un recambio varietal que, aunque acelerado, no logra compensar totalmente la disminuci\u00f3n de las variedades tradicionales\u00bb<\/em>, precis\u00f3.<\/p>\n\n\n\n<p>A nivel regional, casi todas las zonas ajustaron sus vol\u00famenes a la baja en relaci\u00f3n con la estimaci\u00f3n anterior, con excepci\u00f3n de la <strong>Regi\u00f3n Metropolitana<\/strong> y el <strong>Maule<\/strong>. La industria registr\u00f3 <strong>contracciones en Atacama (12%), Valpara\u00edso\u00a0 (2%) y O\u2019Higgins (1,4%)<\/strong>, mientras que <strong>Coquimbo<\/strong> se mantiene estable y sin variaciones. En contraste, el <strong>Maule muestra un alza de 63%<\/strong> y la<strong> Regi\u00f3n Metropolitana un incremento de 1,7%.<\/strong><\/p>\n\n\n\n<p>Caballero destac\u00f3 que, hasta el momento, la temporada acumula una <strong>baja de 22% respecto a 2025<\/strong>, aunque anticip\u00f3 que esta brecha se reducir\u00e1 semana a semana con el ingreso de mayores vol\u00famenes desde la zona central, particularmente desde la <strong>zona Metropolitana<\/strong> y <strong>O\u2019Higgins.<\/strong><\/p>\n\n\n\n<div style=\"height:39px\" aria-hidden=\"true\" class=\"wp-block-spacer\"><\/div>\n\n\n\n<p class=\"has-medium-font-size\"><strong>Mercados de destino para la uva de mesa chilena<\/strong><\/p>\n\n\n\n<p>La cuarta estimaci\u00f3n tambi\u00e9n evidencia cambios en la distribuci\u00f3n de los env\u00edos. <strong>Latinoam\u00e9rica se posiciona como el \u00fanico mercado con crecimiento respecto al tercer informe, con un alza de 15,6%<\/strong> y un aumento de 6 puntos porcentuales en participaci\u00f3n.<\/p>\n\n\n\n<p>En contraste, Asia presenta una ca\u00edda de 13%, Europa retrocede 7,2% y Norteam\u00e9rica -principal destino de la uva chilena- disminuye un 2,4% frente a la tercera estimaci\u00f3n. Si se compara con la temporada pasada, Norteam\u00e9rica registra una baja de 12%.<\/p>\n\n\n\n<p>Finalmente, el comit\u00e9 advirti\u00f3 que el calendario de embarques se ha visto afectado por el atraso en la zona Central y las mermas productivas en el norte, lo que implicar\u00e1 una log\u00edstica m\u00e1s concentrada hacia el cierre de la temporada 2025-2026.<\/p>\n\n\n\n<div style=\"height:26px\" aria-hidden=\"true\" class=\"wp-block-spacer\"><\/div>\n\n\n\n<p class=\"has-small-font-size\"><em><strong>Fuente: <a href=\"https:\/\/www.portalfruticola.com\">Portal Frut\u00edcola de Chile<\/a><\/strong><\/em><\/p>\n\n\n\n<div style=\"height:37px\" aria-hidden=\"true\" class=\"wp-block-spacer\"><\/div>\n","protected":false},"excerpt":{"rendered":"<p>El Comit\u00e9 de Uvas de Mesa de Frutas de Chile ajust\u00f3 levemente a la baja&hellip;<\/p>\n","protected":false},"author":2,"featured_media":174571,"comment_status":"closed","ping_status":"open","sticky":false,"template":"","format":"standard","meta":{"footnotes":""},"categories":[9],"tags":[],"class_list":["post-174570","post","type-post","status-publish","format-standard","has-post-thumbnail","hentry","category-negocios"],"_links":{"self":[{"href":"https:\/\/enolife.com.ar\/es\/wp-json\/wp\/v2\/posts\/174570","targetHints":{"allow":["GET"]}}],"collection":[{"href":"https:\/\/enolife.com.ar\/es\/wp-json\/wp\/v2\/posts"}],"about":[{"href":"https:\/\/enolife.com.ar\/es\/wp-json\/wp\/v2\/types\/post"}],"author":[{"embeddable":true,"href":"https:\/\/enolife.com.ar\/es\/wp-json\/wp\/v2\/users\/2"}],"replies":[{"embeddable":true,"href":"https:\/\/enolife.com.ar\/es\/wp-json\/wp\/v2\/comments?post=174570"}],"version-history":[{"count":6,"href":"https:\/\/enolife.com.ar\/es\/wp-json\/wp\/v2\/posts\/174570\/revisions"}],"predecessor-version":[{"id":174577,"href":"https:\/\/enolife.com.ar\/es\/wp-json\/wp\/v2\/posts\/174570\/revisions\/174577"}],"wp:featuredmedia":[{"embeddable":true,"href":"https:\/\/enolife.com.ar\/es\/wp-json\/wp\/v2\/media\/174571"}],"wp:attachment":[{"href":"https:\/\/enolife.com.ar\/es\/wp-json\/wp\/v2\/media?parent=174570"}],"wp:term":[{"taxonomy":"category","embeddable":true,"href":"https:\/\/enolife.com.ar\/es\/wp-json\/wp\/v2\/categories?post=174570"},{"taxonomy":"post_tag","embeddable":true,"href":"https:\/\/enolife.com.ar\/es\/wp-json\/wp\/v2\/tags?post=174570"}],"curies":[{"name":"wp","href":"https:\/\/api.w.org\/{rel}","templated":true}]}}