{"id":174466,"date":"2026-03-07T00:59:42","date_gmt":"2026-03-07T00:59:42","guid":{"rendered":"https:\/\/enolife.com.ar\/es\/?p=174466"},"modified":"2026-03-08T17:50:52","modified_gmt":"2026-03-08T17:50:52","slug":"suspenden-el-acto-central-de-la-vendimia-para-el-domingo-8-3-por-posible-fuerte-lluvia-y-tormenta","status":"publish","type":"post","link":"https:\/\/enolife.com.ar\/es\/suspenden-el-acto-central-de-la-vendimia-para-el-domingo-8-3-por-posible-fuerte-lluvia-y-tormenta\/","title":{"rendered":"Suspenden el Acto Central de la Vendimia para el domingo 8\/3 por posible fuerte lluvia y tormenta"},"content":{"rendered":"\n<h4 class=\"wp-block-heading\"><em><strong>C\u00f3mo se preve\u00eda, el Gobierno de Mendoza comunic\u00f3 a las 21 de hoy 6\/3\/26 que el espect\u00e1culo central de la Fiesta Nacional de la Vendimia, en el que se elige la reina, pasar\u00e1 al domingo a la misma hora. En la misma noche actuar\u00e1 el folclorista y baladista argentino Luciano Pereyra.<\/strong><\/em><\/h4>\n\n\n\n<div style=\"height:31px\" aria-hidden=\"true\" class=\"wp-block-spacer\"><\/div>\n\n\n<a href=\"https:\/\/www.linkedin.com\/company\/agrinet-sa\/?originalSubdomain=ar\" aria-label=\"1700X500\"><img loading=\"lazy\" decoding=\"async\" src=\"https:\/\/enolife.com.ar\/es\/wp-content\/uploads\/2021\/11\/1700X500.gif\" alt=\"\"  width=\"1700\" height=\"500\"   \/><\/a>\n\n\n<div style=\"height:40px\" aria-hidden=\"true\" class=\"wp-block-spacer\"><\/div>\n\n\n\n<p>Ante la alta probabilidad de tormentas fuertes para este s\u00e1bado 7\/3\/26 por la noche, el Gobierno de Mendoza anunci\u00f3 la <strong>suspensi\u00f3n del Acto Central de la Fiesta Nacional de la Vendimia 2026<\/strong>, el cual fue reprogramado para el <strong>domingo<\/strong> 8\/3\/26. Por su parte, la <strong>repetici\u00f3n<\/strong> del Acto Central se pasar\u00e1 para el <strong>mi\u00e9rcoles<\/strong>.<\/p>\n\n\n\n<p>As\u00ed lo anunci\u00f3 el subsecretario de Cultura, <strong>Diego Gareca<\/strong>, en el Auditorio \u00c1ngel Bustelo, donde se llevaba a cabo la presentaci\u00f3n de las reinas ante el cuerpo consular. <strong>Adem\u00e1s del Acto Central y la elecci\u00f3n de reina, el domingo tambi\u00e9n se presentar\u00e1 Luciano Pereyra.<\/strong><\/p>\n\n\n\n<p>Por su parte, las <strong>dos noches<\/strong>\u00a0organizadas por una productora <strong>privada<\/strong> se realizar\u00e1n el <strong>lunes<\/strong> y\u00a0<strong>martes<\/strong>, tal como estaba previsto, con la presencia del <strong>Chaque\u00f1o Palavecino<\/strong>, y\u00a0<strong>Abel Pintos<\/strong>.<\/p>\n\n\n\n<p>Gareca explic\u00f3 que<strong> se va a habilitar un reintegro de dinero para aquellos que quieran devolver las entradas de la repetici\u00f3n<\/strong>, ya sea porque no pueden asistir el mi\u00e9rcoles o porque ten\u00edan inter\u00e9s en ver a Luciano Pereyra, quien finalmente subir\u00e1 al Teatro Griego el mismo d\u00eda de la elecci\u00f3n de la reina.<\/p>\n\n\n\n<div style=\"height:34px\" aria-hidden=\"true\" class=\"wp-block-spacer\"><\/div>\n","protected":false},"excerpt":{"rendered":"<p>C\u00f3mo se preve\u00eda, el Gobierno de Mendoza comunic\u00f3 a las 21 de hoy 6\/3\/26 que&hellip;<\/p>\n","protected":false},"author":2,"featured_media":4866,"comment_status":"closed","ping_status":"open","sticky":false,"template":"","format":"standard","meta":{"footnotes":""},"categories":[14],"tags":[],"class_list":["post-174466","post","type-post","status-publish","format-standard","has-post-thumbnail","hentry","category-news"],"_links":{"self":[{"href":"https:\/\/enolife.com.ar\/es\/wp-json\/wp\/v2\/posts\/174466","targetHints":{"allow":["GET"]}}],"collection":[{"href":"https:\/\/enolife.com.ar\/es\/wp-json\/wp\/v2\/posts"}],"about":[{"href":"https:\/\/enolife.com.ar\/es\/wp-json\/wp\/v2\/types\/post"}],"author":[{"embeddable":true,"href":"https:\/\/enolife.com.ar\/es\/wp-json\/wp\/v2\/users\/2"}],"replies":[{"embeddable":true,"href":"https:\/\/enolife.com.ar\/es\/wp-json\/wp\/v2\/comments?post=174466"}],"version-history":[{"count":8,"href":"https:\/\/enolife.com.ar\/es\/wp-json\/wp\/v2\/posts\/174466\/revisions"}],"predecessor-version":[{"id":174475,"href":"https:\/\/enolife.com.ar\/es\/wp-json\/wp\/v2\/posts\/174466\/revisions\/174475"}],"wp:featuredmedia":[{"embeddable":true,"href":"https:\/\/enolife.com.ar\/es\/wp-json\/wp\/v2\/media\/4866"}],"wp:attachment":[{"href":"https:\/\/enolife.com.ar\/es\/wp-json\/wp\/v2\/media?parent=174466"}],"wp:term":[{"taxonomy":"category","embeddable":true,"href":"https:\/\/enolife.com.ar\/es\/wp-json\/wp\/v2\/categories?post=174466"},{"taxonomy":"post_tag","embeddable":true,"href":"https:\/\/enolife.com.ar\/es\/wp-json\/wp\/v2\/tags?post=174466"}],"curies":[{"name":"wp","href":"https:\/\/api.w.org\/{rel}","templated":true}]}}