{"id":174418,"date":"2026-03-05T13:18:26","date_gmt":"2026-03-05T13:18:26","guid":{"rendered":"https:\/\/enolife.com.ar\/es\/?p=174418"},"modified":"2026-03-06T22:35:57","modified_gmt":"2026-03-06T22:35:57","slug":"a-puro-rock-y-cuyania-la-fiesta-de-la-cosecha-celebro-el-trabajo-y-el-vino-en-la-previa-de-vendimia","status":"publish","type":"post","link":"https:\/\/enolife.com.ar\/es\/a-puro-rock-y-cuyania-la-fiesta-de-la-cosecha-celebro-el-trabajo-y-el-vino-en-la-previa-de-vendimia\/","title":{"rendered":"A puro rock y cuyan\u00eda, la Fiesta de la Cosecha celebr\u00f3 el trabajo y el vino en la previa de Vendimia"},"content":{"rendered":"\n<h4 class=\"wp-block-heading\"><em><strong>La edici\u00f3n 25 de la cl\u00e1sica Fiesta junto a los vi\u00f1edos en el Aeropuerto de Mendoza -cada a\u00f1o 3 o 4 d\u00edas antes de la gran Fiesta Central de la Vendimia en el Anfiteatro de los cerros-, result\u00f3 una misa musical con un p\u00fablico encendido que bail\u00f3 primero al comp\u00e1s de cuecas, gatos y zambas y finalmente pogue\u00f3 con los himnos rockeros del grupo Las Pelotas.<\/strong><\/em> <\/h4>\n\n\n\n<div style=\"height:34px\" aria-hidden=\"true\" class=\"wp-block-spacer\"><\/div>\n\n\n<a href=\"https:\/\/www.instagram.com\/vinventions.sudamerica\/\" aria-label=\"Banner_Subr_1700x500\"><img loading=\"lazy\" decoding=\"async\" src=\"https:\/\/enolife.com.ar\/es\/wp-content\/uploads\/2019\/07\/Banner_Subr_1700x500.gif\" alt=\"\"  width=\"1700\" height=\"501\"   \/><\/a>\n\n\n<div style=\"height:57px\" aria-hidden=\"true\" class=\"wp-block-spacer\"><\/div>\n\n\n\n<p><strong>Un brindis vibrante e hipn\u00f3tico<\/strong> para el p\u00fablico, <strong>a puro rocanrol, baladas y canciones cuyanas<\/strong>, con el respaldo imponente de la <strong>Orquesta Filarm\u00f3nica de Mendoza,<\/strong> sus 75 m\u00fasicos y la conducci\u00f3n del maestro <strong>Popi Spatoco<\/strong>. <\/p>\n\n\n\n<p>B\u00e1sicamente esta es la cr\u00f3nica de la <strong>25 Fiesta de la Cosecha<\/strong>, que tuvo apuntes inolvidables y un recorrido musical inicial por los grandes shows de fiestas previas, rese\u00f1ando las actuaciones de <strong>Ricardo Mollo, Susana Baca, Lisandro Aristimu\u00f1o, David Leb\u00f3n <\/strong>y tantos otros artistas argentinos e internacionales que a\u00f1os anteriores lograron una simbiosis notable con la m\u00fasica sinf\u00f3nica. Tras las interpretaciones de los solistas mendocinos y sus temas tradicionales, el concierto culmin\u00f3 con la puesta en escena de <strong>Las Pelotas<\/strong> junto a la <strong>Orquesta Filarm\u00f3nica de Mendoza<\/strong>, en la que ensamblaron tambi\u00e9n los m\u00fasicos y cantantes mendocinos.<\/p>\n\n\n\n<div style=\"height:28px\" aria-hidden=\"true\" class=\"wp-block-spacer\"><\/div>\n\n\n<div class=\"wp-block-image\">\n<figure class=\"aligncenter size-large is-resized\"><a href=\"https:\/\/enolife.com.ar\/es\/wp-content\/uploads\/2026\/03\/Fiesta-de-la-Cosecha2026-2.webp\"><img loading=\"lazy\" decoding=\"async\" width=\"1024\" height=\"576\" src=\"https:\/\/enolife.com.ar\/es\/wp-content\/uploads\/2026\/03\/Fiesta-de-la-Cosecha2026-2-1024x576.webp\" alt=\"\" class=\"wp-image-174428\" style=\"width:720px;height:auto\" srcset=\"https:\/\/enolife.com.ar\/es\/wp-content\/uploads\/2026\/03\/Fiesta-de-la-Cosecha2026-2-1024x576.webp 1024w, https:\/\/enolife.com.ar\/es\/wp-content\/uploads\/2026\/03\/Fiesta-de-la-Cosecha2026-2-300x169.webp 300w, https:\/\/enolife.com.ar\/es\/wp-content\/uploads\/2026\/03\/Fiesta-de-la-Cosecha2026-2-768x432.webp 768w, https:\/\/enolife.com.ar\/es\/wp-content\/uploads\/2026\/03\/Fiesta-de-la-Cosecha2026-2-1170x658.webp 1170w, https:\/\/enolife.com.ar\/es\/wp-content\/uploads\/2026\/03\/Fiesta-de-la-Cosecha2026-2-585x329.webp 585w, https:\/\/enolife.com.ar\/es\/wp-content\/uploads\/2026\/03\/Fiesta-de-la-Cosecha2026-2.webp 1200w\" sizes=\"auto, (max-width: 1024px) 100vw, 1024px\" \/><\/a><figcaption class=\"wp-element-caption\"><em><strong>German Daffunchio, l\u00edder de Las Pelotas, en d\u00fao con la arpista mendocina Sonia \u00c1lvarez, un momento inolvidable de la Fiesta de la Cosecha.<\/strong><\/em><\/figcaption><\/figure><\/div>\n\n\n<div style=\"height:36px\" aria-hidden=\"true\" class=\"wp-block-spacer\"><\/div>\n\n\n\n<p>Organizada por el <strong>Fondo Vitivin\u00edcola<\/strong> junto al <strong>Gobierno de Mendoza<\/strong>, <strong>Aeropuertos Argentina<\/strong> y la <strong>Municipalidad de la Ciudad de Mendoza<\/strong>, esta fiesta se ha ganado un lugar fundamental en el calendario vendimial y cuenta con el apoyo fundamental de las municipalidades de <strong>Las Heras<\/strong> y <strong>Guaymall\u00e9n<\/strong>, la <strong>Corporaci\u00f3n Vitivin\u00edcola Argentina<\/strong> y el <strong>Consejo Federal de Inversiones.<\/strong><\/p>\n\n\n\n<div style=\"height:24px\" aria-hidden=\"true\" class=\"wp-block-spacer\"><\/div>\n\n\n\n<p class=\"has-medium-font-size\"><strong>Un ensamble perfecto<\/strong><\/p>\n\n\n\n<p>Antes de que la amalgama musical de Las Pelotas y la Filarm\u00f3nica provincial dejasen instant\u00e1neas para el recuerdo, los m\u00fasicos cuyanos dirigidos por <strong>Nicol\u00e1s Diez<\/strong>, tocaron junto a la Orquesta una obertura especialmente compuesta por Gustavo \u00abPopi\u00bb Spatocco para celebrar los 25 a\u00f1os de la Fiesta. <\/p>\n\n\n\n<div style=\"height:29px\" aria-hidden=\"true\" class=\"wp-block-spacer\"><\/div>\n\n\n<div class=\"wp-block-image\">\n<figure class=\"aligncenter size-full is-resized\"><a href=\"https:\/\/enolife.com.ar\/es\/wp-content\/uploads\/2026\/03\/Alfredo-Cornejo-Fiesta-de-la-Cosecha.jpg\" data-rel=\"penci-gallery-image-content\" ><img decoding=\"async\" src=\"https:\/\/enolife.com.ar\/es\/wp-content\/uploads\/2026\/03\/Alfredo-Cornejo-Fiesta-de-la-Cosecha.jpg\" alt=\"\" class=\"wp-image-174431\" style=\"width:684px;height:auto\"\/><\/a><figcaption class=\"wp-element-caption\"><em><strong>El gobernador Alfredo Cornejo cosechando uvas del Aeropuerto junto a las reinas vendimiales antes del espect\u00e1culo principal.<\/strong><\/em><\/figcaption><\/figure><\/div>\n\n\n<div style=\"height:35px\" aria-hidden=\"true\" class=\"wp-block-spacer\"><\/div>\n\n\n\n<p>Las voces de <strong>Cristina P\u00e9rez, Lisandro Bert\u00edn, Paula Neder y Celeste Fredes <\/strong>se sumaron a este brindis musical junto <strong>Sebasti\u00e1n Narvaez, Quique Oesch, Rodrigo Botacaulli, Nicol\u00e1s Palma y Paulo Amaya.<\/strong> En tanto, en las pantallas del monumental escenario se proyectaron fragmentos de los artistas que fueron parte de esta celebraci\u00f3n en toda su historia: <strong>Susana Baca, Peteco Carabajal, Pedro Aznar, Elena Roger, Lisandro Aristimu\u00f1o, Ligia Piro, Ricardo Mollo, Jaime Torres<\/strong>; entre m\u00e1s. La m\u00fasica exquisita, \u00e9pica, de registro cinematogr\u00e1fico, sumada a las im\u00e1genes evocativas, generaron en la platea una emoci\u00f3n que se expres\u00f3 en oleadas de aplausos entusiastas.<\/p>\n\n\n\n<p>El concierto en el que confluyeron la orquesta con la banda de rock tuvo momentos notables, que quedar\u00e1n en la historia de esta Fiesta. Nuevamente vale resaltar la eficacia y belleza po\u00e9tica de los arreglos del maestro Spatocco, que se potenciaron con los timbales, los viento y las cuerdas de la Filarm\u00f3nica para elevar la musicalidad de las canciones de Las Pelotas a una sonoridad in\u00e9dita, potente y magn\u00e9tica.<\/p>\n\n\n\n<div style=\"height:26px\" aria-hidden=\"true\" class=\"wp-block-spacer\"><\/div>\n\n\n<div class=\"wp-block-image\">\n<figure class=\"aligncenter size-large is-resized\"><a href=\"https:\/\/enolife.com.ar\/es\/wp-content\/uploads\/2026\/03\/Patio-Malbec-Fiesta-de-la-Cosecha-scaled.jpg\" data-rel=\"penci-gallery-image-content\" ><img loading=\"lazy\" decoding=\"async\" width=\"1024\" height=\"683\" src=\"https:\/\/enolife.com.ar\/es\/wp-content\/uploads\/2026\/03\/Patio-Malbec-Fiesta-de-la-Cosecha-1024x683.jpg\" alt=\"\" class=\"wp-image-174434\" style=\"width:694px;height:auto\" srcset=\"https:\/\/enolife.com.ar\/es\/wp-content\/uploads\/2026\/03\/Patio-Malbec-Fiesta-de-la-Cosecha-1024x683.jpg 1024w, https:\/\/enolife.com.ar\/es\/wp-content\/uploads\/2026\/03\/Patio-Malbec-Fiesta-de-la-Cosecha-300x200.jpg 300w, https:\/\/enolife.com.ar\/es\/wp-content\/uploads\/2026\/03\/Patio-Malbec-Fiesta-de-la-Cosecha-768x512.jpg 768w, https:\/\/enolife.com.ar\/es\/wp-content\/uploads\/2026\/03\/Patio-Malbec-Fiesta-de-la-Cosecha-1536x1025.jpg 1536w, https:\/\/enolife.com.ar\/es\/wp-content\/uploads\/2026\/03\/Patio-Malbec-Fiesta-de-la-Cosecha-2048x1366.jpg 2048w, https:\/\/enolife.com.ar\/es\/wp-content\/uploads\/2026\/03\/Patio-Malbec-Fiesta-de-la-Cosecha-1170x780.jpg 1170w, https:\/\/enolife.com.ar\/es\/wp-content\/uploads\/2026\/03\/Patio-Malbec-Fiesta-de-la-Cosecha-585x390.jpg 585w\" sizes=\"auto, (max-width: 1024px) 100vw, 1024px\" \/><\/a><figcaption class=\"wp-element-caption\"><em><strong>Durante la tarde, durante la previa del espect\u00e1culo principal, el p\u00fablico se divirti\u00f3 tomando vino, comiendo y presenciando shows acotados de artistas mendocinos en el Patio Malbec contiguo al escenario mayor.<\/strong><\/em><\/figcaption><\/figure><\/div>\n\n\n<div style=\"height:54px\" aria-hidden=\"true\" class=\"wp-block-spacer\"><\/div>\n\n\n\n<p>En el fluir del repertorio hubo instantes que marcaron el cl\u00edmax del espect\u00e1culo. Uno de ellos fue cuando solo con la compa\u00f1\u00eda de la arpista <strong>Sonia \u00c1lvarez<\/strong>, <strong>Germ\u00e1n Daffunchio<\/strong>, lider de Las Pelotas, acun\u00f3 al p\u00fablico multitudinario en una versi\u00f3n \u00edntima y sensible del hit <strong>\u201cEsperando el milagro\u201d<\/strong>. Luego <strong>\u201cUva, uva\u201d<\/strong> <strong>\u201cSer\u00e1\u201d <\/strong>hicieron que las m\u00e1s de 15.000 personas que asistieron a la Fiesta saltaran de sus sillas para bailar y cantar a coro con los artistas; y la explosiva versi\u00f3n de <strong>\u201cBrilla (Shine)\u201d <\/strong>hizo que el rock m\u00e1s potente alentase en los espectadores un cimbronazo colectivo.<\/p>\n\n\n\n<div style=\"height:32px\" aria-hidden=\"true\" class=\"wp-block-spacer\"><\/div>\n\n\n<div class=\"wp-block-image\">\n<figure class=\"aligncenter size-large is-resized\"><a href=\"https:\/\/enolife.com.ar\/es\/wp-content\/uploads\/2026\/03\/Vino-en-la-Fiesta-de-la-Cosecha.jpg\" data-rel=\"penci-gallery-image-content\" ><img loading=\"lazy\" decoding=\"async\" width=\"1024\" height=\"683\" src=\"https:\/\/enolife.com.ar\/es\/wp-content\/uploads\/2026\/03\/Vino-en-la-Fiesta-de-la-Cosecha-1024x683.jpg\" alt=\"\" class=\"wp-image-174437\" style=\"width:694px;height:auto\" srcset=\"https:\/\/enolife.com.ar\/es\/wp-content\/uploads\/2026\/03\/Vino-en-la-Fiesta-de-la-Cosecha-1024x683.jpg 1024w, https:\/\/enolife.com.ar\/es\/wp-content\/uploads\/2026\/03\/Vino-en-la-Fiesta-de-la-Cosecha-300x200.jpg 300w, https:\/\/enolife.com.ar\/es\/wp-content\/uploads\/2026\/03\/Vino-en-la-Fiesta-de-la-Cosecha-768x512.jpg 768w, https:\/\/enolife.com.ar\/es\/wp-content\/uploads\/2026\/03\/Vino-en-la-Fiesta-de-la-Cosecha-1170x780.jpg 1170w, https:\/\/enolife.com.ar\/es\/wp-content\/uploads\/2026\/03\/Vino-en-la-Fiesta-de-la-Cosecha-585x390.jpg 585w, https:\/\/enolife.com.ar\/es\/wp-content\/uploads\/2026\/03\/Vino-en-la-Fiesta-de-la-Cosecha.jpg 1200w\" sizes=\"auto, (max-width: 1024px) 100vw, 1024px\" \/><\/a><\/figure><\/div>\n\n\n<div style=\"height:35px\" aria-hidden=\"true\" class=\"wp-block-spacer\"><\/div>\n\n\n\n<p>As\u00ed, estos 25 a\u00f1os de historia de la Fiesta de la Cosecha, dejaron en los espectadores una marca indeleble en el coraz\u00f3n que perdurar\u00e1 como an\u00e9cdota para el brindis.<\/p>\n\n\n\n<div style=\"height:35px\" aria-hidden=\"true\" class=\"wp-block-spacer\"><\/div>\n","protected":false},"excerpt":{"rendered":"<p>La edici\u00f3n 25 de la cl\u00e1sica Fiesta junto a los vi\u00f1edos en el Aeropuerto de&hellip;<\/p>\n","protected":false},"author":2,"featured_media":174426,"comment_status":"closed","ping_status":"open","sticky":false,"template":"","format":"standard","meta":{"footnotes":""},"categories":[11],"tags":[],"class_list":["post-174418","post","type-post","status-publish","format-standard","has-post-thumbnail","hentry","category-enoturismo"],"_links":{"self":[{"href":"https:\/\/enolife.com.ar\/es\/wp-json\/wp\/v2\/posts\/174418","targetHints":{"allow":["GET"]}}],"collection":[{"href":"https:\/\/enolife.com.ar\/es\/wp-json\/wp\/v2\/posts"}],"about":[{"href":"https:\/\/enolife.com.ar\/es\/wp-json\/wp\/v2\/types\/post"}],"author":[{"embeddable":true,"href":"https:\/\/enolife.com.ar\/es\/wp-json\/wp\/v2\/users\/2"}],"replies":[{"embeddable":true,"href":"https:\/\/enolife.com.ar\/es\/wp-json\/wp\/v2\/comments?post=174418"}],"version-history":[{"count":14,"href":"https:\/\/enolife.com.ar\/es\/wp-json\/wp\/v2\/posts\/174418\/revisions"}],"predecessor-version":[{"id":174438,"href":"https:\/\/enolife.com.ar\/es\/wp-json\/wp\/v2\/posts\/174418\/revisions\/174438"}],"wp:featuredmedia":[{"embeddable":true,"href":"https:\/\/enolife.com.ar\/es\/wp-json\/wp\/v2\/media\/174426"}],"wp:attachment":[{"href":"https:\/\/enolife.com.ar\/es\/wp-json\/wp\/v2\/media?parent=174418"}],"wp:term":[{"taxonomy":"category","embeddable":true,"href":"https:\/\/enolife.com.ar\/es\/wp-json\/wp\/v2\/categories?post=174418"},{"taxonomy":"post_tag","embeddable":true,"href":"https:\/\/enolife.com.ar\/es\/wp-json\/wp\/v2\/tags?post=174418"}],"curies":[{"name":"wp","href":"https:\/\/api.w.org\/{rel}","templated":true}]}}