{"id":174409,"date":"2026-03-04T23:16:51","date_gmt":"2026-03-04T23:16:51","guid":{"rendered":"https:\/\/enolife.com.ar\/es\/?p=174409"},"modified":"2026-03-09T15:38:33","modified_gmt":"2026-03-09T15:38:33","slug":"la-cosecha-sera-un-17-menor-a-la-de-2025-segun-el-pronostico-de-acovi","status":"publish","type":"post","link":"https:\/\/enolife.com.ar\/es\/la-cosecha-sera-un-17-menor-a-la-de-2025-segun-el-pronostico-de-acovi\/","title":{"rendered":"La cosecha ser\u00e1 un 17% menor a la de 2025, seg\u00fan el pron\u00f3stico de Acovi"},"content":{"rendered":"\n<h4 class=\"wp-block-heading\"><em><strong>La Asociaci\u00f3n de Cooperativas Vitivin\u00edcolas (Acovi) de Argentina comunic\u00f3 el pron\u00f3stico de cosecha para la actual vendimia 2026, tal como lo viene haciendo cada a\u00f1o desde 2020 a trav\u00e9s de la Cooperativa de Provisi\u00f3n de Servicios Vit\u00edcolas y Enol\u00f3gicos (SVE). Este informe de producci\u00f3n, basado en mediciones directas, arroja una disminuci\u00f3n promedio del 17% en la producci\u00f3n de uva para la presente temporada en comparaci\u00f3n con el ciclo anterior.<\/strong><\/em><\/h4>\n\n\n\n<div style=\"height:30px\" aria-hidden=\"true\" class=\"wp-block-spacer\"><\/div>\n\n\n<a href=\"https:\/\/estanciamendoza.com.ar\/es\/\" aria-label=\"Copia de BEM &#8211; Banner adaptaciones diario digital_BEM &#8211; Banner Enolife &#8211; 1700&#215;500\"><img loading=\"lazy\" decoding=\"async\" src=\"https:\/\/enolife.com.ar\/es\/wp-content\/uploads\/2019\/07\/Copia-de-BEM-Banner-adaptaciones-diario-digital_BEM-Banner-Enolife-1700x500-1.jpg\" alt=\"\"  srcset=\"https:\/\/enolife.com.ar\/es\/wp-content\/uploads\/2019\/07\/Copia-de-BEM-Banner-adaptaciones-diario-digital_BEM-Banner-Enolife-1700x500-1.jpg 1700w, https:\/\/enolife.com.ar\/es\/wp-content\/uploads\/2019\/07\/Copia-de-BEM-Banner-adaptaciones-diario-digital_BEM-Banner-Enolife-1700x500-1-300x88.jpg 300w, https:\/\/enolife.com.ar\/es\/wp-content\/uploads\/2019\/07\/Copia-de-BEM-Banner-adaptaciones-diario-digital_BEM-Banner-Enolife-1700x500-1-1024x301.jpg 1024w, https:\/\/enolife.com.ar\/es\/wp-content\/uploads\/2019\/07\/Copia-de-BEM-Banner-adaptaciones-diario-digital_BEM-Banner-Enolife-1700x500-1-768x226.jpg 768w, https:\/\/enolife.com.ar\/es\/wp-content\/uploads\/2019\/07\/Copia-de-BEM-Banner-adaptaciones-diario-digital_BEM-Banner-Enolife-1700x500-1-1536x452.jpg 1536w, https:\/\/enolife.com.ar\/es\/wp-content\/uploads\/2019\/07\/Copia-de-BEM-Banner-adaptaciones-diario-digital_BEM-Banner-Enolife-1700x500-1-1170x344.jpg 1170w, https:\/\/enolife.com.ar\/es\/wp-content\/uploads\/2019\/07\/Copia-de-BEM-Banner-adaptaciones-diario-digital_BEM-Banner-Enolife-1700x500-1-585x172.jpg 585w\" sizes=\"auto, (max-width: 1700px) 100vw, 1700px\" width=\"1700\" height=\"500\"   \/><\/a>\n\n\n<div style=\"height:43px\" aria-hidden=\"true\" class=\"wp-block-spacer\"><\/div>\n\n\n\n<p>El estudio, realizado t\u00e9cnicamente por el \u00e1rea de <strong>Agronom\u00eda<\/strong> de la <strong>Cooperativa de Provisi\u00f3n de Servicios Vit\u00edcolas y Enol\u00f3gicos<\/strong> <strong>(SVE)<\/strong> en articulaci\u00f3n con la <strong>Federaci\u00f3n de Cooperativas Vitivin\u00edcolas Argentinas (Fecovita)<\/strong> y la <strong>Asociaci\u00f3n de Cooperativas Vitivin\u00edcolas (Acovi)<\/strong> de <strong>Argentina<\/strong>, se sustenta en el seguimiento de <strong>179 parcelas representativas.<\/strong> Los datos muestran una realidad dispar seg\u00fan la variedad y zona.<\/p>\n\n\n\n<p>Con motivo del informe, el gerente de Acovi, <strong>Nicol\u00e1s Vicchi, <\/strong>se\u00f1al\u00f3 que <em>\u00abes una ca\u00edda en la producci\u00f3n producto de las heladas, la escasez de agua y algunas granizadas en distintos departamentos\u00bb.<\/em><\/p>\n\n\n\n<p>Por su parte, y analizando los desaf\u00edos del sector, el presidente de Acovi,<em> <\/em><strong>Fabi\u00e1n Ruggeri,<\/strong> destac\u00f3 que <em>\u00abnos encontramos en un contexto desafiante. Venimos de temporadas de ca\u00edda de consumo, que aparentemente est\u00e1 tendiendo a revertirse. En enero tuvimos una peque\u00f1a recuperaci\u00f3n en las ventas del mercado interno\u00bb.<\/em><\/p>\n\n\n\n<p>En este sentido, desde la instituci\u00f3n analizaron que, si bien la ca\u00edda en los vol\u00famenes representa un golpe directo a la rentabilidad del productor que se vio afectado por la menor cantidad de quintales, el escenario se traduce tambi\u00e9n en una oportunidad para el sector.<\/p>\n\n\n\n<p>Esta merma proyectada permite no agregar mayor stock al existente y, junto con una pauta diversificadora entre<strong> Mendoza <\/strong>y <strong>San Juan<\/strong> acorde a las proyecciones, se podr\u00eda revertir la tendencia negativa. Adem\u00e1s es sumamente necesario que se complementen con variables tales como crecimiento del poder adquisitivo del consumidor, financiamiento acorde a la realidad productiva, ampliaci\u00f3n de otros productos como mosto, uva de mesa, pasas y exportaciones a granel principalmente de vino blanco.<\/p>\n\n\n\n<div style=\"height:21px\" aria-hidden=\"true\" class=\"wp-block-spacer\"><\/div>\n\n\n\n<p class=\"has-medium-font-size\"><strong>La metodolog\u00eda del pron\u00f3stico de cosecha, seg\u00fan ajuste de envero<\/strong><\/p>\n\n\n\n<p>En el marco de la metodolog\u00eda del SVE, se solicit\u00f3 a los ingenieros de las diferentes cooperativas que realizaran un muestreo aleatorio de cada una de las fincas donde se llev\u00f3 a cabo el conteo de racimos para la obtenci\u00f3n del pron\u00f3stico de diciembre.<\/p>\n\n\n\n<p>Sobre dichas muestras se realizaron desgranados de racimos y se contabilizaron las bayas con el objetivo de caracterizar el racimo de la temporada. En conjunto con el n\u00famero promedio de bayas por racimo obtenido durante esta temporada y el peso promedio de bayas a cosecha hist\u00f3rico, se construy\u00f3 el peso promedio de racimo de la temporada. El cual fue afectado por la cantidad de racimos\/m 2 evaluados en la etapa anterior.<\/p>\n\n\n\n<p>Los resultados obtenidos fueron los siguientes:<\/p>\n\n\n\n<div style=\"height:18px\" aria-hidden=\"true\" class=\"wp-block-spacer\"><\/div>\n\n\n<div class=\"wp-block-image\">\n<figure class=\"aligncenter size-full is-resized\"><a href=\"https:\/\/enolife.com.ar\/es\/wp-content\/uploads\/2026\/03\/cuadro1.png\" data-rel=\"penci-gallery-image-content\" ><img loading=\"lazy\" decoding=\"async\" width=\"852\" height=\"371\" src=\"https:\/\/enolife.com.ar\/es\/wp-content\/uploads\/2026\/03\/cuadro1.png\" alt=\"\" class=\"wp-image-174413\" style=\"width:744px;height:auto\" srcset=\"https:\/\/enolife.com.ar\/es\/wp-content\/uploads\/2026\/03\/cuadro1.png 852w, https:\/\/enolife.com.ar\/es\/wp-content\/uploads\/2026\/03\/cuadro1-300x131.png 300w, https:\/\/enolife.com.ar\/es\/wp-content\/uploads\/2026\/03\/cuadro1-768x334.png 768w, https:\/\/enolife.com.ar\/es\/wp-content\/uploads\/2026\/03\/cuadro1-585x255.png 585w\" sizes=\"auto, (max-width: 852px) 100vw, 852px\" \/><\/a><\/figure><\/div>\n\n\n<div style=\"height:27px\" aria-hidden=\"true\" class=\"wp-block-spacer\"><\/div>\n\n\n<div class=\"wp-block-image\">\n<figure class=\"aligncenter size-large is-resized\"><a href=\"https:\/\/enolife.com.ar\/es\/wp-content\/uploads\/2026\/03\/cuadro2-1.png\" data-rel=\"penci-gallery-image-content\" ><img loading=\"lazy\" decoding=\"async\" width=\"1024\" height=\"486\" src=\"https:\/\/enolife.com.ar\/es\/wp-content\/uploads\/2026\/03\/cuadro2-1-1024x486.png\" alt=\"\" class=\"wp-image-174414\" style=\"width:746px;height:auto\" srcset=\"https:\/\/enolife.com.ar\/es\/wp-content\/uploads\/2026\/03\/cuadro2-1-1024x486.png 1024w, https:\/\/enolife.com.ar\/es\/wp-content\/uploads\/2026\/03\/cuadro2-1-300x142.png 300w, https:\/\/enolife.com.ar\/es\/wp-content\/uploads\/2026\/03\/cuadro2-1-768x365.png 768w, https:\/\/enolife.com.ar\/es\/wp-content\/uploads\/2026\/03\/cuadro2-1-1170x556.png 1170w, https:\/\/enolife.com.ar\/es\/wp-content\/uploads\/2026\/03\/cuadro2-1-585x278.png 585w, https:\/\/enolife.com.ar\/es\/wp-content\/uploads\/2026\/03\/cuadro2-1.png 1196w\" sizes=\"auto, (max-width: 1024px) 100vw, 1024px\" \/><\/a><\/figure><\/div>\n\n\n<div style=\"height:44px\" aria-hidden=\"true\" class=\"wp-block-spacer\"><\/div>\n\n\n<div class=\"wp-block-image\">\n<figure class=\"aligncenter size-full is-resized\"><a href=\"https:\/\/enolife.com.ar\/es\/wp-content\/uploads\/2026\/03\/cuadro3-1.png\" data-rel=\"penci-gallery-image-content\" ><img loading=\"lazy\" decoding=\"async\" width=\"466\" height=\"198\" src=\"https:\/\/enolife.com.ar\/es\/wp-content\/uploads\/2026\/03\/cuadro3-1.png\" alt=\"\" class=\"wp-image-174415\" style=\"width:532px;height:auto\" srcset=\"https:\/\/enolife.com.ar\/es\/wp-content\/uploads\/2026\/03\/cuadro3-1.png 466w, https:\/\/enolife.com.ar\/es\/wp-content\/uploads\/2026\/03\/cuadro3-1-300x127.png 300w\" sizes=\"auto, (max-width: 466px) 100vw, 466px\" \/><\/a><\/figure><\/div>\n\n\n<div style=\"height:29px\" aria-hidden=\"true\" class=\"wp-block-spacer\"><\/div>\n","protected":false},"excerpt":{"rendered":"<p>La Asociaci\u00f3n de Cooperativas Vitivin\u00edcolas (Acovi) de Argentina comunic\u00f3 el pron\u00f3stico de cosecha para la&hellip;<\/p>\n","protected":false},"author":2,"featured_media":29166,"comment_status":"closed","ping_status":"open","sticky":false,"template":"","format":"standard","meta":{"footnotes":""},"categories":[14],"tags":[],"class_list":["post-174409","post","type-post","status-publish","format-standard","has-post-thumbnail","hentry","category-news"],"_links":{"self":[{"href":"https:\/\/enolife.com.ar\/es\/wp-json\/wp\/v2\/posts\/174409","targetHints":{"allow":["GET"]}}],"collection":[{"href":"https:\/\/enolife.com.ar\/es\/wp-json\/wp\/v2\/posts"}],"about":[{"href":"https:\/\/enolife.com.ar\/es\/wp-json\/wp\/v2\/types\/post"}],"author":[{"embeddable":true,"href":"https:\/\/enolife.com.ar\/es\/wp-json\/wp\/v2\/users\/2"}],"replies":[{"embeddable":true,"href":"https:\/\/enolife.com.ar\/es\/wp-json\/wp\/v2\/comments?post=174409"}],"version-history":[{"count":5,"href":"https:\/\/enolife.com.ar\/es\/wp-json\/wp\/v2\/posts\/174409\/revisions"}],"predecessor-version":[{"id":174417,"href":"https:\/\/enolife.com.ar\/es\/wp-json\/wp\/v2\/posts\/174409\/revisions\/174417"}],"wp:featuredmedia":[{"embeddable":true,"href":"https:\/\/enolife.com.ar\/es\/wp-json\/wp\/v2\/media\/29166"}],"wp:attachment":[{"href":"https:\/\/enolife.com.ar\/es\/wp-json\/wp\/v2\/media?parent=174409"}],"wp:term":[{"taxonomy":"category","embeddable":true,"href":"https:\/\/enolife.com.ar\/es\/wp-json\/wp\/v2\/categories?post=174409"},{"taxonomy":"post_tag","embeddable":true,"href":"https:\/\/enolife.com.ar\/es\/wp-json\/wp\/v2\/tags?post=174409"}],"curies":[{"name":"wp","href":"https:\/\/api.w.org\/{rel}","templated":true}]}}