{"id":174396,"date":"2026-03-04T21:07:39","date_gmt":"2026-03-04T21:07:39","guid":{"rendered":"https:\/\/enolife.com.ar\/es\/?p=174396"},"modified":"2026-03-07T17:46:14","modified_gmt":"2026-03-07T17:46:14","slug":"el-gremio-de-los-trabajadores-vitivinicolas-llamo-a-un-paro-el-6-3-tras-romper-la-negociacion-paritaria","status":"publish","type":"post","link":"https:\/\/enolife.com.ar\/es\/el-gremio-de-los-trabajadores-vitivinicolas-llamo-a-un-paro-el-6-3-tras-romper-la-negociacion-paritaria\/","title":{"rendered":"El gremio de los trabajadores vitivin\u00edcolas llam\u00f3 a un paro el 6\/3 tras romper la negociaci\u00f3n paritaria"},"content":{"rendered":"\n<h4 class=\"wp-block-heading\"><em><strong>La Federaci\u00f3n de Obreros y Empleados Vitivin\u00edcolas y Afines (Foeva) de Argentina declar\u00f3 la ruptura unilateral de la negociaci\u00f3n en reuniones paritarias y anunci\u00f3 un paro de actividades sin asistencia a los lugares de trabajo. Seg\u00fan detalla el comunicado del gremio, las partes patronales les ofrecieron aumentos por 6 meses de 1% para los empleados de bodegas y del 0,5% para los obreros de vi\u00f1a, cifras que los representantes de los trabajadores consideraron \u00abinsuficientes\u00bb y \u00abmiserables\u00bb.<\/strong><\/em><strong><em> <\/em><\/strong><\/h4>\n\n\n\n<div style=\"height:32px\" aria-hidden=\"true\" class=\"wp-block-spacer\"><\/div>\n\n\n<a href=\"https:\/\/www.facebook.com\/SindicatoContratitas\/\" aria-label=\"banner contratistas 1700&#215;500\"><img loading=\"lazy\" decoding=\"async\" src=\"https:\/\/enolife.com.ar\/es\/wp-content\/uploads\/2020\/08\/banner-contratistas-1700x500-1.jpg\" alt=\"\"  srcset=\"https:\/\/enolife.com.ar\/es\/wp-content\/uploads\/2020\/08\/banner-contratistas-1700x500-1.jpg 1700w, https:\/\/enolife.com.ar\/es\/wp-content\/uploads\/2020\/08\/banner-contratistas-1700x500-1-300x88.jpg 300w, https:\/\/enolife.com.ar\/es\/wp-content\/uploads\/2020\/08\/banner-contratistas-1700x500-1-1024x301.jpg 1024w, https:\/\/enolife.com.ar\/es\/wp-content\/uploads\/2020\/08\/banner-contratistas-1700x500-1-768x226.jpg 768w, https:\/\/enolife.com.ar\/es\/wp-content\/uploads\/2020\/08\/banner-contratistas-1700x500-1-1536x452.jpg 1536w, https:\/\/enolife.com.ar\/es\/wp-content\/uploads\/2020\/08\/banner-contratistas-1700x500-1-1170x344.jpg 1170w, https:\/\/enolife.com.ar\/es\/wp-content\/uploads\/2020\/08\/banner-contratistas-1700x500-1-585x172.jpg 585w\" sizes=\"auto, (max-width: 1700px) 100vw, 1700px\" width=\"1700\" height=\"500\"   \/><\/a>\n\n\n<div style=\"height:45px\" aria-hidden=\"true\" class=\"wp-block-spacer\"><\/div>\n\n\n\n<p>La <strong>Federaci\u00f3n de Obreros y Empleados Vitivin\u00edcolas y Afines (Foeva)<\/strong> de <strong>Argentina<\/strong> resolvi\u00f3 romper formalmente la<strong> negociaci\u00f3n paritaria 2026<\/strong> luego de rechazar la propuesta salarial presentada por las c\u00e1maras empresariales en la \u00faltima audiencia celebrada en la ciudad de <strong>Mendoza<\/strong> ante la <strong>Secretar\u00eda de Trabajo de la Naci\u00f3n.<\/strong><\/p>\n\n\n\n<p>Seg\u00fan consta en el acta de la reuni\u00f3n, esta medida se debe a que el sector empresario ofreci\u00f3 para el sector bodega un incremento del <strong>1% mensual durante seis meses y, para el sector vi\u00f1a, un 0,5% mensual en el mismo per\u00edodo.<\/strong> Desde el gremio fueron categ\u00f3ricos al referirse a la oferta: <em>\u201cLa propuesta adem\u00e1s de ser insuficiente ha sido miserable frente al contexto econ\u00f3mico actual\u201d<\/em>, afirm\u00f3 <strong>Daniel Romero<\/strong>, secretario de Prensa de Foeva. Y agreg\u00f3: <em>\u201cEl ofrecimiento resulta inadmisible en el marco de la discusi\u00f3n salarial vigente\u201d.<\/em><\/p>\n\n\n\n<p>Tras el <strong>Plenario de Secretarios Generales<\/strong> realizado el 26 de febrero y ratificado el pasado 3 de marzo, Foeva se declar\u00f3 en libertad de acci\u00f3n y defini\u00f3 la ruptura de la paritaria, avanzando con una medida de fuerza concreta. En ese marco, el gremio convoc\u00f3 a un paro sin asistencia a los lugares de trabajo para este <strong>viernes 6 de marzo<\/strong>, en defensa del poder adquisitivo de los trabajadores vitivin\u00edcolas y en reclamo de una propuesta salarial acorde a la realidad econ\u00f3mica.<\/p>\n\n\n\n<div style=\"height:27px\" aria-hidden=\"true\" class=\"wp-block-spacer\"><\/div>\n\n\n<div class=\"wp-block-image\">\n<figure class=\"aligncenter size-full is-resized\"><a href=\"https:\/\/enolife.com.ar\/es\/wp-content\/uploads\/2026\/03\/trabajador-de-bodega3.jpg\" data-rel=\"penci-gallery-image-content\" ><img loading=\"lazy\" decoding=\"async\" width=\"1000\" height=\"563\" src=\"https:\/\/enolife.com.ar\/es\/wp-content\/uploads\/2026\/03\/trabajador-de-bodega3.jpg\" alt=\"\" class=\"wp-image-174404\" style=\"width:716px;height:auto\" srcset=\"https:\/\/enolife.com.ar\/es\/wp-content\/uploads\/2026\/03\/trabajador-de-bodega3.jpg 1000w, https:\/\/enolife.com.ar\/es\/wp-content\/uploads\/2026\/03\/trabajador-de-bodega3-300x169.jpg 300w, https:\/\/enolife.com.ar\/es\/wp-content\/uploads\/2026\/03\/trabajador-de-bodega3-768x432.jpg 768w, https:\/\/enolife.com.ar\/es\/wp-content\/uploads\/2026\/03\/trabajador-de-bodega3-585x329.jpg 585w\" sizes=\"auto, (max-width: 1000px) 100vw, 1000px\" \/><\/a><\/figure><\/div>\n\n\n<div style=\"height:50px\" aria-hidden=\"true\" class=\"wp-block-spacer\"><\/div>\n\n\n\n<p>Desde la Federaci\u00f3n se\u00f1alaron que el escenario actual no los tom\u00f3 por sorpresa. <em>\u201cDesde principio de a\u00f1o el sector empresario quiere instalar la idea de una crisis profunda en la actividad. Nosotros entendemos que hay dificultades, pero no aceptamos que se utilice ese argumento para condicionar la discusi\u00f3n paritaria y de cosecha\u201d<\/em>, expres\u00f3 Romero.<\/p>\n\n\n\n<p>En esa l\u00ednea, desde Foeva advirtieron que la instalaci\u00f3n de escenarios alarmistas suele coincidir con el inicio de las negociaciones salariales, con el objetivo de limitar los reclamos de recomposici\u00f3n salarial. <em>\u201cCuando se habla livianamente de crisis, lo que muchas veces se busca es justificar la falta de voluntad para pagar salarios dignos a los trabajadores y trabajadoras del sector\u201d<\/em>, agregaron desde la conducci\u00f3n nacional.<\/p>\n\n\n\n<p>Foeva nuclea a obreros y empleados vitivin\u00edcolas de todo el pa\u00eds, por lo que la medida podr\u00eda impactar en bodegas y vi\u00f1as de las principales provincias productoras.<\/p>\n\n\n\n<div style=\"height:31px\" aria-hidden=\"true\" class=\"wp-block-spacer\"><\/div>\n\n\n\n<p class=\"has-small-font-size\"><em><strong>Fuente: Foeva<\/strong><\/em><\/p>\n\n\n\n<div style=\"height:37px\" aria-hidden=\"true\" class=\"wp-block-spacer\"><\/div>\n","protected":false},"excerpt":{"rendered":"<p>La Federaci\u00f3n de Obreros y Empleados Vitivin\u00edcolas y Afines (Foeva) de Argentina declar\u00f3 la ruptura&hellip;<\/p>\n","protected":false},"author":2,"featured_media":6080,"comment_status":"closed","ping_status":"open","sticky":false,"template":"","format":"standard","meta":{"footnotes":""},"categories":[14],"tags":[],"class_list":["post-174396","post","type-post","status-publish","format-standard","has-post-thumbnail","hentry","category-news"],"_links":{"self":[{"href":"https:\/\/enolife.com.ar\/es\/wp-json\/wp\/v2\/posts\/174396","targetHints":{"allow":["GET"]}}],"collection":[{"href":"https:\/\/enolife.com.ar\/es\/wp-json\/wp\/v2\/posts"}],"about":[{"href":"https:\/\/enolife.com.ar\/es\/wp-json\/wp\/v2\/types\/post"}],"author":[{"embeddable":true,"href":"https:\/\/enolife.com.ar\/es\/wp-json\/wp\/v2\/users\/2"}],"replies":[{"embeddable":true,"href":"https:\/\/enolife.com.ar\/es\/wp-json\/wp\/v2\/comments?post=174396"}],"version-history":[{"count":9,"href":"https:\/\/enolife.com.ar\/es\/wp-json\/wp\/v2\/posts\/174396\/revisions"}],"predecessor-version":[{"id":174408,"href":"https:\/\/enolife.com.ar\/es\/wp-json\/wp\/v2\/posts\/174396\/revisions\/174408"}],"wp:featuredmedia":[{"embeddable":true,"href":"https:\/\/enolife.com.ar\/es\/wp-json\/wp\/v2\/media\/6080"}],"wp:attachment":[{"href":"https:\/\/enolife.com.ar\/es\/wp-json\/wp\/v2\/media?parent=174396"}],"wp:term":[{"taxonomy":"category","embeddable":true,"href":"https:\/\/enolife.com.ar\/es\/wp-json\/wp\/v2\/categories?post=174396"},{"taxonomy":"post_tag","embeddable":true,"href":"https:\/\/enolife.com.ar\/es\/wp-json\/wp\/v2\/tags?post=174396"}],"curies":[{"name":"wp","href":"https:\/\/api.w.org\/{rel}","templated":true}]}}