{"id":174364,"date":"2026-03-04T13:01:12","date_gmt":"2026-03-04T13:01:12","guid":{"rendered":"https:\/\/enolife.com.ar\/es\/?p=174364"},"modified":"2026-03-09T14:37:45","modified_gmt":"2026-03-09T14:37:45","slug":"la-amenaza-de-trump-de-cortar-el-comercio-con-espana-es-un-riesgo-para-el-vino-y-el-aceite-de-oliva","status":"publish","type":"post","link":"https:\/\/enolife.com.ar\/es\/la-amenaza-de-trump-de-cortar-el-comercio-con-espana-es-un-riesgo-para-el-vino-y-el-aceite-de-oliva\/","title":{"rendered":"La amenaza de Trump de cortar el comercio con Espa\u00f1a es un riesgo para el vino y el aceite de oliva"},"content":{"rendered":"\n<h4 class=\"wp-block-heading\"><em><strong>Tras el anuncio del presidente de Estados Unidos de que su pa\u00eds iniciar\u00e1 un embargo comercial a Espa\u00f1a por la negativa del presidente Pedro S\u00e1nchez a que EEUU utilice dos bases espa\u00f1olas contra Ir\u00e1n, los productores y exportadores de vino espa\u00f1ol advirtieron que la medida constituir\u00eda un serio problema para la salida del vino y el aceite de oliva hacia el pa\u00eds del Norte. La Uni\u00f3n Europea sale a defender a Espa\u00f1a.<\/strong><\/em><\/h4>\n\n\n\n<div style=\"height:35px\" aria-hidden=\"true\" class=\"wp-block-spacer\"><\/div>\n\n\n\n\n\n<div style=\"height:33px\" aria-hidden=\"true\" class=\"wp-block-spacer\"><\/div>\n\n\n\n<p>La amenaza de cortar todo comercio con <strong>Espa\u00f1a<\/strong> ha sido la forma presentada por el presidente estadounidense, <strong>Donald Trump,<\/strong> para castigar econ\u00f3micamente al pa\u00eds ib\u00e9rico tras la negativa del Gobierno de <strong>Pedro S\u00e1nchez <\/strong>a autorizar el uso de las bases militares de <strong>Mor\u00f3n de la Frontera<\/strong> (foto principal) y <strong>Rota  <\/strong>en las operaciones militares conjuntas con <strong>Israel<\/strong> contra<strong> Ir\u00e1n.<\/strong><\/p>\n\n\n\n<p><strong>El aceite de oliva es el producto m\u00e1s vendido por Espa\u00f1a a Estados Unidos<\/strong> y, por lo tanto, el m\u00e1s expuesto a un eventual embargo comercial, mientras que en direcci\u00f3n contraria los productos farmac\u00e9uticos y el gas son los m\u00e1s comprados desde Espa\u00f1a.<\/p>\n\n\n\n<p><em>\u201cVamos a cortar todo comercio con Espa\u00f1a\u201d<\/em>, asegur\u00f3 el martes 3\/3\/25 Trump, quien habl\u00f3 de embargo y de que EEUU <em>\u00abno necesita nada de Espa\u00f1a\u00bb<\/em>, aunque no queda claro si afectar\u00eda al comercio en las dos direcciones, tanto a exportaciones como a importaciones. La Uni\u00f3n Europea (UE) sali\u00f3 en defensa de Espa\u00f1a ante la amenaza y asegur\u00f3 que <em>\u201cse garantizar\u00e1 que nuestros intereses est\u00e9n protegidos\u201d.<\/em><\/p>\n\n\n\n<div style=\"height:22px\" aria-hidden=\"true\" class=\"wp-block-spacer\"><\/div>\n\n\n<div class=\"wp-block-image\">\n<figure class=\"aligncenter size-large is-resized\"><a href=\"https:\/\/enolife.com.ar\/es\/wp-content\/uploads\/2026\/03\/Trump.webp\"><img loading=\"lazy\" decoding=\"async\" width=\"1024\" height=\"576\" src=\"https:\/\/enolife.com.ar\/es\/wp-content\/uploads\/2026\/03\/Trump-1024x576.webp\" alt=\"\" class=\"wp-image-174373\" style=\"width:728px;height:auto\" srcset=\"https:\/\/enolife.com.ar\/es\/wp-content\/uploads\/2026\/03\/Trump-1024x576.webp 1024w, https:\/\/enolife.com.ar\/es\/wp-content\/uploads\/2026\/03\/Trump-300x169.webp 300w, https:\/\/enolife.com.ar\/es\/wp-content\/uploads\/2026\/03\/Trump-768x432.webp 768w, https:\/\/enolife.com.ar\/es\/wp-content\/uploads\/2026\/03\/Trump-1170x658.webp 1170w, https:\/\/enolife.com.ar\/es\/wp-content\/uploads\/2026\/03\/Trump-585x329.webp 585w, https:\/\/enolife.com.ar\/es\/wp-content\/uploads\/2026\/03\/Trump.webp 1200w\" sizes=\"auto, (max-width: 1024px) 100vw, 1024px\" \/><\/a><\/figure><\/div>\n\n\n<div style=\"height:24px\" aria-hidden=\"true\" class=\"wp-block-spacer\"><\/div>\n\n\n\n<h3 class=\"wp-block-heading has-vivid-red-color has-text-color has-link-color wp-elements-d83a9e92fdc3d3e5a9348784e9b0db99\">Trump amenaza a Espa\u00f1a con embargos por su negativa a usar las bases para que despeguen aviones hacia el conflicto de Oriente Medio: \u201cHe pedido cortar las relaciones comerciales\u201d.<\/h3>\n\n\n\n<div style=\"height:27px\" aria-hidden=\"true\" class=\"wp-block-spacer\"><\/div>\n\n\n\n<p>Pese a ello, el d\u00e9ficit comercial de Espa\u00f1a con EEUU ha aumentado un <strong>34,4% el \u00faltimo a\u00f1o, en 2025, hasta los 13.458,4 millones de euros<\/strong>, como consecuencia de la ca\u00edda de las exportaciones en el a\u00f1o en que han comenzado a aplicarse los aranceles estadounidenses a Europa, de acuerdo con los \u00faltimos datos de la Secretar\u00eda de Estado de Comercio. Al mismo tiempo se han incrementado las importaciones, principalmente las de gas, que ya ven\u00edan aumentando desde la invasi\u00f3n de <strong>Ucrania<\/strong> por parte de <strong>Rusia<\/strong> en 2022 y que se sit\u00faan en este momento a un nivel similar en el porcentaje total de importaciones que las de <strong>Argelia.<\/strong><\/p>\n\n\n\n<p>Las exportaciones desde Espa\u00f1a al gigante norteamericano alcanzaron los <strong>16.716,2 millones de euros en 2025, un 8% menos que en 2024<\/strong>, con el aceite de oliva a la cabeza, del que se vendieron m\u00e1s toneladas que en 2024 pero por un menor importe, que pas\u00f3 <strong>de 1.013 a 732,7 millones.<\/strong><\/p>\n\n\n\n<div style=\"height:21px\" aria-hidden=\"true\" class=\"wp-block-spacer\"><\/div>\n\n\n<div class=\"wp-block-image\">\n<figure class=\"aligncenter size-full is-resized\"><a href=\"https:\/\/enolife.com.ar\/es\/wp-content\/uploads\/2026\/03\/Vino-espanol.jpg\" data-rel=\"penci-gallery-image-content\" ><img loading=\"lazy\" decoding=\"async\" width=\"700\" height=\"382\" src=\"https:\/\/enolife.com.ar\/es\/wp-content\/uploads\/2026\/03\/Vino-espanol.jpg\" alt=\"\" class=\"wp-image-174375\" style=\"width:716px;height:auto\" srcset=\"https:\/\/enolife.com.ar\/es\/wp-content\/uploads\/2026\/03\/Vino-espanol.jpg 700w, https:\/\/enolife.com.ar\/es\/wp-content\/uploads\/2026\/03\/Vino-espanol-300x164.jpg 300w, https:\/\/enolife.com.ar\/es\/wp-content\/uploads\/2026\/03\/Vino-espanol-585x319.jpg 585w\" sizes=\"auto, (max-width: 700px) 100vw, 700px\" \/><\/a><\/figure><\/div>\n\n\n<div style=\"height:40px\" aria-hidden=\"true\" class=\"wp-block-spacer\"><\/div>\n\n\n\n<p>Detr\u00e1s de este desajuste est\u00e1 el precio del aceite de oliva, que <strong>se ha abaratado un 31,6% <\/strong>en el \u00faltimo a\u00f1o, seg\u00fan los datos del Instituto Nacional de Estad\u00edstica (INE) de Espa\u00f1a.<\/p>\n\n\n\n<p>En 2025 cayeron las exportaciones de Estados Unidos de aceites de petr\u00f3leo o de minerales, dentro del apartado de combustibles (de 1.004 a 715,2 millones), de vino (de 335 a 288,3 millones) o de componentes de veh\u00edculos (de 249 a 205 millones), entre otros bienes.<\/p>\n\n\n\n<p>Las importaciones, por su parte, crecieron un 7%, hasta los 30.174,7 millones, con una factura en gas que se ha duplicado en el \u00faltimo a\u00f1o de 2.010 a 4.210,4 millones. Tambi\u00e9n ha aumentado la compra de productos farmac\u00e9uticos (de 6.259 a 6.730 millones) o de m\u00e1quinas y aparatos mec\u00e1nicos (2.443 a 2.740 millones), entre otros.<\/p>\n\n\n\n<p>En las \u00faltimas semanas, los sectores del aceite de oliva y el vino espa\u00f1ol hab\u00edan recibido con <em>\u201cesperanza\u201d <\/em>el fallo del Tribunal Supremo de ese pa\u00eds contra los aranceles impuestos por Trump. Sin embargo, Trump insisti\u00f3 en declaraciones posteriores que volver\u00eda a imponer aranceles m\u00ednimos del 15% a todos los pa\u00edses.<\/p>\n\n\n\n<div style=\"height:27px\" aria-hidden=\"true\" class=\"wp-block-spacer\"><\/div>\n\n\n\n<p class=\"has-small-font-size\"><em><strong>Fuente: eldiario.es<\/strong><\/em><\/p>\n\n\n\n<div style=\"height:39px\" aria-hidden=\"true\" class=\"wp-block-spacer\"><\/div>\n","protected":false},"excerpt":{"rendered":"<p>Tras el anuncio del presidente de Estados Unidos de que su pa\u00eds iniciar\u00e1 un embargo&hellip;<\/p>\n","protected":false},"author":2,"featured_media":174372,"comment_status":"closed","ping_status":"open","sticky":false,"template":"","format":"standard","meta":{"footnotes":""},"categories":[9],"tags":[],"class_list":["post-174364","post","type-post","status-publish","format-standard","has-post-thumbnail","hentry","category-negocios"],"_links":{"self":[{"href":"https:\/\/enolife.com.ar\/es\/wp-json\/wp\/v2\/posts\/174364","targetHints":{"allow":["GET"]}}],"collection":[{"href":"https:\/\/enolife.com.ar\/es\/wp-json\/wp\/v2\/posts"}],"about":[{"href":"https:\/\/enolife.com.ar\/es\/wp-json\/wp\/v2\/types\/post"}],"author":[{"embeddable":true,"href":"https:\/\/enolife.com.ar\/es\/wp-json\/wp\/v2\/users\/2"}],"replies":[{"embeddable":true,"href":"https:\/\/enolife.com.ar\/es\/wp-json\/wp\/v2\/comments?post=174364"}],"version-history":[{"count":11,"href":"https:\/\/enolife.com.ar\/es\/wp-json\/wp\/v2\/posts\/174364\/revisions"}],"predecessor-version":[{"id":174395,"href":"https:\/\/enolife.com.ar\/es\/wp-json\/wp\/v2\/posts\/174364\/revisions\/174395"}],"wp:featuredmedia":[{"embeddable":true,"href":"https:\/\/enolife.com.ar\/es\/wp-json\/wp\/v2\/media\/174372"}],"wp:attachment":[{"href":"https:\/\/enolife.com.ar\/es\/wp-json\/wp\/v2\/media?parent=174364"}],"wp:term":[{"taxonomy":"category","embeddable":true,"href":"https:\/\/enolife.com.ar\/es\/wp-json\/wp\/v2\/categories?post=174364"},{"taxonomy":"post_tag","embeddable":true,"href":"https:\/\/enolife.com.ar\/es\/wp-json\/wp\/v2\/tags?post=174364"}],"curies":[{"name":"wp","href":"https:\/\/api.w.org\/{rel}","templated":true}]}}