{"id":174355,"date":"2026-03-04T03:50:28","date_gmt":"2026-03-04T03:50:28","guid":{"rendered":"https:\/\/enolife.com.ar\/es\/?p=174355"},"modified":"2026-03-04T23:16:42","modified_gmt":"2026-03-04T23:16:42","slug":"las-nuevas-maquinas-para-hacer-vino-cerveza-aceite-y-licores-luciran-en-la-feria-simei-de-milan","status":"publish","type":"post","link":"https:\/\/enolife.com.ar\/es\/las-nuevas-maquinas-para-hacer-vino-cerveza-aceite-y-licores-luciran-en-la-feria-simei-de-milan\/","title":{"rendered":"Las nuevas m\u00e1quinas para hacer vino, cerveza, aceite y licores lucir\u00e1n en la Feria Simei de Mil\u00e1n"},"content":{"rendered":"\n<h4 class=\"wp-block-heading\"><em><strong>La Expo bianual -la mayor del mundo en su tipo- donde se exhiben las \u00faltimas innovaciones y las m\u00e1s asombrosas tecnolog\u00edas para las industrias del vino y otros alimentos l\u00edquidos, se realizar\u00e1 en Mil\u00e1n, Italia, del 17 al 20 de noviembre de 2026. Para reportar esos adelantos, Enolife volver\u00e1 a estar presente all\u00ed como en 2022 y 2024 en su calidad de \u00fanico medio asociado en Am\u00e9rica Latina.<\/strong><\/em><\/h4>\n\n\n\n<div style=\"height:21px\" aria-hidden=\"true\" class=\"wp-block-spacer\"><\/div>\n\n\n<a href=\"https:\/\/www.dellatoffola.com.ar\/es\/home\" aria-label=\"Banner Filtro Omnia_1700x500\"><img loading=\"lazy\" decoding=\"async\" src=\"https:\/\/enolife.com.ar\/es\/wp-content\/uploads\/2023\/10\/Banner-Filtro-Omnia_1700x500.png\" alt=\"\"  srcset=\"https:\/\/enolife.com.ar\/es\/wp-content\/uploads\/2023\/10\/Banner-Filtro-Omnia_1700x500.png 1699w, https:\/\/enolife.com.ar\/es\/wp-content\/uploads\/2023\/10\/Banner-Filtro-Omnia_1700x500-300x88.png 300w, https:\/\/enolife.com.ar\/es\/wp-content\/uploads\/2023\/10\/Banner-Filtro-Omnia_1700x500-1024x301.png 1024w, https:\/\/enolife.com.ar\/es\/wp-content\/uploads\/2023\/10\/Banner-Filtro-Omnia_1700x500-768x226.png 768w, https:\/\/enolife.com.ar\/es\/wp-content\/uploads\/2023\/10\/Banner-Filtro-Omnia_1700x500-1536x452.png 1536w, https:\/\/enolife.com.ar\/es\/wp-content\/uploads\/2023\/10\/Banner-Filtro-Omnia_1700x500-1170x344.png 1170w, https:\/\/enolife.com.ar\/es\/wp-content\/uploads\/2023\/10\/Banner-Filtro-Omnia_1700x500-585x172.png 585w\" sizes=\"auto, (max-width: 1699px) 100vw, 1699px\" width=\"1699\" height=\"500\"   \/><\/a>\n\n\n<div style=\"height:40px\" aria-hidden=\"true\" class=\"wp-block-spacer\"><\/div>\n\n\n\n<p>Del <strong>17 al 20<\/strong> de <strong>noviembre<\/strong>, en su magn\u00edfico escenario de la <strong>Fiera Milano, la <\/strong>exposici\u00f3n internacional bianual Simei mostrar\u00e1 al mundo lo mejor de la tecnolog\u00eda aplicada a la enolog\u00eda y a las m\u00e1quinas embotelladoras. Desde hace m\u00e1s de 60 a\u00f1os, esta feria ha sido el evento de referencia para toda la cadena de suministro, con soluciones y propuestas innovadoras a lo largo del proceso de producci\u00f3n desde el vi\u00f1edo hasta el vidrio. <\/p>\n\n\n\n<p>Organizada por <strong>Unione Italiana Vini (UIV),<\/strong> la exposici\u00f3n se est\u00e1 preparando para su <strong>31 edici\u00f3n<\/strong>, que confirma las hist\u00f3ricas \u00e1reas de productos, desde el vino hasta la cerveza, pasando por el aceite y las licores, y la presencia de los nuevos pabellones <strong>Liquid Food and Drinks<\/strong> de la organizaci\u00f3n <strong>Bevertech.<\/strong><\/p>\n\n\n\n<p><em>\u201cEn un escenario de mercado cada vez m\u00e1s complejo y din\u00e1mico, Simei pretende reforzar su papel como plataforma estrat\u00e9gica para la innovaci\u00f3n, con un enfoque cada vez m\u00e1s marcado en el progreso en t\u00e9rminos de soluciones y racionalizaci\u00f3n de procesos\u00bb<\/em>, destac\u00f3 el CEO de la Unione Italiana Vini<strong>, Paolo<\/strong> <strong>Castelletti.<\/strong> <\/p>\n\n\n\n<p><em>\u00abEs un \u00e1rea en la que Italia cuenta con una reconocida excelencia, capaz de identificar soluciones concretas y prescindibles para sectores que est\u00e1n pasando por momentos cr\u00edticos. En este sentido, adem\u00e1s de facilitar oportunidades de negocio, la exposici\u00f3n es un momento estrat\u00e9gico de encuentro y confrontaci\u00f3n para todos los actores de la cadena de suministro nacional e internacional\u00bb<\/em>, agreg\u00f3 Castelletti. <\/p>\n\n\n\n<p>Y concluy\u00f3: <em>\u00abCon un formato m\u00e1s evolucionado en alianzas y propuestas de contenido, queremos involucrar a las empresas que eligen ampliar y diferenciar su oferta gracias a la creciente integraci\u00f3n entre tecnolog\u00edas\u201d.<\/em><\/p>\n\n\n\n<div style=\"height:35px\" aria-hidden=\"true\" class=\"wp-block-spacer\"><\/div>\n\n\n\n<p class=\"has-cyan-bluish-gray-background-color has-background\"><strong>La Simei en resumen<\/strong><br><br>Con <strong>578 empresas<\/strong> y marcas en exhibici\u00f3n, m\u00e1s de <strong>30.000 metros cuadrados<\/strong> de exposiciones y delegaciones extranjeras de <strong>32 pa\u00edses<\/strong> (edici\u00f3n de datos 2024), <strong>Simei<\/strong> es la exposici\u00f3n internacional de referencia para m\u00e1quinas de enolog\u00eda y embotellado. Este a\u00f1o, en su 31 edici\u00f3n, el evento de la Uni\u00f3n Italiana del Vino (UIV) har\u00e1 un balance de las novedades e innovaciones en la tecnolog\u00eda aplicada a la cadena de suministro de vino y la industria de bebidas en todas sus fases, con un enfoque en el vino, los alimentos l\u00edquidos, el aceite, la cerveza y los licores. La edici\u00f3n 2024 registr\u00f3 m\u00e1s de <strong>33 mil visitantes profesionales de 90 pa\u00edses.<\/strong><\/p>\n\n\n\n<div style=\"height:33px\" aria-hidden=\"true\" class=\"wp-block-spacer\"><\/div>\n\n\n\n<p class=\"has-medium-font-size\"><strong>Nuevos sectores y pabellones<\/strong><\/p>\n\n\n\n<p>El debut de<strong> Bevertech<\/strong> se suma de hecho a la colaboraci\u00f3n con <strong>\u00abL\u2019Oleoteca di Olio Officina\u00bb, <\/strong>de<strong> Luigi Caricato<\/strong>. Por otro lado, se celebra la nueva asociaci\u00f3n con el <strong>Consorzio Birra Italiana<\/strong>. Y vuelve a estar presente la asociaci\u00f3n con <strong>Distillo<\/strong>, la feria dedicada a equipos para microdestiler\u00edas, que realizar\u00e1 su cuarta edici\u00f3n  en el \u00abSalone\u00bb. Al respecto, est\u00e1 anunciada una <strong>primera<\/strong> conferencia internacional para detallar el evento <strong>el martes 28 de<\/strong> abril en <strong>la Bodega<\/strong> Astoria, de Treviso, una de las mayores productoras del emblem\u00e1tico Prosecco italiano.<\/p>\n\n\n\n<div style=\"height:34px\" aria-hidden=\"true\" class=\"wp-block-spacer\"><\/div>\n\n\n<div class=\"wp-block-image\">\n<figure class=\"aligncenter size-large is-resized\"><a href=\"https:\/\/enolife.com.ar\/es\/wp-content\/uploads\/2026\/03\/Maquina-Simei1.jpg\" data-rel=\"penci-gallery-image-content\" ><img loading=\"lazy\" decoding=\"async\" width=\"1024\" height=\"683\" src=\"https:\/\/enolife.com.ar\/es\/wp-content\/uploads\/2026\/03\/Maquina-Simei1-1024x683.jpg\" alt=\"\" class=\"wp-image-174361\" style=\"width:722px;height:auto\" srcset=\"https:\/\/enolife.com.ar\/es\/wp-content\/uploads\/2026\/03\/Maquina-Simei1-1024x683.jpg 1024w, https:\/\/enolife.com.ar\/es\/wp-content\/uploads\/2026\/03\/Maquina-Simei1-300x200.jpg 300w, https:\/\/enolife.com.ar\/es\/wp-content\/uploads\/2026\/03\/Maquina-Simei1-768x512.jpg 768w, https:\/\/enolife.com.ar\/es\/wp-content\/uploads\/2026\/03\/Maquina-Simei1-1170x781.jpg 1170w, https:\/\/enolife.com.ar\/es\/wp-content\/uploads\/2026\/03\/Maquina-Simei1-585x390.jpg 585w, https:\/\/enolife.com.ar\/es\/wp-content\/uploads\/2026\/03\/Maquina-Simei1.jpg 1280w\" sizes=\"auto, (max-width: 1024px) 100vw, 1024px\" \/><\/a><\/figure><\/div>\n\n\n<div style=\"height:45px\" aria-hidden=\"true\" class=\"wp-block-spacer\"><\/div>\n\n\n\n<p>Tambi\u00e9n se anunci\u00f3 el evento <strong>\u00abTurismo en destiler\u00edas y f\u00e1bricas de licores: retos y oportunidades de hospitalidad\u00bb<\/strong>, organizado por <strong>Distillo<\/strong> en colaboraci\u00f3n con <strong>Simei<\/strong> y la <strong>Uni\u00f3n Italiana del Vino<\/strong>, que tiene como objetivo ofrecer una oportunidad de discusi\u00f3n para los operadores del sector, prensa especializada, productores y profesionales interesados en aprovechar las oportunidades que ofrece el turismo experiencial relacionado con el mundo de la destilaci\u00f3n.<\/p>\n\n\n\n<p>Por \u00faltimo, tambi\u00e9n se confirm\u00f3 la cita con el tradicional <strong>Innovation Challenge<\/strong>, la competencia que premia las innovaciones tecnol\u00f3gicas del sector.<\/p>\n\n\n\n<p class=\"has-cyan-bluish-gray-background-color has-background\"><strong>Para informaci\u00f3n y reservas de la conferencia del 28 de abril: <a href=\"mailto:info@distillerie.it\">info@distillerie.it<\/a>&nbsp;<\/strong><\/p>\n\n\n\n<div style=\"height:28px\" aria-hidden=\"true\" class=\"wp-block-spacer\"><\/div>\n","protected":false},"excerpt":{"rendered":"<p>La Expo bianual -la mayor del mundo en su tipo- donde se exhiben las \u00faltimas&hellip;<\/p>\n","protected":false},"author":2,"featured_media":174360,"comment_status":"closed","ping_status":"open","sticky":false,"template":"","format":"standard","meta":{"footnotes":""},"categories":[10],"tags":[],"class_list":["post-174355","post","type-post","status-publish","format-standard","has-post-thumbnail","hentry","category-ferias"],"_links":{"self":[{"href":"https:\/\/enolife.com.ar\/es\/wp-json\/wp\/v2\/posts\/174355","targetHints":{"allow":["GET"]}}],"collection":[{"href":"https:\/\/enolife.com.ar\/es\/wp-json\/wp\/v2\/posts"}],"about":[{"href":"https:\/\/enolife.com.ar\/es\/wp-json\/wp\/v2\/types\/post"}],"author":[{"embeddable":true,"href":"https:\/\/enolife.com.ar\/es\/wp-json\/wp\/v2\/users\/2"}],"replies":[{"embeddable":true,"href":"https:\/\/enolife.com.ar\/es\/wp-json\/wp\/v2\/comments?post=174355"}],"version-history":[{"count":5,"href":"https:\/\/enolife.com.ar\/es\/wp-json\/wp\/v2\/posts\/174355\/revisions"}],"predecessor-version":[{"id":174362,"href":"https:\/\/enolife.com.ar\/es\/wp-json\/wp\/v2\/posts\/174355\/revisions\/174362"}],"wp:featuredmedia":[{"embeddable":true,"href":"https:\/\/enolife.com.ar\/es\/wp-json\/wp\/v2\/media\/174360"}],"wp:attachment":[{"href":"https:\/\/enolife.com.ar\/es\/wp-json\/wp\/v2\/media?parent=174355"}],"wp:term":[{"taxonomy":"category","embeddable":true,"href":"https:\/\/enolife.com.ar\/es\/wp-json\/wp\/v2\/categories?post=174355"},{"taxonomy":"post_tag","embeddable":true,"href":"https:\/\/enolife.com.ar\/es\/wp-json\/wp\/v2\/tags?post=174355"}],"curies":[{"name":"wp","href":"https:\/\/api.w.org\/{rel}","templated":true}]}}