{"id":174334,"date":"2026-03-04T03:09:27","date_gmt":"2026-03-04T03:09:27","guid":{"rendered":"https:\/\/enolife.com.ar\/es\/?p=174334"},"modified":"2026-03-05T22:10:00","modified_gmt":"2026-03-05T22:10:00","slug":"el-libre-comercio-mercosur-ue-comenzara-el-1-5-2026-anunciaron-en-europa","status":"publish","type":"post","link":"https:\/\/enolife.com.ar\/es\/el-libre-comercio-mercosur-ue-comenzara-el-1-5-2026-anunciaron-en-europa\/","title":{"rendered":"El libre comercio Mercosur-UE comenzar\u00e1 el 1\/5\/2026, anunciaron en Europa"},"content":{"rendered":"\n<h4 class=\"wp-block-heading\"><em><strong>Tras las dilaciones y obst\u00e1culos puestos por algunos Parlamentos europeos para la entrada en vigor del Acuerdo de Libre Comercio entre los pa\u00edses del bloque Mercosur (Argentina, Brasil, Uruguay y Paraguay) con los 27 pa\u00edses de la Uni\u00f3n Europea, sorprendi\u00f3 el anuncio de la presidenta de la Comisi\u00f3n Europea, \u00darsula von der Leyen, quien asegur\u00f3 el viernes 27\/2\/26 en Bruselas que ya est\u00e1 todo listo para iniciar el comercio bilateral con reducci\u00f3n de aranceles a cero en el 92% de los productos de ambos bloques. <\/strong><\/em><\/h4>\n\n\n\n<div style=\"height:33px\" aria-hidden=\"true\" class=\"wp-block-spacer\"><\/div>\n\n\n<a href=\"https:\/\/sudafilt.com\/\" aria-label=\"SUDAFILT 1700X500 NOV25\"><img loading=\"lazy\" decoding=\"async\" src=\"https:\/\/enolife.com.ar\/es\/wp-content\/uploads\/2020\/07\/SUDAFILT-1700X500-NOV25.gif\" alt=\"\"  width=\"1700\" height=\"500\"   \/><\/a>\n\n\n<div style=\"height:39px\" aria-hidden=\"true\" class=\"wp-block-spacer\"><\/div>\n\n\n\n<p>La presidenta de la Comisi\u00f3n Europea, <strong>Ursula von der Leyen<\/strong>, anunci\u00f3 el pasado viernes 27\/2\/2026 que la <strong>parte comercial<\/strong> del acuerdo entre la <strong>Uni\u00f3n Europea y el Mercosur<\/strong> <strong>entrar\u00e1 en vigor el 1\u00b0 de mayo<\/strong> <strong>de 2026,<\/strong> de manera provisional, tras la ratificaci\u00f3n de <strong>Argentina<\/strong> y <strong>Uruguay.<\/strong> La decisi\u00f3n tambi\u00e9n alcanzar\u00e1 a <strong>Paraguay<\/strong> y <strong>Brasil<\/strong> y marca la activaci\u00f3n concreta de un tratado que demand\u00f3 m\u00e1s de dos d\u00e9cadas de negociaciones pol\u00edticas y t\u00e9cnicas entre ambos bloques.<\/p>\n\n\n\n<p><em>\u00abCuando ellos est\u00e9n listos, nosotros estaremos listos\u00bb,<\/em> sostuvo Von der Leyen en una declaraci\u00f3n en Bruselas, B\u00e9lgica, sede de la Comisi\u00f3n Europea. Y explic\u00f3 que en las \u00faltimas semanas mantuvo intensas conversaciones con los Estados miembros y el Parlamento Europeo antes de avanzar con la aplicaci\u00f3n provisional.<\/p>\n\n\n\n<div style=\"height:25px\" aria-hidden=\"true\" class=\"wp-block-spacer\"><\/div>\n\n\n<div class=\"wp-block-image\">\n<figure class=\"aligncenter size-large is-resized\"><a href=\"https:\/\/enolife.com.ar\/es\/wp-content\/uploads\/2026\/03\/Ursula-von-der-Leyen.jpg\" data-rel=\"penci-gallery-image-content\" ><img loading=\"lazy\" decoding=\"async\" width=\"1024\" height=\"575\" src=\"https:\/\/enolife.com.ar\/es\/wp-content\/uploads\/2026\/03\/Ursula-von-der-Leyen-1024x575.jpg\" alt=\"\" class=\"wp-image-174344\" style=\"width:704px;height:auto\" srcset=\"https:\/\/enolife.com.ar\/es\/wp-content\/uploads\/2026\/03\/Ursula-von-der-Leyen-1024x575.jpg 1024w, https:\/\/enolife.com.ar\/es\/wp-content\/uploads\/2026\/03\/Ursula-von-der-Leyen-300x168.jpg 300w, https:\/\/enolife.com.ar\/es\/wp-content\/uploads\/2026\/03\/Ursula-von-der-Leyen-768x431.jpg 768w, https:\/\/enolife.com.ar\/es\/wp-content\/uploads\/2026\/03\/Ursula-von-der-Leyen-1170x657.jpg 1170w, https:\/\/enolife.com.ar\/es\/wp-content\/uploads\/2026\/03\/Ursula-von-der-Leyen-585x329.jpg 585w, https:\/\/enolife.com.ar\/es\/wp-content\/uploads\/2026\/03\/Ursula-von-der-Leyen.jpg 1300w\" sizes=\"auto, (max-width: 1024px) 100vw, 1024px\" \/><\/a><figcaption class=\"wp-element-caption\"><em><strong>\u00darsula von der Leyen, presidenta de la Comisi\u00f3n Europea.<\/strong><\/em><\/figcaption><\/figure><\/div>\n\n\n<div style=\"height:28px\" aria-hidden=\"true\" class=\"wp-block-spacer\"><\/div>\n\n\n\n<p>La funcionaria record\u00f3 que en enero el <strong>Consejo Europeo<\/strong> autoriz\u00f3 a la Comisi\u00f3n a poner en marcha el acuerdo una vez que se concretara la primera ratificaci\u00f3n en el Mercosur, condici\u00f3n que qued\u00f3 cumplida con el aval legislativo de Argentina y Uruguay.<\/p>\n\n\n\n<p>Con esta decisi\u00f3n, <strong>desde el 1\u00b0 de mayo de 2026 comenzar\u00e1 a regir el cap\u00edtulo comercial<\/strong>, mientras contin\u00faan los pasos formales pendientes en algunos pa\u00edses.<\/p>\n\n\n\n<p>Se trata de uno de los entendimientos comerciales m\u00e1s relevantes entre Europa y Am\u00e9rica del Sur, con impacto directo en aranceles, acceso a mercados y reglas de comercio bilateral.<\/p>\n\n\n\n<div style=\"height:47px\" aria-hidden=\"true\" class=\"wp-block-spacer\"><\/div>\n\n\n\n<p class=\"has-medium-font-size\"><strong>Los puntos m\u00e1s importantes del acuerdo y su impacto en Argentina<\/strong><\/p>\n\n\n\n<div style=\"height:18px\" aria-hidden=\"true\" class=\"wp-block-spacer\"><\/div>\n\n\n\n<ul class=\"wp-block-list\">\n<li><strong>Reducci\u00f3n de aranceles sobre casi la totalidad del comercio bilateral:<\/strong> la Uni\u00f3n Europea eliminar\u00e1 aranceles para el <strong>92 % de las exportaciones del Mercosur hacia ese mercado<\/strong>, con acceso preferencial adicional para otro 7,5 %, lo que deja pr\u00e1cticamente <strong>el 99 % de los bienes agr\u00edcolas sudamericanos alcanzados por beneficios arancelarios<\/strong>.&nbsp;<\/li>\n\n\n\n<li><strong>Fuerte impulso exportador para Argentina:<\/strong> seg\u00fan proyecciones oficiales, las exportaciones argentinas hacia la UE podr\u00edan <strong>crecer m\u00e1s del 76 % en cinco a\u00f1os y hasta 122 % en diez a\u00f1os<\/strong>, lo que implica una duplicaci\u00f3n de ingresos por ventas externas si el pacto se implementa plenamente.&nbsp;<\/li>\n\n\n\n<li><strong>Acceso a un mercado global ampliado:<\/strong> el acuerdo crear\u00e1 una zona de libre comercio que combina a Mercosur y la UE con m\u00e1s de <strong>700 millones de consumidores y un peso significativo en el comercio mundial<\/strong>, potenciando el alcance de los productos argentinos m\u00e1s all\u00e1 del Atl\u00e1ntico.&nbsp;<\/li>\n\n\n\n<li><strong>Normas claras para bienes, servicios e inversiones:<\/strong> el pacto no solo reduce aranceles, sino que tambi\u00e9n establece reglas para comercio de servicios, inversi\u00f3n, compras p\u00fablicas y est\u00e1ndares regulatorios, lo que puede ofrecer seguridad jur\u00eddica a exportadores e inversores argentinos.<\/li>\n\n\n\n<li><strong>Desaf\u00edos y debates sobre instauraci\u00f3n y normas de protecci\u00f3n:<\/strong> el tratado incluye plazos de implementaci\u00f3n escalonada (hasta 15 a\u00f1os para productos sensibles) y mecanismos de revisi\u00f3n, pero sigue pendiente su entrada en vigor definitiva mientras se resuelven impugnaciones legales en la UE y se completa la ratificaci\u00f3n por todos los pa\u00edses miembros.<\/li>\n<\/ul>\n\n\n\n<div style=\"height:31px\" aria-hidden=\"true\" class=\"wp-block-spacer\"><\/div>\n\n\n\n<p class=\"has-medium-font-size\"><strong>Satisfacci\u00f3n en Italia<\/strong><\/p>\n\n\n\n<p>El presidente de la <strong>Uni\u00f3n Italiana del Vino<\/strong> (Unione Italiana Vini, UIV), Lamberto Frescobaldi, expres\u00f3 el beneplacito de la mayor organizaci\u00f3n vitivin\u00edcola del pa\u00eds que en 2025 volvi\u00f3 a ser el primer productor de vino del Mundo. <em>\u201cNos alegramos por la noticia llegada desde Bruselas de la entrada provisional en vigor del acuerdo comercial con el Mercosur <\/em>-manifest\u00f3 Frescobaldi en un comunicado oficial de la UIV. Y agreg\u00f3: <em>\u00abEl cambio decisivo de ritmo en el frente de la pol\u00edtica comercial refleja una Uni\u00f3n Europea que finalmente est\u00e1 unida, atenta a apoyar a las empresas a trav\u00e9s de la apertura de nuevos mercados\u201d<\/em>. <\/p>\n\n\n\n<div style=\"height:27px\" aria-hidden=\"true\" class=\"wp-block-spacer\"><\/div>\n\n\n<div class=\"wp-block-image\">\n<figure class=\"aligncenter size-large is-resized\"><a href=\"https:\/\/enolife.com.ar\/es\/wp-content\/uploads\/2026\/03\/Lamberto-Frescobaldi.jpg\" data-rel=\"penci-gallery-image-content\" ><img loading=\"lazy\" decoding=\"async\" width=\"1024\" height=\"779\" src=\"https:\/\/enolife.com.ar\/es\/wp-content\/uploads\/2026\/03\/Lamberto-Frescobaldi-1024x779.jpg\" alt=\"\" class=\"wp-image-174347\" style=\"width:702px;height:auto\" srcset=\"https:\/\/enolife.com.ar\/es\/wp-content\/uploads\/2026\/03\/Lamberto-Frescobaldi-1024x779.jpg 1024w, https:\/\/enolife.com.ar\/es\/wp-content\/uploads\/2026\/03\/Lamberto-Frescobaldi-300x228.jpg 300w, https:\/\/enolife.com.ar\/es\/wp-content\/uploads\/2026\/03\/Lamberto-Frescobaldi-768x584.jpg 768w, https:\/\/enolife.com.ar\/es\/wp-content\/uploads\/2026\/03\/Lamberto-Frescobaldi-1536x1168.jpg 1536w, https:\/\/enolife.com.ar\/es\/wp-content\/uploads\/2026\/03\/Lamberto-Frescobaldi-1170x890.jpg 1170w, https:\/\/enolife.com.ar\/es\/wp-content\/uploads\/2026\/03\/Lamberto-Frescobaldi-585x445.jpg 585w, https:\/\/enolife.com.ar\/es\/wp-content\/uploads\/2026\/03\/Lamberto-Frescobaldi.jpg 1600w\" sizes=\"auto, (max-width: 1024px) 100vw, 1024px\" \/><\/a><figcaption class=\"wp-element-caption\"><em><strong>Lamberto Frescobaldi, m\u00e1ximo dirigente del vino en Italia, el primer productor mundial.<\/strong><\/em><\/figcaption><\/figure><\/div>\n\n\n<div style=\"height:29px\" aria-hidden=\"true\" class=\"wp-block-spacer\"><\/div>\n\n\n\n<p>El hist\u00f3rico dirigente vitivin\u00edcola italiano coment\u00f3 la decisi\u00f3n de la Comisi\u00f3n Europea de validar y acelerar el acuerdo con el Mercosur, decidida tras la ratificaci\u00f3n por parte de Uruguay y Argentina. <em>\u201cEn un momento de tensi\u00f3n e incertidumbre para el sector vitivin\u00edcola <\/em>-prosigui\u00f3-<em>, debemos aprovechar todas las oportunidades de desarrollo empresarial. En particular, debemos seguir trabajando en sinergia con las instituciones, desde el gobierno hasta las agencias europeas, para organizar un plan de promoci\u00f3n extraordinario capaz de apoyar las exportaciones de Italia. El acuerdo tambi\u00e9n es importante para todo el sector agroalimentario con el fin de proteger las denominaciones de origen italianas. El bloque sudamericano es hoy un mercado todav\u00eda marginal para los vinos italianos y europeos, destinados a crecer con la reducci\u00f3n progresiva prevista de barreras, aranceles e impuesto. Basta pensar que Argentina y Brasil son los principales productores de alimentos de la regi\u00f3n y grandes consumidores de vino, para proyectar un crecimiento en el valor de las importaciones de vino desde nuestro pa\u00eds\u00bb.<\/em><\/p>\n\n\n\n<p>Seg\u00fan el an\u00e1lisis del <strong>Observatorio de la Uni\u00f3n Italiana del Vino<\/strong>, por razones hist\u00f3ricas y culturales, la zona del Mercosur, que cuenta con m\u00e1s de <strong>300 millones de consumidores,<\/strong> representa un contexto potencialmente receptivo para los vinos europeos e italianos. Por ejemplo -consign\u00f3 el Observatorio-, los vinos europeos destinados a Brasil sufrieron en los \u00faltimos a\u00f1os aumentos de hasta el 27% para los vinos tranquilos y del 35% para los vinos espumosos debido a los aranceles de importaci\u00f3n. Una eliminaci\u00f3n progresiva en los pr\u00f3ximos 8 a\u00f1os podr\u00eda tener un impacto positivo en la competitividad de las empresas. La importaci\u00f3n de vino en Brasil es de hecho cercana a los 500 millones de euros al a\u00f1o, mientras que la cuota italiana es de apenas 42,5 millones de euros, alrededor del 8% del total.<\/p>\n\n\n\n<div style=\"height:24px\" aria-hidden=\"true\" class=\"wp-block-spacer\"><\/div>\n\n\n\n<p class=\"has-small-font-size\"><em><strong>Fuentes: El Economista y Uni\u00f3n Italiana del Vino<\/strong><\/em><\/p>\n\n\n\n<div style=\"height:29px\" aria-hidden=\"true\" class=\"wp-block-spacer\"><\/div>\n","protected":false},"excerpt":{"rendered":"<p>Tras las dilaciones y obst\u00e1culos puestos por algunos Parlamentos europeos para la entrada en vigor&hellip;<\/p>\n","protected":false},"author":2,"featured_media":174342,"comment_status":"closed","ping_status":"open","sticky":false,"template":"","format":"standard","meta":{"footnotes":""},"categories":[9],"tags":[],"class_list":["post-174334","post","type-post","status-publish","format-standard","has-post-thumbnail","hentry","category-negocios"],"_links":{"self":[{"href":"https:\/\/enolife.com.ar\/es\/wp-json\/wp\/v2\/posts\/174334","targetHints":{"allow":["GET"]}}],"collection":[{"href":"https:\/\/enolife.com.ar\/es\/wp-json\/wp\/v2\/posts"}],"about":[{"href":"https:\/\/enolife.com.ar\/es\/wp-json\/wp\/v2\/types\/post"}],"author":[{"embeddable":true,"href":"https:\/\/enolife.com.ar\/es\/wp-json\/wp\/v2\/users\/2"}],"replies":[{"embeddable":true,"href":"https:\/\/enolife.com.ar\/es\/wp-json\/wp\/v2\/comments?post=174334"}],"version-history":[{"count":14,"href":"https:\/\/enolife.com.ar\/es\/wp-json\/wp\/v2\/posts\/174334\/revisions"}],"predecessor-version":[{"id":174363,"href":"https:\/\/enolife.com.ar\/es\/wp-json\/wp\/v2\/posts\/174334\/revisions\/174363"}],"wp:featuredmedia":[{"embeddable":true,"href":"https:\/\/enolife.com.ar\/es\/wp-json\/wp\/v2\/media\/174342"}],"wp:attachment":[{"href":"https:\/\/enolife.com.ar\/es\/wp-json\/wp\/v2\/media?parent=174334"}],"wp:term":[{"taxonomy":"category","embeddable":true,"href":"https:\/\/enolife.com.ar\/es\/wp-json\/wp\/v2\/categories?post=174334"},{"taxonomy":"post_tag","embeddable":true,"href":"https:\/\/enolife.com.ar\/es\/wp-json\/wp\/v2\/tags?post=174334"}],"curies":[{"name":"wp","href":"https:\/\/api.w.org\/{rel}","templated":true}]}}