{"id":17430,"date":"2020-08-01T14:51:36","date_gmt":"2020-08-01T14:51:36","guid":{"rendered":"http:\/\/enolife.com.ar\/es\/?p=17430"},"modified":"2020-08-05T19:53:19","modified_gmt":"2020-08-05T19:53:19","slug":"en-2020-producir-15-000-kg-de-uva-por-ha-costo-un-32-mas-que-el-precio-obtenido-por-la-venta","status":"publish","type":"post","link":"https:\/\/enolife.com.ar\/es\/en-2020-producir-15-000-kg-de-uva-por-ha-costo-un-32-mas-que-el-precio-obtenido-por-la-venta\/","title":{"rendered":"En 2020, producir 15.000 kg de uva por ha. cost\u00f3 un 32% m\u00e1s que el precio obtenido por la venta"},"content":{"rendered":"\n<h4 class=\"wp-block-heading\"><em><strong>Seg\u00fan el an\u00e1lisis estad\u00edstico del Observatorio de la Asociaci\u00f3n de Cooperativas Vitivin\u00edcolas Argentinas (Acovi), producir 150 quintales m\u00e9tricos de uva tinta com\u00fan en parral, por hect\u00e1rea, cost\u00f3 $161.186 a valores de junio 2020, mientras que el producto de la venta de esa uva dej\u00f3 $122.642, o sea que qued\u00f3 un d\u00e9ficit de $38.544. Este tema y varios otros como el Banco de Vinos, el programa Mendoza Activa, el impacto de la crisis h\u00eddrica en el campo y la necesidad de mayor financiaci\u00f3n para los agricultores, fueron tratados en una reciente reuni\u00f3n entre el gerente de Acovi y presidente de Coninagro, Carlos Iannizzotto, y funcionarios del gobierno de Mendoza.<\/strong><\/em><\/h4>\n\n\n\n<div style=\"height:20px\" aria-hidden=\"true\" class=\"wp-block-spacer\"><\/div>\n\n\n\n<p>Durante la reuni\u00f3n, <strong>Carlos Iannizzotto<\/strong> inform\u00f3 sobre la propuesta de <strong>Coninagro<\/strong> al gobierno nacional de federalizar la econom\u00eda, eliminar las retenciones a las econom\u00edas regionales, solucionar el costo laboral y mejorar la corresponsabilidad gremial, entre otros temas. Finalmente, el l\u00edder de las cooperativas agropecuarias nacionales coment\u00f3 que desde el <strong>Instituto Nacional de Asociativismo y Econom\u00eda Social (Inaes<\/strong>) se est\u00e1 trabajando con la <strong>Secretar\u00eda de la Peque\u00f1a y Mediana Empresa y los Emprendedores de la Naci\u00f3n (Sepyme)<\/strong> de la Naci\u00f3n para dar subsidios y cr\u00e9ditos a las cooperativas.<\/p>\n\n\n\n<p>\u201cEl Plan Coninagro pretende frenar la ca\u00edda del PBI y generar un rebote productivo motorizando la movilidad social ascendente, apostando a dinamizar el sector, con equidad y empleo en nuestro pa\u00eds, desde la fuerza y creatividad del cooperativismo agroindustrial nacional. Es una convocatoria a generar consensos para un acuerdo econ\u00f3mico-social porque apunta a entablar puentes entre el campo y la ciudad. Hay que hacer un giro productivo: de sobrevivir a crecer\u201d, remarc\u00f3 Carlos Iannizzotto.<\/p>\n\n\n\n<p>Form\u00f3 parte del encuentro el secretario de <strong>Agricultura y Ganader\u00eda de  Mendoza, Sergio Moralejo<\/strong>, quien explic\u00f3 que el <strong>Banco de Vinos<\/strong> -ya con un proyecto de ley en la Legislatura de Mendoza- es un sistema financiero de administraci\u00f3n de stock para cuidar el valor del vino a trav\u00e9s de un mecanismo de autobloqueo.<\/p>\n\n\n\n<div style=\"height:20px\" aria-hidden=\"true\" class=\"wp-block-spacer\"><\/div>\n\n\n\n<figure class=\"wp-block-image\"><img decoding=\"async\" src=\"http:\/\/www.acovi.com.ar\/principal\/wp-content\/uploads\/2020\/07\/foto-2.jpg\" alt=\"\"\/><\/figure>\n\n\n\n<div style=\"height:20px\" aria-hidden=\"true\" class=\"wp-block-spacer\"><\/div>\n\n\n\n<div style=\"height:20px\" aria-hidden=\"true\" class=\"wp-block-spacer\"><\/div>\n\n\n\n<p>Se habl\u00f3 del proyecto de Ley para el programa <strong>Mendoza Activa. <\/strong>Al respecto, Moralejo detall\u00f3 que el Ministerio de Econom\u00eda de Mendoza ha desarrollado programa de inversi\u00f3n para reintegrar el 40% de cada inversi\u00f3n que se haga, en efectivo, cr\u00e9dito fiscal o una tarjeta de servicios, buscando disminuir el impacto de la pandemia. Se espera alcanzar una inversi\u00f3n de $40 millones. Tambi\u00e9n se podr\u00eda invertir en cr\u00e9ditos del Fondo para la Transformaci\u00f3n y el Crecimiento, con tasas del 10% de inter\u00e9s, a 10 a\u00f1os y con dos a\u00f1os de gracia.<\/p>\n\n\n\n<p>Durante la reuni\u00f3n se trat\u00f3 el tema de la <strong>polilla de la vid o lobesia botrana<\/strong>, que afecta a los vi\u00f1edos. El Secretario de Agricultura inform\u00f3 que el gobierno provincial y los organismos involucrados en el tema, como el <strong>INTA<\/strong> y el <strong>Iscamen<\/strong>, siguen en contacto con el <strong>Senasa<\/strong> gestionando los aportes de la Naci\u00f3n para combatir la plaga, pero lo concreto es que el dinero y los insumos a\u00fan no llegan a Mendoza.<\/p>\n\n\n\n<p>En cuanto a la<strong> situaci\u00f3n h\u00eddrica<\/strong>, Ianizzotto y los funcionarios provinciales coincidieron en que es preciso trabajar con el Departamento General de Irrigaci\u00f3n para enfrentar la sequ\u00eda. Por su parte, <strong>Eduardo Sancho,<\/strong> presidente de Acovi, reiter\u00f3 el pedido de financiar algunas obras a trav\u00e9s de las inspecciones de cauce.<\/p>\n\n\n\n<div style=\"height:20px\" aria-hidden=\"true\" class=\"wp-block-spacer\"><\/div>\n\n\n\n<div class=\"wp-block-image\"><figure class=\"aligncenter is-resized\"><img loading=\"lazy\" decoding=\"async\" src=\"http:\/\/www.acovi.com.ar\/principal\/wp-content\/uploads\/2020\/07\/3.jpg\" alt=\"\" width=\"620\" height=\"465\"\/><\/figure><\/div>\n\n\n\n<div style=\"height:20px\" aria-hidden=\"true\" class=\"wp-block-spacer\"><\/div>\n\n\n\n<p>Por su parte, con relaci\u00f3n a los c<strong>ostos de producci\u00f3n de la vitivinicultura en 2020,&nbsp;<\/strong> <strong>Luciano Andino<\/strong>, del Observatorio de Acovi, present\u00f3 los costos de producci\u00f3n primaria al mes de junio de 2020. Las estimaciones y los precios pagados por <strong>Fecovita<\/strong> muestran que, si bien el productor a\u00fan no ha logrado alcanzar el equilibrio, el incremento en los valores de la uva observado este a\u00f1o ha permitido una mejor\u00eda respecto a junio de 2019. <\/p>\n\n\n\n<div style=\"height:20px\" aria-hidden=\"true\" class=\"wp-block-spacer\"><\/div>\n\n\n\n<p class=\"has-small-font-size\"><em><strong>Fuente: Acovi<\/strong><\/em><\/p>\n","protected":false},"excerpt":{"rendered":"<p>Seg\u00fan el an\u00e1lisis estad\u00edstico del Observatorio de la Asociaci\u00f3n de Cooperativas Vitivin\u00edcolas Argentinas (Acovi), producir&hellip;<\/p>\n","protected":false},"author":3,"featured_media":17440,"comment_status":"open","ping_status":"open","sticky":false,"template":"","format":"standard","meta":{"footnotes":""},"categories":[14],"tags":[],"class_list":["post-17430","post","type-post","status-publish","format-standard","has-post-thumbnail","hentry","category-news"],"_links":{"self":[{"href":"https:\/\/enolife.com.ar\/es\/wp-json\/wp\/v2\/posts\/17430","targetHints":{"allow":["GET"]}}],"collection":[{"href":"https:\/\/enolife.com.ar\/es\/wp-json\/wp\/v2\/posts"}],"about":[{"href":"https:\/\/enolife.com.ar\/es\/wp-json\/wp\/v2\/types\/post"}],"author":[{"embeddable":true,"href":"https:\/\/enolife.com.ar\/es\/wp-json\/wp\/v2\/users\/3"}],"replies":[{"embeddable":true,"href":"https:\/\/enolife.com.ar\/es\/wp-json\/wp\/v2\/comments?post=17430"}],"version-history":[{"count":0,"href":"https:\/\/enolife.com.ar\/es\/wp-json\/wp\/v2\/posts\/17430\/revisions"}],"wp:featuredmedia":[{"embeddable":true,"href":"https:\/\/enolife.com.ar\/es\/wp-json\/wp\/v2\/media\/17440"}],"wp:attachment":[{"href":"https:\/\/enolife.com.ar\/es\/wp-json\/wp\/v2\/media?parent=17430"}],"wp:term":[{"taxonomy":"category","embeddable":true,"href":"https:\/\/enolife.com.ar\/es\/wp-json\/wp\/v2\/categories?post=17430"},{"taxonomy":"post_tag","embeddable":true,"href":"https:\/\/enolife.com.ar\/es\/wp-json\/wp\/v2\/tags?post=17430"}],"curies":[{"name":"wp","href":"https:\/\/api.w.org\/{rel}","templated":true}]}}