{"id":174267,"date":"2026-03-02T16:57:44","date_gmt":"2026-03-02T16:57:44","guid":{"rendered":"https:\/\/enolife.com.ar\/es\/?p=174267"},"modified":"2026-03-04T13:01:05","modified_gmt":"2026-03-04T13:01:05","slug":"un-ruso-y-un-yanqui-abren-su-espacio-con-musicos-del-mundo-y-vinos-mendocinos-el-2-3-a-las-19-hs","status":"publish","type":"post","link":"https:\/\/enolife.com.ar\/es\/un-ruso-y-un-yanqui-abren-su-espacio-con-musicos-del-mundo-y-vinos-mendocinos-el-2-3-a-las-19-hs\/","title":{"rendered":"Un ruso y un yanqui abrieron una vinoteca cultural con m\u00fasicos del mundo y vinos mendocinos"},"content":{"rendered":"\n<h4 class=\"wp-block-heading\"><em><strong>Artem Safonov (el ruso, obviamente, a la derecha de la foto principal) y Jeff McLoud (el \u00abGringo\u00bb, como le gusta que lo llamen) son dos imparables emprendedores trotamundos que se conocieron en Mendoza en 2023 y se hicieron amigos, unidos por la pasi\u00f3n por el vino. Su visi\u00f3n de futuro y su enamoramiento de esta provincia los lanz\u00f3 a la aventura de desarrollar su propia marca, 88 Locos. Desde el 2\/3\/26, los dos socios pusieron en escena su etiqueta de 6 opciones varietales en la vinoteca y espacio cultural que inauguraron, ubicado en el centro comercial Punto Sexta (Suipacha y Olascoaga de la Capital de Mendoza). Las entradas pueden adquirirse por Entrada Web o llamando al m\u00f3vil abajo consignado.<\/strong><\/em><\/h4>\n\n\n\n<div style=\"height:38px\" aria-hidden=\"true\" class=\"wp-block-spacer\"><\/div>\n\n\n<a href=\"https:\/\/www.dellatoffola.com.ar\/es\/home\" aria-label=\"della toffolla 1700&#215;500\"><img loading=\"lazy\" decoding=\"async\" src=\"https:\/\/enolife.com.ar\/es\/wp-content\/uploads\/2023\/10\/della-toffolla-1700x500-2.png\" alt=\"\"  srcset=\"https:\/\/enolife.com.ar\/es\/wp-content\/uploads\/2023\/10\/della-toffolla-1700x500-2.png 1699w, https:\/\/enolife.com.ar\/es\/wp-content\/uploads\/2023\/10\/della-toffolla-1700x500-2-300x88.png 300w, https:\/\/enolife.com.ar\/es\/wp-content\/uploads\/2023\/10\/della-toffolla-1700x500-2-1024x301.png 1024w, https:\/\/enolife.com.ar\/es\/wp-content\/uploads\/2023\/10\/della-toffolla-1700x500-2-768x226.png 768w, https:\/\/enolife.com.ar\/es\/wp-content\/uploads\/2023\/10\/della-toffolla-1700x500-2-1536x451.png 1536w, https:\/\/enolife.com.ar\/es\/wp-content\/uploads\/2023\/10\/della-toffolla-1700x500-2-1170x344.png 1170w, https:\/\/enolife.com.ar\/es\/wp-content\/uploads\/2023\/10\/della-toffolla-1700x500-2-585x172.png 585w\" sizes=\"auto, (max-width: 1699px) 100vw, 1699px\" width=\"1699\" height=\"499\"   \/><\/a>\n\n\n<div style=\"height:44px\" aria-hidden=\"true\" class=\"wp-block-spacer\"><\/div>\n\n\n\n<p><em>Por <strong>Pedro Straniero<\/strong><br>Editor de Enolife<br>pstraniero@enolife.com.ar<\/em><\/p>\n\n\n\n<div style=\"height:35px\" aria-hidden=\"true\" class=\"wp-block-spacer\"><\/div>\n\n\n\n<p>Una historia de <strong>confraternidad ruso-yanqui<\/strong> termin\u00f3 de la mejor manera: con un espacio dedicado al vino y la cultura en la coqueta Sexta secci\u00f3n de la Ciudad de Mendoza. Y hoy es el debut: <strong>Artem Safonov<\/strong> y <strong>Jeff McLoud<\/strong> conducir\u00e1n la velada de inauguraci\u00f3n del local<strong> 88 Locos<\/strong>, como buenos anfitriones que son, en perfecto castellano y ya bien aquerenciados en tierras mendocinas. <\/p>\n\n\n\n<p>Para la apertura, Artem y Jeff no se anduvieron con chiquitas: trajeron a Mendoza a talentosos y reconocidos <strong>m\u00fasicos internacionales que hacen sus shows en viv<\/strong>o. El 2\/3\/26<strong>, desde las 19 hs en el local de Suipacha y Olascoaga<\/strong> estuieron el poeta, cantautor, compositor y difusor de la cultura quechua<strong> Osvaldo Torres<\/strong>, nacido en Antofagasta, Chile y hoy residente en Par\u00eds, Francia, quien es conocido en el mundo de la m\u00fasica por ser tambi\u00e9n uno de los fundadores del m\u00edtico grupo chileno de m\u00fasica andina Illapu. Junto a \u00e9l estar\u00e1 su compa\u00f1era, la cantante italiana residente en Londres <strong>Silvia Balducci,<\/strong> multiintrumentista y especialista en m\u00fasica latinoamericana. Torres &amp; Balducci repitieron su actuaci\u00f3n ma\u00f1ana 3\/3 a la misma hora.<\/p>\n\n\n\n<p>El 4 y 6 de marzo cantan el tanguero <strong>Diego Valent\u00edn Flores<\/strong>, mendocino de pura cepa que recorre el mundo con sus interpretaciones del ritmo 2&#215;4 y destadado miembro del Ensamble Capella Mediterr\u00e1nea, de Ginebra, Suiza.<\/p>\n\n\n\n<p>Los d\u00edas 5 y 7 de marzo, siempre desde las 19 hs y en el Espacio 88 Locos, act\u00faan el cantante y bailar\u00edn de tango <strong>Jero Flores<\/strong>, surgido de lo m\u00e1s profundo de la <strong>Cuarta de Fierro de Mendoza<\/strong> y tambi\u00e9n con proyeccion internacional.<\/p>\n\n\n\n<div style=\"height:31px\" aria-hidden=\"true\" class=\"wp-block-spacer\"><\/div>\n\n\n<div class=\"wp-block-image\">\n<figure class=\"aligncenter size-full is-resized\"><a href=\"https:\/\/enolife.com.ar\/es\/wp-content\/uploads\/2026\/03\/Afiche-88-Locos.jpeg\" data-rel=\"penci-gallery-image-content\" ><img loading=\"lazy\" decoding=\"async\" width=\"723\" height=\"1024\" src=\"https:\/\/enolife.com.ar\/es\/wp-content\/uploads\/2026\/03\/Afiche-88-Locos.jpeg\" alt=\"\" class=\"wp-image-174279\" style=\"width:643px;height:auto\" srcset=\"https:\/\/enolife.com.ar\/es\/wp-content\/uploads\/2026\/03\/Afiche-88-Locos.jpeg 723w, https:\/\/enolife.com.ar\/es\/wp-content\/uploads\/2026\/03\/Afiche-88-Locos-212x300.jpeg 212w, https:\/\/enolife.com.ar\/es\/wp-content\/uploads\/2026\/03\/Afiche-88-Locos-585x829.jpeg 585w\" sizes=\"auto, (max-width: 723px) 100vw, 723px\" \/><\/a><\/figure><\/div>\n\n\n<div style=\"height:38px\" aria-hidden=\"true\" class=\"wp-block-spacer\"><\/div>\n\n\n\n<p class=\"has-medium-font-size\"><strong>El ruso-menduco amante del vino y el truco<\/strong><\/p>\n\n\n\n<p>Apasionado desde adolescente por el mundo del vino, nacido en tierras del sur de <strong>Rusia<\/strong> donde la vitivinicultura crece con fuerza, <strong>Artem Safonov<\/strong> lleg\u00f3 a Mendoza con su familia en busca de nuevos horizontes en 2023, y en apenas tres a\u00f1os ya desarroll\u00f3 -junto a su socio estadounidense <strong>Jeff McLoud<\/strong>&#8211; un emprendimiento como para quedarse a vivir ac\u00e1 toda la vida, tomando vino, comiendo tortitas raspadas y diciendo, por qu\u00e9 no, <em>\u00abculiao\u00bb<\/em> cuando se enoja.<\/p>\n\n\n\n<p><em>\u00abHoy en la tarde-noche vamos a empezar la actividad con m\u00fasica en vivo y con nuestros vinos en la terraza del complejo donde abrimos nuestra sala de degustaci\u00f3n&#8230; Se llama Punto Sexta, en la Sexta secci\u00f3n de Capital\u00bb<\/em>, detalla Artem con orgullo por su nuevo espacio.<\/p>\n\n\n\n<p>Y cuenta: <em>\u00abCon mi socio Jeff vamos a hacer una mixtura de vinoteca con venta de vinos, sala de degustaci\u00f3n y espacio cultural&#8230;. Como tenemos una linda terraza, vamos a organizar eventos de todo tipo, musicales, cine al aire libre y adentro del local, con charla y debate y siempre vino&#8230; Tambi\u00e9n estamos pensando eventos divertidos como una noche de truco o ajedrez, juegos de mesa y esas cosas. Vamos a organizar todo tipo de actividades culturales y de entretenimiento, con diferentes formatos&#8230; Y tambi\u00e9n masterclasses de vino, arte y destilados&#8230;\u00bb<\/em>.<\/p>\n\n\n\n<p>Con respecto a los espect\u00e1culos musicales que ofrecer\u00e1n, confiesa: <em>\u00abElegimos a artistas que conocemos desde que estamos en Mendoza, porque nos encantan sus estilos, m\u00fasica y canciones&#8230; Pero vamos a abrir mucho el abanico, con muchos artistas m\u00e1s, cantautores de Argentina y el mundo, siempre en vivo&#8230; Aqu\u00ed en Mendoza hay mucho talento musical y grandes vinos&#8230;\u00bb<\/em><\/p>\n\n\n\n<div style=\"height:30px\" aria-hidden=\"true\" class=\"wp-block-spacer\"><\/div>\n\n\n<div class=\"wp-block-image\">\n<figure class=\"aligncenter size-large is-resized\"><a href=\"https:\/\/enolife.com.ar\/es\/wp-content\/uploads\/2026\/03\/Vinos-88-locos-e1772466951617.jpeg\" data-rel=\"penci-gallery-image-content\" ><img loading=\"lazy\" decoding=\"async\" width=\"1024\" height=\"822\" src=\"https:\/\/enolife.com.ar\/es\/wp-content\/uploads\/2026\/03\/Vinos-88-locos-e1772466951617-1024x822.jpeg\" alt=\"\" class=\"wp-image-174281\" style=\"width:714px;height:auto\" srcset=\"https:\/\/enolife.com.ar\/es\/wp-content\/uploads\/2026\/03\/Vinos-88-locos-e1772466951617-1024x822.jpeg 1024w, https:\/\/enolife.com.ar\/es\/wp-content\/uploads\/2026\/03\/Vinos-88-locos-e1772466951617-300x241.jpeg 300w, https:\/\/enolife.com.ar\/es\/wp-content\/uploads\/2026\/03\/Vinos-88-locos-e1772466951617-768x616.jpeg 768w, https:\/\/enolife.com.ar\/es\/wp-content\/uploads\/2026\/03\/Vinos-88-locos-e1772466951617-585x469.jpeg 585w, https:\/\/enolife.com.ar\/es\/wp-content\/uploads\/2026\/03\/Vinos-88-locos-e1772466951617.jpeg 1067w\" sizes=\"auto, (max-width: 1024px) 100vw, 1024px\" \/><\/a><figcaption class=\"wp-element-caption\"><em><strong>La l\u00ednea completa de vinos 88 Locos que se pueden degustar hoy 2\/3 en el local hom\u00f3nino de Punto Sexta.<\/strong><\/em><\/figcaption><\/figure><\/div>\n\n\n<div style=\"height:39px\" aria-hidden=\"true\" class=\"wp-block-spacer\"><\/div>\n\n\n\n<p>En el local de Punto Sexta, Artem y Jeff tienen en lugar destacado y precios accesibles los vinos de su l\u00ednea 88 Locos: \u00abSon 6 vinos diferentes, s<strong>auvignon blanc, ros\u00e9, cabernet franc, malbec, sangiovese y cabernet sauvignon reserva<\/strong>\u00ab.<\/p>\n\n\n\n<p>Y finaliza el emprendedor ruso-menduco: <em>\u00abTambi\u00e9n muy pronto vamos a presentar un nuevo vino, otros varietales y blends dentro de la l\u00ednea 88 Locos, que ya les vamos a contar. Las uvas de las l\u00edneas actuales son de di\u00f1edos de Vista Flores, Valle de Uco, y de Maip\u00fa, todos de vi\u00f1as antiguas, de m\u00e1s de 45 a\u00f1os. Y los nuevos vinos son de Agrelo\u00bb.<\/em><\/p>\n\n\n\n<div style=\"height:30px\" aria-hidden=\"true\" class=\"wp-block-spacer\"><\/div>\n\n\n\n<p class=\"has-background has-medium-font-size\" style=\"background-color:#c7b6d8\"><strong>Para agendar<\/strong><\/p>\n\n\n\n<p class=\"has-background\" style=\"background-color:#c5b5d3\"><strong>Actividad:<\/strong> Recital del d\u00fao chileno-italiano Torres &amp; Balducci y degustaci\u00f3n de vinos 88 Locos.<br><strong>Lugar:<\/strong> Espacio 88 Locos, en el complejo comercial Punto Secta (Olascoaga y Suipacha, Sexta secci\u00f3n, Mendoza Capital.<br><strong>Hora:<\/strong> Desde las 19 hs (y d\u00edas posteriores a la misma hora, ver afiche m\u00e1s arriba con la programaci\u00f3n)<br><strong>Entradas<\/strong>: Por el sitio Entrada Web <a href=\"http:\/\/[12:08 p.&nbsp;m., 2\/3\/2026] Pedro Straniero: Muy bueno! [12:09 p.&nbsp;m., 2\/3\/2026] Safonov Artem: https:\/\/www.entradaweb.com.ar\/evento\/2d01f88a\/step\/1\">AQU\u00cd<\/a> o llamando o mensajeando al m\u00f3vil +5491161246500 para reservar lugares.<br><strong>Precio por persona:<\/strong> $40.000<br><strong>Incluye:<\/strong> M\u00fasica en vivo, \u2060degustaci\u00f3n de los vinos de la casa sin l\u00edmite, <strong>una copa de regalo y \u00a1una botella del vino que m\u00e1s le haya gustado a cada asistente!<\/strong><\/p>\n\n\n\n<div style=\"height:44px\" aria-hidden=\"true\" class=\"wp-block-spacer\"><\/div>\n","protected":false},"excerpt":{"rendered":"<p>Artem Safonov (el ruso, obviamente, a la derecha de la foto principal) y Jeff McLoud&hellip;<\/p>\n","protected":false},"author":2,"featured_media":174274,"comment_status":"closed","ping_status":"open","sticky":false,"template":"","format":"standard","meta":{"footnotes":""},"categories":[47],"tags":[],"class_list":["post-174267","post","type-post","status-publish","format-standard","has-post-thumbnail","hentry","category-agenda"],"_links":{"self":[{"href":"https:\/\/enolife.com.ar\/es\/wp-json\/wp\/v2\/posts\/174267","targetHints":{"allow":["GET"]}}],"collection":[{"href":"https:\/\/enolife.com.ar\/es\/wp-json\/wp\/v2\/posts"}],"about":[{"href":"https:\/\/enolife.com.ar\/es\/wp-json\/wp\/v2\/types\/post"}],"author":[{"embeddable":true,"href":"https:\/\/enolife.com.ar\/es\/wp-json\/wp\/v2\/users\/2"}],"replies":[{"embeddable":true,"href":"https:\/\/enolife.com.ar\/es\/wp-json\/wp\/v2\/comments?post=174267"}],"version-history":[{"count":19,"href":"https:\/\/enolife.com.ar\/es\/wp-json\/wp\/v2\/posts\/174267\/revisions"}],"predecessor-version":[{"id":174354,"href":"https:\/\/enolife.com.ar\/es\/wp-json\/wp\/v2\/posts\/174267\/revisions\/174354"}],"wp:featuredmedia":[{"embeddable":true,"href":"https:\/\/enolife.com.ar\/es\/wp-json\/wp\/v2\/media\/174274"}],"wp:attachment":[{"href":"https:\/\/enolife.com.ar\/es\/wp-json\/wp\/v2\/media?parent=174267"}],"wp:term":[{"taxonomy":"category","embeddable":true,"href":"https:\/\/enolife.com.ar\/es\/wp-json\/wp\/v2\/categories?post=174267"},{"taxonomy":"post_tag","embeddable":true,"href":"https:\/\/enolife.com.ar\/es\/wp-json\/wp\/v2\/tags?post=174267"}],"curies":[{"name":"wp","href":"https:\/\/api.w.org\/{rel}","templated":true}]}}