{"id":172788,"date":"2026-01-30T16:43:51","date_gmt":"2026-01-30T16:43:51","guid":{"rendered":"https:\/\/enolife.com.ar\/es\/?p=172788"},"modified":"2026-01-31T23:47:05","modified_gmt":"2026-01-31T23:47:05","slug":"miles-de-misioneros-cruzan-a-brasil-para-cosechar-uva-y-ganar-hasta-80-000-al-dia-con-casa-y-comida","status":"publish","type":"post","link":"https:\/\/enolife.com.ar\/es\/miles-de-misioneros-cruzan-a-brasil-para-cosechar-uva-y-ganar-hasta-80-000-al-dia-con-casa-y-comida\/","title":{"rendered":"Miles de misioneros cruzan a Brasil para cosechar uva y ganar hasta $80.000 al d\u00eda, con casa y comida"},"content":{"rendered":"\n<h4 class=\"wp-block-heading\"><em><strong>Como cada a\u00f1o para esta \u00e9poca de vendimia en el hemisferio Sur, miles de personas pasan de la provincia argentina de Misiones hacia la lim\u00edtrofe regi\u00f3n de Serra Ga\u00facha, en el estado de Rio Grande do Sul, donde valoran su mano de obra para cosechar y donde pueden ganar hasta 9.000 reales ($2.500.000 argentinos) por mes, m\u00e1s el alojamiento gratuito. En Mendoza, Argentina, un cosechador est\u00e1 cobrando en promedio de $1.200 por \u00abtacho\u00bb de uva, con lo que puede juntar unos $45.000 por d\u00eda y como m\u00e1ximo $1.200.000 por mes.<\/strong><\/em><\/h4>\n\n\n\n<div style=\"height:33px\" aria-hidden=\"true\" class=\"wp-block-spacer\"><\/div>\n\n\n<a href=\"https:\/\/www.facebook.com\/SindicatoContratitas\/\" aria-label=\"banner contratistas 1700&#215;500\"><img loading=\"lazy\" decoding=\"async\" src=\"https:\/\/enolife.com.ar\/es\/wp-content\/uploads\/2020\/08\/banner-contratistas-1700x500-1.jpg\" alt=\"\"  srcset=\"https:\/\/enolife.com.ar\/es\/wp-content\/uploads\/2020\/08\/banner-contratistas-1700x500-1.jpg 1700w, https:\/\/enolife.com.ar\/es\/wp-content\/uploads\/2020\/08\/banner-contratistas-1700x500-1-300x88.jpg 300w, https:\/\/enolife.com.ar\/es\/wp-content\/uploads\/2020\/08\/banner-contratistas-1700x500-1-1024x301.jpg 1024w, https:\/\/enolife.com.ar\/es\/wp-content\/uploads\/2020\/08\/banner-contratistas-1700x500-1-768x226.jpg 768w, https:\/\/enolife.com.ar\/es\/wp-content\/uploads\/2020\/08\/banner-contratistas-1700x500-1-1536x452.jpg 1536w, https:\/\/enolife.com.ar\/es\/wp-content\/uploads\/2020\/08\/banner-contratistas-1700x500-1-1170x344.jpg 1170w, https:\/\/enolife.com.ar\/es\/wp-content\/uploads\/2020\/08\/banner-contratistas-1700x500-1-585x172.jpg 585w\" sizes=\"auto, (max-width: 1700px) 100vw, 1700px\" width=\"1700\" height=\"500\"   \/><\/a>\n\n\n<div style=\"height:44px\" aria-hidden=\"true\" class=\"wp-block-spacer\"><\/div>\n\n\n\n<p>Un video difundido en las \u00faltimas horas por el diputado provincial de <strong>Misiones<\/strong>, <strong>Cristian Castro<\/strong>, volvi\u00f3 a poner en primer plano una realidad que se repite cada verano en esta provincia del noreste argentino, lim\u00edtrofe con Brasil, pero que este a\u00f1o muestra una magnitud mayor: <strong>miles de trabajadores misioneros est\u00e1n viajando al vecino pa\u00eds para emplearse en la cosecha de uva<\/strong>, principalmente en la zona de <strong>Serra Ga\u00facha<\/strong>, estado de <strong>R\u00edo Grande do Sul<\/strong>.<\/p>\n\n\n\n<div style=\"height:34px\" aria-hidden=\"true\" class=\"wp-block-spacer\"><\/div>\n\n\n\n<p><video height=\"850\" width=\"478\" controls=\"controls\" src=\"https:\/\/www.misionesopina.com.ar\/wp-content\/uploads\/2026\/01\/WhatsApp-Video-2026-01-29-at-11.27.00.mp4\"><\/video><\/p>\n\n\n\n<div style=\"height:22px\" aria-hidden=\"true\" class=\"wp-block-spacer\"><\/div>\n\n\n\n<p>En las im\u00e1genes se observan <strong>contingentes de j\u00f3venes y adultos<\/strong>, muchos de ellos provenientes de distintos municipios del interior misionero, reunidos en puntos de salida para cruzar la frontera y trasladarse hacia las zonas productivas del sur brasile\u00f1o. Seg\u00fan se desprende del registro, el movimiento se intensific\u00f3 en los \u00faltimos d\u00edas y <strong>se cuentan por miles quienes optaron por emigrar de manera temporaria.<\/strong><\/p>\n\n\n\n<p>El fen\u00f3meno no es nuevo, pero <strong>la cantidad de personas involucradas y la rapidez del \u00e9xodo laboral<\/strong> reflejan el deterioro de las condiciones econ\u00f3micas en la provincia y la escasez de empleo formal o temporario bien remunerado. La cosecha brasile\u00f1a aparece, una vez m\u00e1s, como una alternativa frente a salarios deprimidos, trabajos inestables o directamente la falta de oportunidades en Misiones.<\/p>\n\n\n\n<div style=\"height:28px\" aria-hidden=\"true\" class=\"wp-block-spacer\"><\/div>\n\n\n\n<p class=\"has-light-green-cyan-background-color has-background\"><strong>El valor del tacho de uva en Mendoza<\/strong><br><br>Seg\u00fan fuentes de la <strong>Federaci\u00f3n de Obreros y Empleados Vitivin\u00edcolas y Afines (Foeva) de Argentina<\/strong>, consultadas por Enolife, el \u00faltimo acuerdo vigente establece un precio m\u00ednimo de <strong>$555 por tacho (unos 20 kg de uva) recolectado<\/strong>, aunque ese valor ser\u00e1 actualizado en las paritarias que est\u00e1n por comenzar en estos d\u00edas. <br>Los dirigentes gremiales hicieron hincapi\u00e9 en que ese valor se negoci\u00f3 a los efectos de aportes patronales y contribuciones, <em>\u00abpero la cultura nos demuestra que lo terminan negociando en cada hilera; de hecho se termin\u00f3 pagando hasta $1.500 el a\u00f1o pasado en muchas partes\u00bb<\/em>. Seg\u00fan la expectativa y los c\u00e1lculos inflacionarios, el valor promedio por tacho de uva en esta cosecha 2026 rondar\u00e1 los <strong>$1.200<\/strong>, aunque en zonas de uvas premium, que exigen mayor cuidado y tiempo de cosecha, el tacho puede llegar a <strong>$1.800.<\/strong><\/p>\n\n\n\n<div style=\"height:27px\" aria-hidden=\"true\" class=\"wp-block-spacer\"><\/div>\n\n\n\n<p class=\"has-medium-font-size\"><strong>Demanda laboral y mejores salarios en Brasil<\/strong><\/p>\n\n\n\n<p>El destino principal de estos trabajadores es <strong>R\u00edo Grande do Sul<\/strong>, uno de los polos frut\u00edcolas m\u00e1s importantes de Brasil. La regi\u00f3n concentra <strong>la mayor producci\u00f3n de la<\/strong> <strong>vitivinicultura brasile\u00f1a<\/strong>, especialmente en la <strong>Serra Ga\u00facha<\/strong>, donde se cultivan uvas destinadas tanto a vino como a jugos y consumo en fresco.<\/p>\n\n\n\n<div style=\"height:19px\" aria-hidden=\"true\" class=\"wp-block-spacer\"><\/div>\n\n\n<div class=\"wp-block-image\">\n<figure class=\"aligncenter size-large is-resized\"><a href=\"https:\/\/enolife.com.ar\/es\/wp-content\/uploads\/2020\/02\/cosechadores-1.jpg\" data-rel=\"penci-gallery-image-content\" ><img loading=\"lazy\" decoding=\"async\" width=\"1024\" height=\"440\" src=\"https:\/\/enolife.com.ar\/es\/wp-content\/uploads\/2020\/02\/cosechadores-1-1024x440.jpg\" alt=\"\" class=\"wp-image-7304\" style=\"width:738px;height:auto\" srcset=\"https:\/\/enolife.com.ar\/es\/wp-content\/uploads\/2020\/02\/cosechadores-1-1024x440.jpg 1024w, https:\/\/enolife.com.ar\/es\/wp-content\/uploads\/2020\/02\/cosechadores-1-300x129.jpg 300w, https:\/\/enolife.com.ar\/es\/wp-content\/uploads\/2020\/02\/cosechadores-1-768x330.jpg 768w, https:\/\/enolife.com.ar\/es\/wp-content\/uploads\/2020\/02\/cosechadores-1-1170x503.jpg 1170w, https:\/\/enolife.com.ar\/es\/wp-content\/uploads\/2020\/02\/cosechadores-1-585x251.jpg 585w, https:\/\/enolife.com.ar\/es\/wp-content\/uploads\/2020\/02\/cosechadores-1.jpg 1280w\" sizes=\"auto, (max-width: 1024px) 100vw, 1024px\" \/><\/a><\/figure><\/div>\n\n\n<div style=\"height:26px\" aria-hidden=\"true\" class=\"wp-block-spacer\"><\/div>\n\n\n\n<p>Durante los meses de verano, la cosecha de uva <strong>demanda decenas de miles de trabajadores temporarios<\/strong>, muchos de ellos extranjeros. Para los misioneros, el atractivo central es econ\u00f3mico: <strong>jornales que superan ampliamente los valores que se pagan del lado argentino<\/strong>, pagos semanales o quincenales y, en muchos casos, alojamiento y comida incluidos por los empleadores.<\/p>\n\n\n\n<p>Este esquema convierte a Brasil en un im\u00e1n laboral para trabajadores rurales del <strong>Noroeste Argentino (NEA)<\/strong>, en especial en un contexto de <strong>recesi\u00f3n, ca\u00edda del consumo y ajuste econ\u00f3mico<\/strong> que golpea con fuerza a las econom\u00edas regionales argentinas.<\/p>\n\n\n\n<div style=\"height:32px\" aria-hidden=\"true\" class=\"wp-block-spacer\"><\/div>\n\n\n\n<p class=\"has-medium-font-size\"><strong>Una problem\u00e1tica estructural<\/strong><\/p>\n\n\n\n<p>El video difundido por Castro no s\u00f3lo expone un movimiento migratorio estacional, sino que funciona como <strong>s\u00edntoma de una problem\u00e1tica estructural<\/strong>: j\u00f3venes y familias enteras que deben dejar sus comunidades durante meses para garantizar ingresos b\u00e1sicos.<\/p>\n\n\n\n<p>Mientras Brasil sostiene su aparato productivo con mano de obra temporaria bien paga, Misiones enfrenta el desaf\u00edo de <strong>retener a su poblaci\u00f3n econ\u00f3micamente activa<\/strong>, generar empleo local y evitar que la salida laboral sea, una vez m\u00e1s, cruzar la frontera.<\/p>\n\n\n\n<p>La postal se repite a\u00f1o tras a\u00f1o, pero el volumen registrado en este inicio de 2026 vuelve a encender se\u00f1ales de alerta sobre <strong>el impacto social del contexto econ\u00f3mico y la falta de alternativas en la provincia<\/strong>.<\/p>\n\n\n\n<div style=\"height:29px\" aria-hidden=\"true\" class=\"wp-block-spacer\"><\/div>\n\n\n\n<p class=\"has-small-font-size\"><em><strong>Fuentes: misionesopina.com.ar y Foeva Mendoza<\/strong><\/em><\/p>\n\n\n\n<div style=\"height:30px\" aria-hidden=\"true\" class=\"wp-block-spacer\"><\/div>\n","protected":false},"excerpt":{"rendered":"<p>Como cada a\u00f1o para esta \u00e9poca de vendimia en el hemisferio Sur, miles de personas&hellip;<\/p>\n","protected":false},"author":2,"featured_media":172802,"comment_status":"closed","ping_status":"open","sticky":false,"template":"","format":"standard","meta":{"footnotes":""},"categories":[5],"tags":[],"class_list":["post-172788","post","type-post","status-publish","format-standard","has-post-thumbnail","hentry","category-fincas"],"_links":{"self":[{"href":"https:\/\/enolife.com.ar\/es\/wp-json\/wp\/v2\/posts\/172788","targetHints":{"allow":["GET"]}}],"collection":[{"href":"https:\/\/enolife.com.ar\/es\/wp-json\/wp\/v2\/posts"}],"about":[{"href":"https:\/\/enolife.com.ar\/es\/wp-json\/wp\/v2\/types\/post"}],"author":[{"embeddable":true,"href":"https:\/\/enolife.com.ar\/es\/wp-json\/wp\/v2\/users\/2"}],"replies":[{"embeddable":true,"href":"https:\/\/enolife.com.ar\/es\/wp-json\/wp\/v2\/comments?post=172788"}],"version-history":[{"count":0,"href":"https:\/\/enolife.com.ar\/es\/wp-json\/wp\/v2\/posts\/172788\/revisions"}],"wp:featuredmedia":[{"embeddable":true,"href":"https:\/\/enolife.com.ar\/es\/wp-json\/wp\/v2\/media\/172802"}],"wp:attachment":[{"href":"https:\/\/enolife.com.ar\/es\/wp-json\/wp\/v2\/media?parent=172788"}],"wp:term":[{"taxonomy":"category","embeddable":true,"href":"https:\/\/enolife.com.ar\/es\/wp-json\/wp\/v2\/categories?post=172788"},{"taxonomy":"post_tag","embeddable":true,"href":"https:\/\/enolife.com.ar\/es\/wp-json\/wp\/v2\/tags?post=172788"}],"curies":[{"name":"wp","href":"https:\/\/api.w.org\/{rel}","templated":true}]}}