{"id":172774,"date":"2026-01-30T15:21:42","date_gmt":"2026-01-30T15:21:42","guid":{"rendered":"https:\/\/enolife.com.ar\/es\/?p=172774"},"modified":"2026-01-31T22:52:48","modified_gmt":"2026-01-31T22:52:48","slug":"el-renatre-aumento-a-356-895-el-maximo-de-cobertura-para-trabajadores-rurales-desempleados","status":"publish","type":"post","link":"https:\/\/enolife.com.ar\/es\/el-renatre-aumento-a-356-895-el-maximo-de-cobertura-para-trabajadores-rurales-desempleados\/","title":{"rendered":"El Renatre aument\u00f3 a $356.895 el m\u00e1ximo de cobertura para trabajadores rurales desempleados"},"content":{"rendered":"\n<h4 class=\"wp-block-heading\"><em><strong>El Registro Nacional de Trabajadores Rurales y Empleadores (Renatre) de Argentina dispuso una nueva actualizaci\u00f3n de los montos de la Prestaci\u00f3n por Desempleo, que entrar\u00e1 en vigencia a partir del 1 de febrero de 2026. La medida establece un incremento del 3%, llevando el monto m\u00e1ximo a $356.895 y el m\u00ednimo a $178.448 para. Es para casos de cese involuntario de la relaci\u00f3n laboral (por ejemplo, despido sin justa causa o finalizaci\u00f3n de contrato), y se paga en cuotas mensuales hasta un m\u00e1ximo de 12 meses, seg\u00fan haya sido el tiempo del aporte patronal.<\/strong><\/em><\/h4>\n\n\n\n<div style=\"height:34px\" aria-hidden=\"true\" class=\"wp-block-spacer\"><\/div>\n\n\n<a href=\"https:\/\/www.irrigacion.gov.ar\/web\/\" aria-label=\"irrigaci\u00f3n-1700X500\"><img loading=\"lazy\" decoding=\"async\" src=\"https:\/\/enolife.com.ar\/es\/wp-content\/uploads\/2021\/02\/irrigacion-1700X500.gif\" alt=\"\"  width=\"1700\" height=\"500\"   \/><\/a>\n\n\n<div style=\"height:54px\" aria-hidden=\"true\" class=\"wp-block-spacer\"><\/div>\n\n\n\n<p>Seg\u00fan comunic\u00f3 la web del <strong>Registro Nacional de Trabajadores Rurales y Empleadores (Renatre)<\/strong>, la decisi\u00f3n del aumento fue adoptada por el cuerpo directivo del organismo durante su reuni\u00f3n del 21 de enero pasado, tras evaluar la situaci\u00f3n econ\u00f3mica general y las posibilidades financieras del Registro. El objetivo es continuar fortaleciendo la cobertura social destinada a las personas trabajadoras rurales que atraviesan situaciones de desempleo.<\/p>\n\n\n\n<p><em>\u201cLa medida se enmarca en una administraci\u00f3n responsable de los recursos del organismo, que permite garantizar la sustentabilidad del r\u00e9gimen de prestaciones y mantener el equilibrio entre las contribuciones de los empleadores y los beneficios destinados a los trabajadores\u201d<\/em>, afirm\u00f3 el presidente del Renatre, <strong>Abel Guerrieri<\/strong>.<\/p>\n\n\n\n<p>En paralelo, el Registro anunci\u00f3 que sostiene sus acciones de capacitaci\u00f3n destinada a los beneficiarios de la prestaci\u00f3n, con propuestas orientadas a brindar herramientas que mejoren sus habilidades y tambi\u00e9n capacitaciones sobre derechos y obligaciones, entre otras iniciativas vinculadas a la mejora de la empleabilidad y la actualizaci\u00f3n de competencias laborales.<\/p>\n\n\n\n<div style=\"height:25px\" aria-hidden=\"true\" class=\"wp-block-spacer\"><\/div>\n\n\n\n<p class=\"has-cyan-bluish-gray-background-color has-background\"><strong>\u00bfA qui\u00e9nes les corresponde la ayuda?<\/strong><br><br>La prestaci\u00f3n por desempleo del <strong>R<\/strong>enatre est\u00e1 destinada exclusivamente a los trabajadores rurales de Argentina que se encuentren en situaci\u00f3n de desempleo involuntario. Este beneficio es para <strong>trabajadores rurales registrados<\/strong> que cumplan con los siguientes requisitos:<br><strong>Situaci\u00f3n legal de desempleo:<\/strong> El cese de la relaci\u00f3n laboral debe ser involuntario (por ejemplo, despido sin justa causa o finalizaci\u00f3n de contrato).<br><strong>Tiempo de aportes:<\/strong> <strong>Permanentes:<\/strong> Deben contar con al menos <strong>6 meses de trabajo con aportes<\/strong> en los \u00faltimos 3 a\u00f1os previos al desempleo. <strong>Temporarios o de temporada:<\/strong> Deben haber trabajado al menos <strong>90 d\u00edas<\/strong> en el \u00faltimo a\u00f1o y menos de 12 meses en los \u00faltimos 3 a\u00f1os.<br><strong>Estar registrado y con los aportes patronales:<\/strong> El trabajador debe estar inscrito en el <a href=\"https:\/\/portal.renatre.org.ar\/\" target=\"_blank\" rel=\"noreferrer noopener\">Portal RENATRE<\/a>.&nbsp;Y debe tener realizados los aportes de su empleador, consistentes en el 1,5% del sueldo bruto del trabajador.<\/p>\n\n\n\n<div style=\"height:32px\" aria-hidden=\"true\" class=\"wp-block-spacer\"><\/div>\n\n\n\n<p>Por su parte, el director <strong>Jos\u00e9 Voytenco<\/strong> se\u00f1al\u00f3 que <em>\u201ccon esta actualizaci\u00f3n buscamos que la prestaci\u00f3n contin\u00fae siendo un respaldo concreto para las familias rurales en momentos de dificultad. Este acompa\u00f1amiento permite cubrir necesidades b\u00e1sicas y transitar el regreso al empleo con mayor tranquilidad\u201d.<\/em><\/p>\n\n\n\n<div style=\"height:23px\" aria-hidden=\"true\" class=\"wp-block-spacer\"><\/div>\n\n\n<div class=\"wp-block-image\">\n<figure class=\"aligncenter size-full is-resized\"><a href=\"https:\/\/enolife.com.ar\/es\/wp-content\/uploads\/2026\/01\/contratistas.jpg\" data-rel=\"penci-gallery-image-content\" ><img loading=\"lazy\" decoding=\"async\" width=\"800\" height=\"450\" src=\"https:\/\/enolife.com.ar\/es\/wp-content\/uploads\/2026\/01\/contratistas.jpg\" alt=\"\" class=\"wp-image-172781\" style=\"width:692px;height:auto\" srcset=\"https:\/\/enolife.com.ar\/es\/wp-content\/uploads\/2026\/01\/contratistas.jpg 800w, https:\/\/enolife.com.ar\/es\/wp-content\/uploads\/2026\/01\/contratistas-300x169.jpg 300w, https:\/\/enolife.com.ar\/es\/wp-content\/uploads\/2026\/01\/contratistas-768x432.jpg 768w, https:\/\/enolife.com.ar\/es\/wp-content\/uploads\/2026\/01\/contratistas-585x329.jpg 585w\" sizes=\"auto, (max-width: 800px) 100vw, 800px\" \/><\/a><\/figure><\/div>\n\n\n<div style=\"height:29px\" aria-hidden=\"true\" class=\"wp-block-spacer\"><\/div>\n\n\n\n<p>Cabe recordar que la <strong>Prestaci\u00f3n por Desempleo<\/strong> incluye cobertura m\u00e9dico-asistencial, acceso al cobro de asignaciones familiares y la participaci\u00f3n en programas de capacitaci\u00f3n y reinserci\u00f3n laboral en todo el pa\u00eds. Asimismo, al monto de la prestaci\u00f3n general se le adicionan los conceptos correspondientes a zonas desfavorables: un <strong>20% adicional para quienes residen en Chubut, Santa Cruz, Tierra del Fuego, Ant\u00e1rtida e Islas del Atl\u00e1ntico Sur, y un 10% adicional para los beneficiarios de Neuqu\u00e9n y R\u00edo Negro.<\/strong><\/p>\n\n\n\n<p>Desde el Renatre manifestaron que <em>\u00abcon esta actualizaci\u00f3n, el Registro reafirma su compromiso con la protecci\u00f3n integral de los trabajadores y trabajadoras rurales y el fortalecimiento de la seguridad social en el sector\u00bb.<\/em><\/p>\n\n\n\n<div style=\"height:36px\" aria-hidden=\"true\" class=\"wp-block-spacer\"><\/div>\n","protected":false},"excerpt":{"rendered":"<p>El Registro Nacional de Trabajadores Rurales y Empleadores (Renatre) de Argentina dispuso una nueva actualizaci\u00f3n&hellip;<\/p>\n","protected":false},"author":2,"featured_media":172779,"comment_status":"closed","ping_status":"open","sticky":false,"template":"","format":"standard","meta":{"footnotes":""},"categories":[14],"tags":[],"class_list":["post-172774","post","type-post","status-publish","format-standard","has-post-thumbnail","hentry","category-news"],"_links":{"self":[{"href":"https:\/\/enolife.com.ar\/es\/wp-json\/wp\/v2\/posts\/172774","targetHints":{"allow":["GET"]}}],"collection":[{"href":"https:\/\/enolife.com.ar\/es\/wp-json\/wp\/v2\/posts"}],"about":[{"href":"https:\/\/enolife.com.ar\/es\/wp-json\/wp\/v2\/types\/post"}],"author":[{"embeddable":true,"href":"https:\/\/enolife.com.ar\/es\/wp-json\/wp\/v2\/users\/2"}],"replies":[{"embeddable":true,"href":"https:\/\/enolife.com.ar\/es\/wp-json\/wp\/v2\/comments?post=172774"}],"version-history":[{"count":0,"href":"https:\/\/enolife.com.ar\/es\/wp-json\/wp\/v2\/posts\/172774\/revisions"}],"wp:featuredmedia":[{"embeddable":true,"href":"https:\/\/enolife.com.ar\/es\/wp-json\/wp\/v2\/media\/172779"}],"wp:attachment":[{"href":"https:\/\/enolife.com.ar\/es\/wp-json\/wp\/v2\/media?parent=172774"}],"wp:term":[{"taxonomy":"category","embeddable":true,"href":"https:\/\/enolife.com.ar\/es\/wp-json\/wp\/v2\/categories?post=172774"},{"taxonomy":"post_tag","embeddable":true,"href":"https:\/\/enolife.com.ar\/es\/wp-json\/wp\/v2\/tags?post=172774"}],"curies":[{"name":"wp","href":"https:\/\/api.w.org\/{rel}","templated":true}]}}