{"id":172642,"date":"2026-01-27T01:35:59","date_gmt":"2026-01-27T01:35:59","guid":{"rendered":"https:\/\/enolife.com.ar\/es\/?p=172642"},"modified":"2026-01-30T00:13:21","modified_gmt":"2026-01-30T00:13:21","slug":"el-vermut-con-vino-de-mendoza-y-plantas-aromaticas-de-toda-argentina-ya-se-exporta-a-chile","status":"publish","type":"post","link":"https:\/\/enolife.com.ar\/es\/el-vermut-con-vino-de-mendoza-y-plantas-aromaticas-de-toda-argentina-ya-se-exporta-a-chile\/","title":{"rendered":"El vermut con vino de Mendoza y plantas arom\u00e1ticas de toda Argentina ya se exporta a Chile"},"content":{"rendered":"\n<h4 class=\"wp-block-heading\"><em><strong>La empresa Vermut Federal es un proyecto de un grupo de 5 amigos de diferentes partes de Argentina, que eligieron Mendoza como sede para su planta productiva. La caracter\u00edstica diferencial de este vino fortificado con un destilado y mezcla de hierbas, es que re\u00fane arom\u00e1ticas provenientes de todo el pa\u00eds, como extracto de yerba mate de Misiones, mosto de pera de R\u00edo Negro y manzanilla de Neuqu\u00e9n. Los j\u00f3venes emprendedores concretaron su primera exportaci\u00f3n, hacia Chile, lo que marc\u00f3 un hito en su historia y en la expansi\u00f3n de los aperitivos locales hacia el mundo.<\/strong><\/em><\/h4>\n\n\n\n<div style=\"height:38px\" aria-hidden=\"true\" class=\"wp-block-spacer\"><\/div>\n\n\n<a href=\"https:\/\/instagram.com\/labelsolutions?igshid=YmMyMTA2M2Y=\" aria-label=\"Banner Palero 1700&#215;500\"><img loading=\"lazy\" decoding=\"async\" src=\"https:\/\/enolife.com.ar\/es\/wp-content\/uploads\/2021\/09\/Banner-Palero-1700x500-1.gif\" alt=\"\"  width=\"1700\" height=\"500\"   \/><\/a>\n\n\n<div style=\"height:55px\" aria-hidden=\"true\" class=\"wp-block-spacer\"><\/div>\n\n\n\n<p>El desembarco del vermut <strong>Federal<\/strong> en <strong>Chile<\/strong> representa un objetivo cumplido para sus productores y, al mismo tiempo, el inicio de una nueva etapa para la marca, que rinde homenaje a la mixtura de <strong>\u201cser argentino\u201d<\/strong> tanto en su receta como en su identidad visual. La empresa trabaja de manera articulada con <strong>ProMendoza<\/strong> -la agencia gubernamental de la provincia encargada del impulso de los productos mendocinos en el exterior- y ha participado en ferias internacionales, como las realizadas en <strong>Per\u00fa,<\/strong> adem\u00e1s de integrarse en acciones conjuntas de promoci\u00f3n del comercio exterior de bebidas y destilados mendocinos.<\/p>\n\n\n\n<p><em>\u201cPara nosotros, cruzar las fronteras por primera vez con el vermut significa un gran objetivo y tambi\u00e9n un desaf\u00edo\u201d<\/em>, explic\u00f3 <strong>Manuel Ortega<\/strong>, uno de los socios de Vermut Federal. <em>\u201cEs un espacio desconocido que ahora empezamos a explorar, con la expectativa de que el producto se mueva, se consuma y guste, especialmente en las barras de los bares, restaurantes y puntos de venta\u201d<\/em>, se\u00f1al\u00f3.<\/p>\n\n\n\n<p>Seg\u00fan Ortega, Chile es apenas el primer paso de un plan de expansi\u00f3n m\u00e1s amplio. Actualmente, la empresa mantiene conversaciones con potenciales socios comerciales en <strong>Per\u00fa, Brasil, Uruguay, Estados Unidos y Espa\u00f1a<\/strong>, con el objetivo de seguir posicionando el vermut argentino en mercados internacionales.<\/p>\n\n\n\n<div style=\"height:29px\" aria-hidden=\"true\" class=\"wp-block-spacer\"><\/div>\n\n\n\n<h3 class=\"wp-block-heading has-vivid-red-color has-text-color has-link-color wp-elements-e7f5d808c4943d6f6d5ea3721c2c782f\">La identidad federal del vermut se expresa por los insumos que lo constituyen: vino proviene de Mendoza, la yerba mate de Misiones, el alcohol de C\u00f3rdoba, la manzanilla de Neuqu\u00e9n, y el mosto de pera de de R\u00edo Negro, entre otros ingredientes.<\/h3>\n\n\n\n<div style=\"height:31px\" aria-hidden=\"true\" class=\"wp-block-spacer\"><\/div>\n\n\n\n<p>El crecimiento de la marca tambi\u00e9n fue respaldado por importantes reconocimientos. En los <strong>World Drink Awards 2025<\/strong>, Vermut Federal obtuvo una medalla de bronce para su variedad <em>rosso<\/em> y dos medallas de plata por el dise\u00f1o de su etiqueta. Adem\u00e1s, recibi\u00f3 una medalla de oro en el concurso internacional Vinus, que se realiza en Mendoza. <\/p>\n\n\n\n<div style=\"height:30px\" aria-hidden=\"true\" class=\"wp-block-spacer\"><\/div>\n\n\n<div class=\"wp-block-image\">\n<figure class=\"aligncenter size-full is-resized\"><a href=\"https:\/\/enolife.com.ar\/es\/wp-content\/uploads\/2026\/01\/vermut-federal-1.jpg\" data-rel=\"penci-gallery-image-content\" ><img loading=\"lazy\" decoding=\"async\" width=\"980\" height=\"980\" src=\"https:\/\/enolife.com.ar\/es\/wp-content\/uploads\/2026\/01\/vermut-federal-1.jpg\" alt=\"\" class=\"wp-image-172650\" style=\"width:685px;height:auto\" srcset=\"https:\/\/enolife.com.ar\/es\/wp-content\/uploads\/2026\/01\/vermut-federal-1.jpg 980w, https:\/\/enolife.com.ar\/es\/wp-content\/uploads\/2026\/01\/vermut-federal-1-300x300.jpg 300w, https:\/\/enolife.com.ar\/es\/wp-content\/uploads\/2026\/01\/vermut-federal-1-150x150.jpg 150w, https:\/\/enolife.com.ar\/es\/wp-content\/uploads\/2026\/01\/vermut-federal-1-768x768.jpg 768w, https:\/\/enolife.com.ar\/es\/wp-content\/uploads\/2026\/01\/vermut-federal-1-585x585.jpg 585w\" sizes=\"auto, (max-width: 980px) 100vw, 980px\" \/><\/a><\/figure><\/div>\n\n\n<div style=\"height:29px\" aria-hidden=\"true\" class=\"wp-block-spacer\"><\/div>\n\n\n\n<blockquote class=\"wp-block-quote is-layout-flow wp-block-quote-is-layout-flow\">\n<p>Que la etiqueta haya sido premiada es muy significativo, porque representa nuestros paisajes, nuestra cultura y mucha argentinidad. Nos demuestra que hay lugar para m\u00e1s productos argentinos de calidad en el mundo\u201d.<br><strong>MANUEL ORTEGA, socio fundador de Vermut Federal<\/strong><\/p>\n<\/blockquote>\n\n\n\n<div style=\"height:24px\" aria-hidden=\"true\" class=\"wp-block-spacer\"><\/div>\n\n\n\n<p>El \u00faltimo a\u00f1o fue especialmente positivo para la empresa. Entre sus principales hitos se destacaron la primera exportaci\u00f3n, el ingreso a cadenas de comercializaci\u00f3n como <strong>Coto<\/strong> y a plataformas como <strong>PedidosYa<\/strong>, el crecimiento de las ventas a nivel nacional y una fuerte agenda de acciones de relacionamiento empresarial. A eso se sum\u00f3 el reconocimiento internacional obtenido en <strong>Inglaterra<\/strong>, que reforz\u00f3 el posicionamiento de la marca.<\/p>\n\n\n\n<p>De cara al futuro, los due\u00f1os de Vermut Federal planean lanzar nuevos productos, con presentaciones previstas para marzo y septiembre, y continuar ampliando su equipo comercial. \u201cEstos logros motivan mucho al equipo. La idea es seguir creciendo, consolidarnos y llegar a m\u00e1s lugares\u201d, explic\u00f3 Ortega.<\/p>\n\n\n\n<div style=\"height:23px\" aria-hidden=\"true\" class=\"wp-block-spacer\"><\/div>\n\n\n<div class=\"wp-block-image\">\n<figure class=\"aligncenter is-resized\"><img decoding=\"async\" src=\"https:\/\/mza-dicaws-portal-uploads-media-prod.s3.amazonaws.com\/prensa\/uploads\/2026\/01\/WhatsApp-Image-2026-01-20-at-15.54.15-e1768935377314.jpeg\" alt=\"\" class=\"wp-image-521794\" style=\"width:690px;height:auto\" title=\"WhatsApp Image 2026-01-20 at 15.54.15\"\/><\/figure><\/div>\n\n\n<div style=\"height:39px\" aria-hidden=\"true\" class=\"wp-block-spacer\"><\/div>\n\n\n\n<p>Uno de los diferenciales del vermut es su versatilidad y su identidad. Inspirado en los vermuts tradicionales espa\u00f1oles, pero con un marcado toque argentino, se destaca por su \u00abtomabilidad\u00bb y por adaptarse tanto al consumo solo como a la cocteler\u00eda, con soda o t\u00f3nica. <em>\u201cEs un producto amigable, que se siente conocido aunque sea nuevo, y que representa la nostalgia, la amistad y la uni\u00f3n\u201d<\/em>, afirm\u00f3 Ortega.<\/p>\n\n\n\n<p> <em>\u201cCuando abr\u00eds una botella de Vermut Federal, est\u00e1s tomando el trabajo de productores de distintas partes del pa\u00eds\u201d<\/em>, concluy\u00f3 el emprendedor.<\/p>\n\n\n\n<div style=\"height:46px\" aria-hidden=\"true\" class=\"wp-block-spacer\"><\/div>\n","protected":false},"excerpt":{"rendered":"<p>La empresa Vermut Federal es un proyecto de un grupo de 5 amigos de diferentes&hellip;<\/p>\n","protected":false},"author":2,"featured_media":172646,"comment_status":"closed","ping_status":"open","sticky":false,"template":"","format":"standard","meta":{"footnotes":""},"categories":[57],"tags":[],"class_list":["post-172642","post","type-post","status-publish","format-standard","has-post-thumbnail","hentry","category-empresas"],"_links":{"self":[{"href":"https:\/\/enolife.com.ar\/es\/wp-json\/wp\/v2\/posts\/172642","targetHints":{"allow":["GET"]}}],"collection":[{"href":"https:\/\/enolife.com.ar\/es\/wp-json\/wp\/v2\/posts"}],"about":[{"href":"https:\/\/enolife.com.ar\/es\/wp-json\/wp\/v2\/types\/post"}],"author":[{"embeddable":true,"href":"https:\/\/enolife.com.ar\/es\/wp-json\/wp\/v2\/users\/2"}],"replies":[{"embeddable":true,"href":"https:\/\/enolife.com.ar\/es\/wp-json\/wp\/v2\/comments?post=172642"}],"version-history":[{"count":0,"href":"https:\/\/enolife.com.ar\/es\/wp-json\/wp\/v2\/posts\/172642\/revisions"}],"wp:featuredmedia":[{"embeddable":true,"href":"https:\/\/enolife.com.ar\/es\/wp-json\/wp\/v2\/media\/172646"}],"wp:attachment":[{"href":"https:\/\/enolife.com.ar\/es\/wp-json\/wp\/v2\/media?parent=172642"}],"wp:term":[{"taxonomy":"category","embeddable":true,"href":"https:\/\/enolife.com.ar\/es\/wp-json\/wp\/v2\/categories?post=172642"},{"taxonomy":"post_tag","embeddable":true,"href":"https:\/\/enolife.com.ar\/es\/wp-json\/wp\/v2\/tags?post=172642"}],"curies":[{"name":"wp","href":"https:\/\/api.w.org\/{rel}","templated":true}]}}