{"id":172568,"date":"2026-01-24T22:54:38","date_gmt":"2026-01-24T22:54:38","guid":{"rendered":"https:\/\/enolife.com.ar\/es\/?p=172568"},"modified":"2026-01-25T22:11:53","modified_gmt":"2026-01-25T22:11:53","slug":"calendario-vendimia-musica-andina-y-canciones-de-autor-en-el-espacio-leparc-el-25-1-a-las-20-hs","status":"publish","type":"post","link":"https:\/\/enolife.com.ar\/es\/calendario-vendimia-musica-andina-y-canciones-de-autor-en-el-espacio-leparc-el-25-1-a-las-20-hs\/","title":{"rendered":"Calendario Vendimia: m\u00fasica andina y canciones de autor en el Espacio Leparc, el 25\/1 a las 20 hs"},"content":{"rendered":"\n<h4 class=\"wp-block-heading\"><em><strong>Ya en pleno clima vendimial, a s\u00f3lo 43 d\u00edas de la Fiesta mayor de los mendocinos, se abre un abanico de espect\u00e1culos, degustaciones de vinos y ferias que vecinos y turistas pueden disfrutar, en la mayor\u00eda de los casos, con entradas accesibles o en forma gratuita. Este domingo 25\/1, desde las 20 hs, al magn\u00edfico Espacio Cultural Julio Le Parc de Guaymall\u00e9n llega desde Francia el d\u00fao conformado por el int\u00e9rprete, autor y poeta chileno Osvaldo Torres -uno de los fundadores del m\u00edtico grupo trasandino Illapu- y la cantante, compositora y multiintrumentista italiana Silvia Balducci. Junto a ellos, el conjunto de m\u00fasica indoamericana Amauta, formado en Mendoza en 1975, con 50 a\u00f1os en permanente actividad y notables discos grabados. Y una invitada especial: la cantautora y poeta mendocina Eugenia Ferrer, l\u00edder del grupo Alma de soul.<\/strong><\/em><\/h4>\n\n\n\n<div style=\"height:35px\" aria-hidden=\"true\" class=\"wp-block-spacer\"><\/div>\n\n\n<a href=\"https:\/\/sudafilt.com\/\" aria-label=\"SUDAFILT 1700X500 NOV25\"><img loading=\"lazy\" decoding=\"async\" src=\"https:\/\/enolife.com.ar\/es\/wp-content\/uploads\/2020\/07\/SUDAFILT-1700X500-NOV25.gif\" alt=\"\"  width=\"1700\" height=\"500\"   \/><\/a>\n\n\n<div style=\"height:49px\" aria-hidden=\"true\" class=\"wp-block-spacer\"><\/div>\n\n\n\n<p><strong>\u00abViaje\u00a0al\u00a0coraz\u00f3n\u00a0de los\u00a0Andes\u00a0sin fronteras\u00bb<\/strong>, el espect\u00e1culo que ma\u00f1ana 25\/1\/26 a las 20 hs se presenta en la Sala Tito Francia del Espacio Cultural Le Parc, es una puesta en escena de composiciones y m\u00fasica que van desde los sonidos del silencio de la Cordillera de los Andes a las canciones de autor que se proyectan al mundo con su mensaje multicultural.<\/p>\n\n\n\n<p>Como figura aglutinadora y convocante de la noche, ofrecer\u00e1 su arte el uno de los fundadores del denominado <strong>Canto Nuevo<\/strong> que naci\u00f3 en <strong>Chile <\/strong>y dio la vuelta al mundo: el poeta y multiintrumentista trasandino <strong>Osvaldo Torres<\/strong>. Junto a su compa\u00f1era de la vida y los escenarios, la italiana radicada en Londres <strong>Silvia Balducci,<\/strong> desplegar\u00e1n canciones \u00edntimas como <strong>\u00abEl puma de Lirima\u00bb<\/strong><em> <\/em>y <strong>\u00abPalabras\u00bb<\/strong>, una declamaci\u00f3n del acto mayor del hombre, el lenguaje, que tiene el poder suficiente para transformar una realidad en otra.&nbsp;<\/p>\n\n\n\n<div style=\"height:25px\" aria-hidden=\"true\" class=\"wp-block-spacer\"><\/div>\n\n\n<div class=\"wp-block-image\">\n<figure class=\"aligncenter size-full is-resized\"><a href=\"https:\/\/enolife.com.ar\/es\/wp-content\/uploads\/2026\/01\/Duo-Torres-Balducci.jpeg\" data-rel=\"penci-gallery-image-content\" ><img loading=\"lazy\" decoding=\"async\" width=\"600\" height=\"576\" src=\"https:\/\/enolife.com.ar\/es\/wp-content\/uploads\/2026\/01\/Duo-Torres-Balducci.jpeg\" alt=\"\" class=\"wp-image-172582\" style=\"width:630px;height:auto\" srcset=\"https:\/\/enolife.com.ar\/es\/wp-content\/uploads\/2026\/01\/Duo-Torres-Balducci.jpeg 600w, https:\/\/enolife.com.ar\/es\/wp-content\/uploads\/2026\/01\/Duo-Torres-Balducci-300x288.jpeg 300w, https:\/\/enolife.com.ar\/es\/wp-content\/uploads\/2026\/01\/Duo-Torres-Balducci-585x562.jpeg 585w\" sizes=\"auto, (max-width: 600px) 100vw, 600px\" \/><\/a><figcaption class=\"wp-element-caption\"><em><strong>La italiana Silvia Balducci en d\u00fao con el chileno Osvaldo Torres.<\/strong><\/em><\/figcaption><\/figure><\/div>\n\n\n<div style=\"height:25px\" aria-hidden=\"true\" class=\"wp-block-spacer\"><\/div>\n\n\n\n<p><strong>Silvia <\/strong>es una cantante, compositora, productora y guitarrista italiana creadora junto a Osvaldo del espect\u00e1culo <strong>\u00abHay un mundo que se va porque otro llega\u00bb<\/strong>. Ella ha sabido captar la esencia del trabajo po\u00e9tico de Osvaldo y, gracias a la calidad de su interpretaci\u00f3n vocal y de su guitarra, le confiere impacto y altura expresiva. Osvaldo y Silvia, en suma, son una expresi\u00f3n notable de la <strong><em>world music<\/em>, la m\u00fasica del mundo.<\/strong><\/p>\n\n\n\n<div style=\"height:30px\" aria-hidden=\"true\" class=\"wp-block-spacer\"><\/div>\n\n\n\n<p class=\"has-medium-font-size\"><strong>Amauta, un cl\u00e1sico andino<\/strong><\/p>\n\n\n\n<p>Con m\u00e1s de 50 a\u00f1os en la escena mendocina y argentina, cinco discos publicados y grandes obras conceptuales en su recorrido, <strong>Amauta<\/strong> llega a este aniversario con una formaci\u00f3n actual integrada por <strong>Eduardo Salvatierra, Daniel Isuani, Camilo Jim\u00e9nez y Roberto Trist\u00e1n<\/strong>.<\/p>\n\n\n\n<div style=\"height:26px\" aria-hidden=\"true\" class=\"wp-block-spacer\"><\/div>\n\n\n<div class=\"wp-block-image\">\n<figure class=\"aligncenter size-full is-resized\"><a href=\"https:\/\/enolife.com.ar\/es\/wp-content\/uploads\/2026\/01\/Amatua.webp\"><img loading=\"lazy\" decoding=\"async\" width=\"1000\" height=\"558\" src=\"https:\/\/enolife.com.ar\/es\/wp-content\/uploads\/2026\/01\/Amatua.webp\" alt=\"\" class=\"wp-image-172572\" style=\"width:694px;height:auto\" srcset=\"https:\/\/enolife.com.ar\/es\/wp-content\/uploads\/2026\/01\/Amatua.webp 1000w, https:\/\/enolife.com.ar\/es\/wp-content\/uploads\/2026\/01\/Amatua-300x167.webp 300w, https:\/\/enolife.com.ar\/es\/wp-content\/uploads\/2026\/01\/Amatua-768x429.webp 768w, https:\/\/enolife.com.ar\/es\/wp-content\/uploads\/2026\/01\/Amatua-585x326.webp 585w\" sizes=\"auto, (max-width: 1000px) 100vw, 1000px\" \/><\/a><figcaption class=\"wp-element-caption\"><em><strong>Amauta, desde Mendoza, es uno de los grupos fundacionales de la m\u00fasica andina latinoamericana.<\/strong><\/em><\/figcaption><\/figure><\/div>\n\n\n<div style=\"height:48px\" aria-hidden=\"true\" class=\"wp-block-spacer\"><\/div>\n\n\n\n<p>Su historia est\u00e1 marcada no s\u00f3lo por la permanente interpretaci\u00f3n y reinterpretaci\u00f3n de lo andino, sino por un esp\u00edritu art\u00edstico abierto, que ha llevado a que a que durante medio siglo Amauta haya sido un centro creativo que incluy\u00f3 m\u00fasicos, actores, colaboradores, transform\u00e1ndolo en un proyecto amplio y en permanente evoluci\u00f3n. <\/p>\n\n\n\n<div style=\"height:29px\" aria-hidden=\"true\" class=\"wp-block-spacer\"><\/div>\n\n\n\n<p class=\"has-medium-font-size\"><strong>Alejandro Sicardi, apasionado por la fusi\u00f3n<\/strong><\/p>\n\n\n\n<p><strong>Alejandro Sicardi<\/strong> es un reconocido cantautor, compositor y poeta argentino, oriundo de Mendoza. Con m\u00e1s de 20 a\u00f1os de trayectoria art\u00edstica, su obra se caracteriza por fusionar la m\u00fasica de autor con ra\u00edces andinas y una l\u00edrica comprometida con la realidad social. <\/p>\n\n\n<div class=\"wp-block-image\">\n<figure class=\"aligncenter size-full is-resized\"><a href=\"https:\/\/enolife.com.ar\/es\/wp-content\/uploads\/2026\/01\/Alejandro-Sicardi.jpg\" data-rel=\"penci-gallery-image-content\" ><img loading=\"lazy\" decoding=\"async\" width=\"700\" height=\"458\" src=\"https:\/\/enolife.com.ar\/es\/wp-content\/uploads\/2026\/01\/Alejandro-Sicardi.jpg\" alt=\"\" class=\"wp-image-172575\" style=\"width:724px;height:auto\" srcset=\"https:\/\/enolife.com.ar\/es\/wp-content\/uploads\/2026\/01\/Alejandro-Sicardi.jpg 700w, https:\/\/enolife.com.ar\/es\/wp-content\/uploads\/2026\/01\/Alejandro-Sicardi-300x196.jpg 300w, https:\/\/enolife.com.ar\/es\/wp-content\/uploads\/2026\/01\/Alejandro-Sicardi-585x383.jpg 585w\" sizes=\"auto, (max-width: 700px) 100vw, 700px\" \/><\/a><figcaption class=\"wp-element-caption\"><em><strong>Alejandro Sicardi, un explorados de los ritmos y contenidos po\u00e9ticos.<\/strong><\/em><\/figcaption><\/figure><\/div>\n\n\n<div style=\"height:33px\" aria-hidden=\"true\" class=\"wp-block-spacer\"><\/div>\n\n\n\n<p>A lo largo de su carrera ha explorado g\u00e9neros como el folclore, el tango y la canci\u00f3n urbana. Entre sus trabajos m\u00e1s destacados se encuentran <strong>Solo <\/strong>(2022, un \u00e1lbum que recorre diversas \u00e9pocas de su historia compositiva); <strong>Alejandro Sicardi en vivo <\/strong>(2020); <strong>Tangos en blanco y negro <\/strong>(2018, grabado junto a Escolazo tangos lunfardos); <strong>Grafitis <\/strong>(2015) y <strong>Ensayos <\/strong>(2008).&nbsp;<\/p>\n\n\n\n<p>Adem\u00e1s de su faceta como solista, es conocido por organizar eventos de canci\u00f3n de autor y colaborar con m\u00fasicos de Chile y Uruguay.<\/p>\n\n\n\n<div style=\"height:24px\" aria-hidden=\"true\" class=\"wp-block-spacer\"><\/div>\n\n\n\n<p class=\"has-medium-font-size\"><strong>Eugenia Ferrer, cantautora de amplio espectro<\/strong><\/p>\n\n\n\n<p>La talentosa artista <strong>Eugenia Ferrer<\/strong> -invitada especial del concierto de ma\u00f1ana domingo 25\/1- es conocida en el circuito cultural y musical de Mendoza por sus presentaciones como cantautora junto a otros destacados m\u00fasicos y poetas locales.<\/p>\n\n\n\n<div style=\"height:30px\" aria-hidden=\"true\" class=\"wp-block-spacer\"><\/div>\n\n\n<div class=\"wp-block-image\">\n<figure class=\"aligncenter size-large is-resized\"><a href=\"https:\/\/enolife.com.ar\/es\/wp-content\/uploads\/2026\/01\/Eugenia.jpeg\" data-rel=\"penci-gallery-image-content\" ><img loading=\"lazy\" decoding=\"async\" width=\"941\" height=\"1024\" src=\"https:\/\/enolife.com.ar\/es\/wp-content\/uploads\/2026\/01\/Eugenia-941x1024.jpeg\" alt=\"\" class=\"wp-image-172578\" style=\"width:666px;height:auto\" srcset=\"https:\/\/enolife.com.ar\/es\/wp-content\/uploads\/2026\/01\/Eugenia-941x1024.jpeg 941w, https:\/\/enolife.com.ar\/es\/wp-content\/uploads\/2026\/01\/Eugenia-276x300.jpeg 276w, https:\/\/enolife.com.ar\/es\/wp-content\/uploads\/2026\/01\/Eugenia-768x836.jpeg 768w, https:\/\/enolife.com.ar\/es\/wp-content\/uploads\/2026\/01\/Eugenia-1170x1273.jpeg 1170w, https:\/\/enolife.com.ar\/es\/wp-content\/uploads\/2026\/01\/Eugenia-585x637.jpeg 585w, https:\/\/enolife.com.ar\/es\/wp-content\/uploads\/2026\/01\/Eugenia.jpeg 1176w\" sizes=\"auto, (max-width: 941px) 100vw, 941px\" \/><\/a><figcaption class=\"wp-element-caption\"><em><strong>Eugenia Ferrer, invitada especial<\/strong><\/em><\/figcaption><\/figure><\/div>\n\n\n<div style=\"height:40px\" aria-hidden=\"true\" class=\"wp-block-spacer\"><\/div>\n\n\n\n<p>Tambi\u00e9n ha tenido reconocimiento como productora de espect\u00e1culos y como int\u00e9rprete de sus poemas musicalizados en el \u00e1mbito de la comunidad italiana de la provincia. Fruto de esa pasi\u00f3n por comunicar su arte es el \u00e1lbum virtual <strong>\u00abMi voz\u00bb<\/strong>, con 8 canciones propias, editado en 2020 y disponible gratuitamente en Spotify y Youtube. <\/p>\n\n\n\n<p>La artista platense afincada desde muy joven en Mendoza tambi\u00e9n lidera la banda <strong>Alma de Soul<\/strong>, con la que ya tiene un extenso recorrido por escenarios provinciales. Como poeta, en 2024 present\u00f3 su libro <strong>\u00abVolver a existir\u00bb<\/strong>, que expresa la veta m\u00e1s \u00edntima de la autora.<\/p>\n\n\n\n<div style=\"height:54px\" aria-hidden=\"true\" class=\"wp-block-spacer\"><\/div>\n","protected":false},"excerpt":{"rendered":"<p>Ya en pleno clima vendimial, a s\u00f3lo 43 d\u00edas de la Fiesta mayor de los&hellip;<\/p>\n","protected":false},"author":2,"featured_media":172574,"comment_status":"closed","ping_status":"open","sticky":false,"template":"","format":"standard","meta":{"footnotes":""},"categories":[47],"tags":[],"class_list":["post-172568","post","type-post","status-publish","format-standard","has-post-thumbnail","hentry","category-agenda"],"_links":{"self":[{"href":"https:\/\/enolife.com.ar\/es\/wp-json\/wp\/v2\/posts\/172568","targetHints":{"allow":["GET"]}}],"collection":[{"href":"https:\/\/enolife.com.ar\/es\/wp-json\/wp\/v2\/posts"}],"about":[{"href":"https:\/\/enolife.com.ar\/es\/wp-json\/wp\/v2\/types\/post"}],"author":[{"embeddable":true,"href":"https:\/\/enolife.com.ar\/es\/wp-json\/wp\/v2\/users\/2"}],"replies":[{"embeddable":true,"href":"https:\/\/enolife.com.ar\/es\/wp-json\/wp\/v2\/comments?post=172568"}],"version-history":[{"count":0,"href":"https:\/\/enolife.com.ar\/es\/wp-json\/wp\/v2\/posts\/172568\/revisions"}],"wp:featuredmedia":[{"embeddable":true,"href":"https:\/\/enolife.com.ar\/es\/wp-json\/wp\/v2\/media\/172574"}],"wp:attachment":[{"href":"https:\/\/enolife.com.ar\/es\/wp-json\/wp\/v2\/media?parent=172568"}],"wp:term":[{"taxonomy":"category","embeddable":true,"href":"https:\/\/enolife.com.ar\/es\/wp-json\/wp\/v2\/categories?post=172568"},{"taxonomy":"post_tag","embeddable":true,"href":"https:\/\/enolife.com.ar\/es\/wp-json\/wp\/v2\/tags?post=172568"}],"curies":[{"name":"wp","href":"https:\/\/api.w.org\/{rel}","templated":true}]}}