{"id":172539,"date":"2026-01-23T23:28:46","date_gmt":"2026-01-23T23:28:46","guid":{"rendered":"https:\/\/enolife.com.ar\/es\/?p=172539"},"modified":"2026-01-27T01:35:35","modified_gmt":"2026-01-27T01:35:35","slug":"muelen-100-millones-de-kg-de-uva-por-ano-7-bodegas-sanjuaninas-se-asocian-para-exportar","status":"publish","type":"post","link":"https:\/\/enolife.com.ar\/es\/muelen-100-millones-de-kg-de-uva-por-ano-7-bodegas-sanjuaninas-se-asocian-para-exportar\/","title":{"rendered":"Muelen 100 millones de kg de uva por a\u00f1o: 7 bodegas sanjuaninas se asocian para exportar"},"content":{"rendered":"\n<h4 class=\"wp-block-heading\"><em><strong>Siete bodegas de la provincia argentina de San Juan -segunda productora de uva y vino del pa\u00eds- pusieron en marcha un esquema conjunto para potenciar la exportaci\u00f3n de mosto de uva y vinos a granel, con el acompa\u00f1amiento del Gobierno provincial, la Fundaci\u00f3n ICBC y la Agencia Argentina de Inversiones y Comercio Internacional.<\/strong><\/em><\/h4>\n\n\n\n<div style=\"height:49px\" aria-hidden=\"true\" class=\"wp-block-spacer\"><\/div>\n\n\n<a href=\"https:\/\/instagram.com\/labelsolutions?igshid=YmMyMTA2M2Y=\" aria-label=\"Banner Palero 1700&#215;500\"><img loading=\"lazy\" decoding=\"async\" src=\"https:\/\/enolife.com.ar\/es\/wp-content\/uploads\/2021\/09\/Banner-Palero-1700x500-1.gif\" alt=\"\"  width=\"1700\" height=\"500\"   \/><\/a>\n\n\n<div style=\"height:60px\" aria-hidden=\"true\" class=\"wp-block-spacer\"><\/div>\n\n\n\n<p>El grupo forma parte del <strong>Programa de Gerenciamiento Exportador Asociativo<\/strong> del <strong>gobierno de San Juan<\/strong>, y apunta a facilitar el acceso de pymes vitivin\u00edcolas a mercados externos, con financiamiento, asistencia t\u00e9cnica y acciones comerciales internacionales.<\/p>\n\n\n\n<p>Con el nombre de \u00ab<strong>Grupo de gerenciamiento exportador asociativo de mosto de uva y vinos a granel\u00bb, <\/strong>se integraron inicialmente siete importantes bodegas locales, cuyos lagares procesan anualmente alrededor de <strong>100 millones de kilogramos de uva.<\/strong><\/p>\n\n\n\n<p>La iniciativa se enmarca en una iniciativa de la <strong>Direcci\u00f3n de Comercio Exterior de San Juan<\/strong>, que pone en marcha una asistencia integral en comercio internacional para un nuevo conjunto empresario exportador, a trav\u00e9s del mencionado programa asociativo, destinado a empresas y gerentes de grupo interesados en desarrollar sus ventas al exterior.<\/p>\n\n\n\n<p>Este programa de apoyo empresarial es impulsado por la <strong>Fundaci\u00f3n del Banco ICBC<\/strong> y la <strong>Agencia Argentina de Inversiones y Comercio Internacional (Aaici)<\/strong>, y trabaja con empresas argentinas junto a profesionales especializados en comercio internacional que se desempe\u00f1an como gerentes de los grupos exportadores.<\/p>\n\n\n\n<div style=\"height:32px\" aria-hidden=\"true\" class=\"wp-block-spacer\"><\/div>\n\n\n<div class=\"wp-block-image\">\n<figure class=\"aligncenter is-resized\"><img decoding=\"async\" src=\"https:\/\/sisanjuan.b-cdn.net\/media\/k2\/items\/cache\/50e4527fe0eb4c2e3a8de11efbefaf16_L.jpg\" alt=\"Conforman un nuevo grupo exportador asociado al mosto de uva\" style=\"width:694px;height:auto\"\/><figcaption class=\"wp-element-caption\"><em><strong>Los bodegueros asociados junto a funcionarios del Gobierno de San Juan y directivos de la Fundaci\u00f3n ICBC y de la Agencia de Inversiones y Comercio Internacional (Aaici).<\/strong><\/em><\/figcaption><\/figure><\/div>\n\n\n<div style=\"height:47px\" aria-hidden=\"true\" class=\"wp-block-spacer\"><\/div>\n\n\n\n<p>En San Juan, el proyecto es ejecutado por el Ministerio de la Producci\u00f3n, Trabajo e Innovaci\u00f3n del Gobierno provincia con el objetivo de fomentar las exportaciones, en este caso del mosto de uva en sus diferentes modalidades de oferta exportable.<\/p>\n\n\n\n<p>En esta oportunidad, el trabajo se desarroll\u00f3 de manera conjunta entre la Secretar\u00eda de Coordinaci\u00f3n para el Desarrollo Econ\u00f3mico del ministerio, encabezada por <strong>Alfredo Aciar<\/strong>, y la Direcci\u00f3n de Comercio Exterior, junto a las Direcciones de Desarrollo Vitivin\u00edcola y de Registros y Contingencias Clim\u00e1ticas de la Secretar\u00eda de Agricultura, a cargo de <strong>Miguel Moreno.<\/strong> El objetivo central es facilitar y potenciar el acceso de las pymes a los mercados externos y ampliar las ventas internacionales.<\/p>\n\n\n\n<p>Entre los principales beneficios que ofrece el programa se destacan el financiamiento del 50% de los honorarios del gerente de comercio internacional del grupo durante los 12 meses de duraci\u00f3n del programa -siendo las empresas responsables del 50% restante-, el subsidio para el desarrollo de una web grupal y la colaboraci\u00f3n en la organizaci\u00f3n de misiones comerciales al exterior, rondas de negocios y exposiciones internacionales.<\/p>\n\n\n\n<div style=\"height:32px\" aria-hidden=\"true\" class=\"wp-block-spacer\"><\/div>\n\n\n<div class=\"wp-block-image\">\n<figure class=\"aligncenter size-full is-resized\"><a href=\"https:\/\/enolife.com.ar\/es\/wp-content\/uploads\/2026\/01\/mosto.jpg\" data-rel=\"penci-gallery-image-content\" ><img loading=\"lazy\" decoding=\"async\" width=\"905\" height=\"510\" src=\"https:\/\/enolife.com.ar\/es\/wp-content\/uploads\/2026\/01\/mosto.jpg\" alt=\"\" class=\"wp-image-172549\" style=\"width:696px;height:auto\" srcset=\"https:\/\/enolife.com.ar\/es\/wp-content\/uploads\/2026\/01\/mosto.jpg 905w, https:\/\/enolife.com.ar\/es\/wp-content\/uploads\/2026\/01\/mosto-300x169.jpg 300w, https:\/\/enolife.com.ar\/es\/wp-content\/uploads\/2026\/01\/mosto-768x433.jpg 768w, https:\/\/enolife.com.ar\/es\/wp-content\/uploads\/2026\/01\/mosto-585x330.jpg 585w\" sizes=\"auto, (max-width: 905px) 100vw, 905px\" \/><\/a><\/figure><\/div>\n\n\n<div style=\"height:45px\" aria-hidden=\"true\" class=\"wp-block-spacer\"><\/div>\n\n\n\n<p>Desde su inicio, el Programa de Gerenciamiento Exportador Asociativo ha sido aprovechado por casi <strong>300 grupos, integrados por m\u00e1s de 2.000 empresas de todo el pa\u00eds.<\/strong> Actualmente, <strong>cuenta con 20 grupos conformados por 125 empresas de 12 provincias. <\/strong>En San Juan ya se encuentran en funcionamiento dos grupos con 13 empresas beneficiarias, y este tercer grupo en formaci\u00f3n cuenta con la participaci\u00f3n de al menos siete bodegas locales elaboradoras de mosto sulfitado.<\/p>\n\n\n\n<p>Durante el \u00faltimo encuentro, los empresarios eligieron como gerente del grupo al licenciado en Comercio Internacional<strong> Lucas Tello<\/strong>, profesional de amplia trayectoria en el sector vitivin\u00edcola.<\/p>\n\n\n\n<p>En las reuniones de trabajo para definir los modos y tiempos de ejecuci\u00f3n del proyecto participaron los empresarios <strong>Carlos Barcel\u00f3, Daniel Carrascosa, Ricardo y Felipe Herce, Nicol\u00e1s Nozica, Oscar Gonz\u00e1lez Valverde, Gonzalo Verdeguer, Enzo Lapeta, Iliana Brant <\/strong>y<strong> Leonardo Olaz\u00e1bal.<\/strong><\/p>\n\n\n\n<p>Por parte de la Fundaci\u00f3n ICBC, estuvieron presentes el gerente de la sucursal local, <strong>Gustavo Rosales<\/strong>, junto a la presidenta de la instituci\u00f3n creadora del programa,<strong> Emma Fontanet<\/strong>, mientras que por la Aaici particip\u00f3 <strong>Juan Ignacio Redondo<\/strong>. En representaci\u00f3n del Ministerio de la Producci\u00f3n asistieron el director de Comercio Exterior, <strong>Adri\u00e1n Alonso<\/strong>; <strong>Juan Carlos Hidalgo<\/strong>, de Desarrollo Vitivin\u00edcola y <strong>Alberto Gallardo <\/strong>de Registros y Contingencias Clim\u00e1ticas.<\/p>\n\n\n\n<div style=\"height:26px\" aria-hidden=\"true\" class=\"wp-block-spacer\"><\/div>\n\n\n\n<p class=\"has-small-font-size\"><em><strong>Fuente: Gobierno de San Juan<\/strong><\/em><\/p>\n\n\n\n<div style=\"height:40px\" aria-hidden=\"true\" class=\"wp-block-spacer\"><\/div>\n","protected":false},"excerpt":{"rendered":"<p>Siete bodegas de la provincia argentina de San Juan -segunda productora de uva y vino&hellip;<\/p>\n","protected":false},"author":2,"featured_media":172541,"comment_status":"closed","ping_status":"open","sticky":false,"template":"","format":"standard","meta":{"footnotes":""},"categories":[9],"tags":[],"class_list":["post-172539","post","type-post","status-publish","format-standard","has-post-thumbnail","hentry","category-negocios"],"_links":{"self":[{"href":"https:\/\/enolife.com.ar\/es\/wp-json\/wp\/v2\/posts\/172539","targetHints":{"allow":["GET"]}}],"collection":[{"href":"https:\/\/enolife.com.ar\/es\/wp-json\/wp\/v2\/posts"}],"about":[{"href":"https:\/\/enolife.com.ar\/es\/wp-json\/wp\/v2\/types\/post"}],"author":[{"embeddable":true,"href":"https:\/\/enolife.com.ar\/es\/wp-json\/wp\/v2\/users\/2"}],"replies":[{"embeddable":true,"href":"https:\/\/enolife.com.ar\/es\/wp-json\/wp\/v2\/comments?post=172539"}],"version-history":[{"count":0,"href":"https:\/\/enolife.com.ar\/es\/wp-json\/wp\/v2\/posts\/172539\/revisions"}],"wp:featuredmedia":[{"embeddable":true,"href":"https:\/\/enolife.com.ar\/es\/wp-json\/wp\/v2\/media\/172541"}],"wp:attachment":[{"href":"https:\/\/enolife.com.ar\/es\/wp-json\/wp\/v2\/media?parent=172539"}],"wp:term":[{"taxonomy":"category","embeddable":true,"href":"https:\/\/enolife.com.ar\/es\/wp-json\/wp\/v2\/categories?post=172539"},{"taxonomy":"post_tag","embeddable":true,"href":"https:\/\/enolife.com.ar\/es\/wp-json\/wp\/v2\/tags?post=172539"}],"curies":[{"name":"wp","href":"https:\/\/api.w.org\/{rel}","templated":true}]}}