{"id":172530,"date":"2026-01-23T22:46:07","date_gmt":"2026-01-23T22:46:07","guid":{"rendered":"https:\/\/enolife.com.ar\/es\/?p=172530"},"modified":"2026-01-24T23:54:03","modified_gmt":"2026-01-24T23:54:03","slug":"los-productores-de-vino-fairtrade-de-argentina-y-chile-se-reunen-en-mendoza-del-26-al-28-1-26","status":"publish","type":"post","link":"https:\/\/enolife.com.ar\/es\/los-productores-de-vino-fairtrade-de-argentina-y-chile-se-reunen-en-mendoza-del-26-al-28-1-26\/","title":{"rendered":"Los productores de vino Fairtrade de Argentina y Chile se re\u00fanen en Mendoza del 26 al 28\/1\/26"},"content":{"rendered":"\n<h4 class=\"wp-block-heading\"><em><strong>El producto Fairtrade (comercio justo + sostenibilidad + \u00e9tica y valores) m\u00e1s vendido de Argentina en el mundo es el vino. Para poner de relieve y en la escena latinoamericana esta condici\u00f3n, no s\u00f3lo de nuestro pa\u00eds sino tambi\u00e9n de la hermana naci\u00f3n trasandina, del 26 al 28 de enero se realizar\u00e1 en Mendoza el IV Encuentro Anual de Productores de Vino Fairtrade de Argentina y Chile. Ambos pa\u00edses conforman uno de los polos Fairtrade m\u00e1s fuertes del mundo vitivin\u00edcola.<\/strong><\/em><\/h4>\n\n\n\n<div style=\"height:34px\" aria-hidden=\"true\" class=\"wp-block-spacer\"><\/div>\n\n\n<a href=\"https:\/\/www.linkedin.com\/company\/agrinet-sa\/?originalSubdomain=ar\" aria-label=\"1700X500\"><img loading=\"lazy\" decoding=\"async\" src=\"https:\/\/enolife.com.ar\/es\/wp-content\/uploads\/2021\/11\/1700X500.gif\" alt=\"\"  width=\"1700\" height=\"500\"   \/><\/a>\n\n\n<div style=\"height:48px\" aria-hidden=\"true\" class=\"wp-block-spacer\"><\/div>\n\n\n\n<p><strong>Mendoza<\/strong> ser\u00e1 sede del <strong>4to. Encuentro Anual de Productores de Vino Fairtrade de Argentina y Chile<\/strong>, que reunir\u00e1 a productores certificados, a miembros de <strong>Coordinadora Latinoamericana y del Caribe de Peque\u00f1os Productores y Trabajadores de Comercio Justo (CLAC)<\/strong> de ambos pa\u00edses, importadores de Brasil y referentes del sector para fortalecer la sostenibilidad y el comercio justo en la vitivinicultura.<\/p>\n\n\n\n<p>La agenda incluye presentaciones estrat\u00e9gicas, una din\u00e1mica comercial con importadores y la visita t\u00e9cnica a <strong>Finca Agrelo de Grupo Avinea<\/strong> -referente en biodiversidad y pr\u00e1cticas agroecol\u00f3gicas. El cierre se realizar\u00e1 en el <strong>Hotel Amerian de Chacras de Coria, Luj\u00e1n de Cuyo<\/strong>, donde cada organizaci\u00f3n compartir\u00e1 proyectos de impacto y se realizar\u00e1 una <strong>degustaci\u00f3n de vinos Fairtrade<\/strong> de las bodegas participantes de Chile y Argentina. El evento es organizado por <strong>CLAC-Fairtrade<\/strong> y <strong>Bodega Argento (foto principal).<\/strong><\/p>\n\n\n\n<div style=\"height:27px\" aria-hidden=\"true\" class=\"wp-block-spacer\"><\/div>\n\n\n\n<p class=\"has-background\" style=\"background-color:#ddbac2\"><strong>Las bodegas participantes<\/strong><br><br>Cooperativa La Riojana, Bodega Montlaiz, Bodega Altavista, Grupo Pe\u00f1aflor, Grupo Avinea, Bodega Chaquepes, Bodega y vi\u00f1edo Amadeo Mara\u00f1on, Vidseca (Chile), Caupolic\u00e1n (Chile), Lautaro (Chile), Red del vino (Chile) y Astaburuaga (Chile).<\/p>\n\n\n\n<div style=\"height:36px\" aria-hidden=\"true\" class=\"wp-block-spacer\"><\/div>\n\n\n\n<p><strong>\u00bfQue son los vinos Fairtrade?<\/strong><\/p>\n\n\n\n<p>Los <strong>vinos Fairtrade <\/strong>provienen de organizaciones de peque\u00f1os productores y bodegas que cumplen <strong>estrictos est\u00e1ndares de \u00e9tica y sostenibilidad<\/strong> definidos por el sistema <strong>Fairtrade Internacional<\/strong>.<\/p>\n\n\n\n<p>Estos est\u00e1ndares incluyen <strong>condiciones laborales dignas, respeto por los derechos humanos, protecci\u00f3n del medio ambiente, estructuras democr\u00e1ticas y transparencia administrativa.<\/strong> Adem\u00e1s, cada venta genera una <strong>Prima Fairtrade<\/strong>, destinada a proyectos comunitarios que mejoran la calidad de vida de productores y trabajadores. Seg\u00fan estudios de <strong>GlobalScan<\/strong>, el sello Fairtrade es uno de los <strong>s\u00edmbolos de \u00e9tica y sostenibilidad m\u00e1s reconocidos por los consumidores del mundo<\/strong>.<\/p>\n\n\n\n<div style=\"height:28px\" aria-hidden=\"true\" class=\"wp-block-spacer\"><\/div>\n\n\n<div class=\"wp-block-image\">\n<figure class=\"aligncenter size-large is-resized\"><a href=\"https:\/\/enolife.com.ar\/es\/wp-content\/uploads\/2026\/01\/Bodega-Torres-Chile.jpg\" data-rel=\"penci-gallery-image-content\" ><img loading=\"lazy\" decoding=\"async\" width=\"1024\" height=\"680\" src=\"https:\/\/enolife.com.ar\/es\/wp-content\/uploads\/2026\/01\/Bodega-Torres-Chile-1024x680.jpg\" alt=\"\" class=\"wp-image-172535\" style=\"width:672px;height:auto\" srcset=\"https:\/\/enolife.com.ar\/es\/wp-content\/uploads\/2026\/01\/Bodega-Torres-Chile-1024x680.jpg 1024w, https:\/\/enolife.com.ar\/es\/wp-content\/uploads\/2026\/01\/Bodega-Torres-Chile-300x199.jpg 300w, https:\/\/enolife.com.ar\/es\/wp-content\/uploads\/2026\/01\/Bodega-Torres-Chile-768x510.jpg 768w, https:\/\/enolife.com.ar\/es\/wp-content\/uploads\/2026\/01\/Bodega-Torres-Chile-1536x1020.jpg 1536w, https:\/\/enolife.com.ar\/es\/wp-content\/uploads\/2026\/01\/Bodega-Torres-Chile-1170x777.jpg 1170w, https:\/\/enolife.com.ar\/es\/wp-content\/uploads\/2026\/01\/Bodega-Torres-Chile-585x388.jpg 585w, https:\/\/enolife.com.ar\/es\/wp-content\/uploads\/2026\/01\/Bodega-Torres-Chile.jpg 2000w\" sizes=\"auto, (max-width: 1024px) 100vw, 1024px\" \/><\/a><figcaption class=\"wp-element-caption\"><em><strong>Los vi\u00f1edos agroecol\u00f3gicos, fundamentales en el sistema Fairtrade.<\/strong><\/em><\/figcaption><\/figure><\/div>\n\n\n<div style=\"height:25px\" aria-hidden=\"true\" class=\"wp-block-spacer\"><\/div>\n\n\n\n<p><strong>Argentina y Chile<\/strong> cuentan con condiciones excepcionales de terroir a lo largo de la <strong>Cordillera de los Andes<\/strong> que permiten producir vinos de alta calidad bajo modelos sostenibles. El vino es el principal producto Fairtrade exportado por ambos pa\u00edses, que en conjunto cuentan con m\u00e1s de <strong>6.500 hect\u00e1reas<\/strong> certificadas pertenecientes a 16 organizaciones, exportando m\u00e1s de <strong>9 millones de litros anuales con certificaci\u00f3n a m\u00e1s de 16 pa\u00edses<\/strong>. Este comercio genera m\u00e1s de <strong>U$S 600.000<\/strong> en Prima Fairtrade por a\u00f1o, fondos que se reinvierten en proyectos sociales y ambientales de alto impacto en las comunidades locales.<\/p>\n\n\n\n<p>Los lectores interesados en descubrir m\u00e1s sobre el impacto del vino Fairtrade pueden explorar la campa\u00f1a Andes Wine en su sitio oficial: <a href=\"https:\/\/theandeswines.org\/es\/\" target=\"_blank\" rel=\"noreferrer noopener\">https:\/\/theandeswines.org\/es\/<\/a>\u00a0 \u00a0<\/p>\n\n\n\n<div style=\"height:44px\" aria-hidden=\"true\" class=\"wp-block-spacer\"><\/div>\n","protected":false},"excerpt":{"rendered":"<p>El producto Fairtrade (comercio justo + sostenibilidad + \u00e9tica y valores) m\u00e1s vendido de Argentina&hellip;<\/p>\n","protected":false},"author":2,"featured_media":172533,"comment_status":"closed","ping_status":"open","sticky":false,"template":"","format":"standard","meta":{"footnotes":""},"categories":[47],"tags":[],"class_list":["post-172530","post","type-post","status-publish","format-standard","has-post-thumbnail","hentry","category-agenda"],"_links":{"self":[{"href":"https:\/\/enolife.com.ar\/es\/wp-json\/wp\/v2\/posts\/172530","targetHints":{"allow":["GET"]}}],"collection":[{"href":"https:\/\/enolife.com.ar\/es\/wp-json\/wp\/v2\/posts"}],"about":[{"href":"https:\/\/enolife.com.ar\/es\/wp-json\/wp\/v2\/types\/post"}],"author":[{"embeddable":true,"href":"https:\/\/enolife.com.ar\/es\/wp-json\/wp\/v2\/users\/2"}],"replies":[{"embeddable":true,"href":"https:\/\/enolife.com.ar\/es\/wp-json\/wp\/v2\/comments?post=172530"}],"version-history":[{"count":0,"href":"https:\/\/enolife.com.ar\/es\/wp-json\/wp\/v2\/posts\/172530\/revisions"}],"wp:featuredmedia":[{"embeddable":true,"href":"https:\/\/enolife.com.ar\/es\/wp-json\/wp\/v2\/media\/172533"}],"wp:attachment":[{"href":"https:\/\/enolife.com.ar\/es\/wp-json\/wp\/v2\/media?parent=172530"}],"wp:term":[{"taxonomy":"category","embeddable":true,"href":"https:\/\/enolife.com.ar\/es\/wp-json\/wp\/v2\/categories?post=172530"},{"taxonomy":"post_tag","embeddable":true,"href":"https:\/\/enolife.com.ar\/es\/wp-json\/wp\/v2\/tags?post=172530"}],"curies":[{"name":"wp","href":"https:\/\/api.w.org\/{rel}","templated":true}]}}