{"id":172497,"date":"2026-01-23T13:35:50","date_gmt":"2026-01-23T13:35:50","guid":{"rendered":"https:\/\/enolife.com.ar\/es\/?p=172497"},"modified":"2026-01-24T22:54:29","modified_gmt":"2026-01-24T22:54:29","slug":"no-existe-una-crisis-profunda-en-la-vitivinicultura-afirman-los-trabajadores-del-sector-en-mendoza","status":"publish","type":"post","link":"https:\/\/enolife.com.ar\/es\/no-existe-una-crisis-profunda-en-la-vitivinicultura-afirman-los-trabajadores-del-sector-en-mendoza\/","title":{"rendered":"No existe una crisis profunda en la vitivinicultura, afirman los trabajadores del sector en Mendoza"},"content":{"rendered":"\n<h4 class=\"wp-block-heading\"><em><strong>La Federaci\u00f3n de Obreros y Empleados Vitivin\u00edcolas y Afines de Argentina (Foeva), consider\u00f3 que el sector no est\u00e1 en una situaci\u00f3n de colapso, atravesando una grave crisis, como proclaman otras entidades que nuclean a vi\u00f1ateros y bodegueros. Dicen, en cambio, que se trata de \u00aboperaciones especulativas\u00bb en la previa de la negociaci\u00f3n por el aumento de salarios para la presente temporada.<\/strong><\/em><\/h4>\n\n\n\n<div style=\"height:42px\" aria-hidden=\"true\" class=\"wp-block-spacer\"><\/div>\n\n\n<a href=\"https:\/\/www.facebook.com\/SindicatoContratitas\/\" aria-label=\"banner contratistas 1700&#215;500\"><img loading=\"lazy\" decoding=\"async\" src=\"https:\/\/enolife.com.ar\/es\/wp-content\/uploads\/2020\/08\/banner-contratistas-1700x500-1.jpg\" alt=\"\"  srcset=\"https:\/\/enolife.com.ar\/es\/wp-content\/uploads\/2020\/08\/banner-contratistas-1700x500-1.jpg 1700w, https:\/\/enolife.com.ar\/es\/wp-content\/uploads\/2020\/08\/banner-contratistas-1700x500-1-300x88.jpg 300w, https:\/\/enolife.com.ar\/es\/wp-content\/uploads\/2020\/08\/banner-contratistas-1700x500-1-1024x301.jpg 1024w, https:\/\/enolife.com.ar\/es\/wp-content\/uploads\/2020\/08\/banner-contratistas-1700x500-1-768x226.jpg 768w, https:\/\/enolife.com.ar\/es\/wp-content\/uploads\/2020\/08\/banner-contratistas-1700x500-1-1536x452.jpg 1536w, https:\/\/enolife.com.ar\/es\/wp-content\/uploads\/2020\/08\/banner-contratistas-1700x500-1-1170x344.jpg 1170w, https:\/\/enolife.com.ar\/es\/wp-content\/uploads\/2020\/08\/banner-contratistas-1700x500-1-585x172.jpg 585w\" sizes=\"auto, (max-width: 1700px) 100vw, 1700px\" width=\"1700\" height=\"500\"   \/><\/a>\n\n\n<div style=\"height:60px\" aria-hidden=\"true\" class=\"wp-block-spacer\"><\/div>\n\n\n\n<p>Desde fines del a\u00f1o 2025, cuando se conocieron datos oficiales sobre la ca\u00edda de las exportaciones de vino y la baja del consumo interno en <strong>Argentina<\/strong>, distintos actores del sector vitivin\u00edcola y medios que se hicieron eco manifestaron que la vitivinicultura argentina est\u00e1 \u201cen rojo\u201d y atravesando una crisis profunda. Si bien es cierto que la actividad enfrenta desaf\u00edos derivados de la ca\u00edda del consumo interno y de un contexto econ\u00f3mico complejo, desde la <strong>Federaci\u00f3n de Obreros y Empleados Vitivin\u00edcolas y Afines  (Foeva)<\/strong> expresaron su total desacuerdo con esa visi\u00f3n y aseguraron que esos factores <em>\u00abno constituyen una crisis terminal, sino condiciones que vienen siendo gestionadas y analizadas por los actores del sector\u00bb.<\/em><\/p>\n\n\n\n<p>En este sentido, el reconocido referente de la industria <strong>Walter Bressia<\/strong> -presidente de <strong>Bodegas de Argentina<\/strong>&#8211; afirm\u00f3 recientemente que \u201c<em>el 2026 va a ser un a\u00f1o de crecimiento mesurado, hay que ser cautos y no perder el foco\u201d<\/em>, subrayando que la vitivinicultura <strong>no est\u00e1 en situaci\u00f3n de colapso<\/strong>, sino transitando un proceso en el que se observan se\u00f1ales de <strong>repunte y estabilidad relativa<\/strong> tras un per\u00edodo dif\u00edcil.<\/p>\n\n\n\n<p>Desde Foeva tambi\u00e9n observaron que <strong>la ca\u00edda del consumo no implica necesariamente quiebras generalizadas ni p\u00e9rdida de empleos<\/strong>, y que situaciones empresariales particulares -como la de algunas bodegas que est\u00e1n en reestructuraci\u00f3n o negociaci\u00f3n de deudas- deben analizarse como <strong>casos aislados<\/strong> y no como diagn\u00f3stico de la industria en su conjunto. \u201c<em>Hasta el momento ni Foeva ni los sindicatos de base hemos recibido comunicaciones formales de crisis por parte de las empresas, ni ning\u00fan informe oficial que demuestre una ca\u00edda estructural de la actividad que amerite tal nivel de alarma<\/em>\u201d, afirm\u00f3 <strong>Daniel Romero<\/strong>, secretario de Prensa de Foeva.<\/p>\n\n\n\n<div style=\"height:45px\" aria-hidden=\"true\" class=\"wp-block-spacer\"><\/div>\n\n\n<div class=\"wp-block-image\">\n<figure class=\"aligncenter size-full is-resized\"><a href=\"https:\/\/enolife.com.ar\/es\/wp-content\/uploads\/2026\/01\/Daniel-Romero-Prensa-Foeva.webp\"><img loading=\"lazy\" decoding=\"async\" width=\"900\" height=\"505\" src=\"https:\/\/enolife.com.ar\/es\/wp-content\/uploads\/2026\/01\/Daniel-Romero-Prensa-Foeva.webp\" alt=\"\" class=\"wp-image-172505\" style=\"width:646px;height:auto\" srcset=\"https:\/\/enolife.com.ar\/es\/wp-content\/uploads\/2026\/01\/Daniel-Romero-Prensa-Foeva.webp 900w, https:\/\/enolife.com.ar\/es\/wp-content\/uploads\/2026\/01\/Daniel-Romero-Prensa-Foeva-300x168.webp 300w, https:\/\/enolife.com.ar\/es\/wp-content\/uploads\/2026\/01\/Daniel-Romero-Prensa-Foeva-768x431.webp 768w, https:\/\/enolife.com.ar\/es\/wp-content\/uploads\/2026\/01\/Daniel-Romero-Prensa-Foeva-585x328.webp 585w\" sizes=\"auto, (max-width: 900px) 100vw, 900px\" \/><\/a><figcaption class=\"wp-element-caption\"><em><strong>Daniel Romero, secretario de Prensa de Foeva.<\/strong><\/em><\/figcaption><\/figure><\/div>\n\n\n<p>Desde Foeva reconocieron que la baja del consumo interno y el contexto econ\u00f3mico general generan dificultades, pero remarcaron que<em> \u00abesto no puede ser presentado como una crisis estructural del sector&#8230; No nos resulta llamativo que en esta instancia del a\u00f1o el sector empresario instale discursos de crisis profunda. Es parte del folclore de la cosecha, en la previa de la paritaria y del inicio del a\u00f1o productivo propiamente dicho\u201d<\/em>, se\u00f1al\u00f3 <strong>Romero.<\/strong><\/p>\n\n\n\n<p>En ese sentido, el gremio advirti\u00f3 que <em>\u00abla instalaci\u00f3n de escenarios alarmistas suele coincidir con el inicio de las negociaciones salariales, con el objetivo de condicionar las discusiones y limitar los reclamos de recomposici\u00f3n salarial.<\/em> <em>Cuando se habla livianamente de crisis, lo que muchas veces se busca es justificar la falta de voluntad para pagar salarios dignos a los trabajadores y trabajadoras del sector\u201d<\/em>.<\/p>\n\n\n\n<div style=\"height:40px\" aria-hidden=\"true\" class=\"wp-block-spacer\"><\/div>\n\n\n<div class=\"wp-block-image\">\n<figure class=\"aligncenter size-full is-resized\"><a href=\"https:\/\/enolife.com.ar\/es\/wp-content\/uploads\/2026\/01\/Cosechador.jpg\" data-rel=\"penci-gallery-image-content\" ><img loading=\"lazy\" decoding=\"async\" width=\"1024\" height=\"584\" src=\"https:\/\/enolife.com.ar\/es\/wp-content\/uploads\/2026\/01\/Cosechador.jpg\" alt=\"\" class=\"wp-image-172508\" style=\"width:666px;height:auto\" srcset=\"https:\/\/enolife.com.ar\/es\/wp-content\/uploads\/2026\/01\/Cosechador.jpg 1024w, https:\/\/enolife.com.ar\/es\/wp-content\/uploads\/2026\/01\/Cosechador-300x171.jpg 300w, https:\/\/enolife.com.ar\/es\/wp-content\/uploads\/2026\/01\/Cosechador-768x438.jpg 768w, https:\/\/enolife.com.ar\/es\/wp-content\/uploads\/2026\/01\/Cosechador-585x334.jpg 585w\" sizes=\"auto, (max-width: 1024px) 100vw, 1024px\" \/><\/a><\/figure><\/div>\n\n\n<div style=\"height:53px\" aria-hidden=\"true\" class=\"wp-block-spacer\"><\/div>\n\n\n\n<p>Asimismo, desde Foeva manifestaron su preocupaci\u00f3n por la falta de un abordaje integral por parte de las autoridades provinciales: \u201c<em>Nos llama la atenci\u00f3n que el ministro de Producci\u00f3n de Mendoza, con pleno conocimiento de la realidad del sector, no presente un plan de contingencia ante estas situaciones, m\u00e1s all\u00e1 de amplificar diagn\u00f3sticos alarmistas que no reflejan la totalidad de la actividad\u201d<\/em>.<\/p>\n\n\n\n<p>Finalmente, Foeva ratific\u00f3 su compromiso con la defensa del empleo, los salarios y la sustentabilidad real del sector vitivin\u00edcola: \u201c<em>Estamos atentos y en estado de alerta permanente, pero hasta el momento no hemos sido notificados oficialmente de ninguna crisis que justifique el clima que se intenta instalar\u201d<\/em>, concluy\u00f3 Romero, y llam\u00f3 a <strong>dar discusiones responsables, <\/strong><em>\u00abbasadas en datos concretos y no en operaciones coyunturales que terminan generando incertidumbre innecesaria entre los trabajadores y la sociedad\u00bb.<\/em><\/p>\n\n\n\n<div style=\"height:50px\" aria-hidden=\"true\" class=\"wp-block-spacer\"><\/div>\n","protected":false},"excerpt":{"rendered":"<p>La Federaci\u00f3n de Obreros y Empleados Vitivin\u00edcolas y Afines de Argentina (Foeva), consider\u00f3 que el&hellip;<\/p>\n","protected":false},"author":2,"featured_media":7179,"comment_status":"closed","ping_status":"open","sticky":false,"template":"","format":"standard","meta":{"footnotes":""},"categories":[14],"tags":[],"class_list":["post-172497","post","type-post","status-publish","format-standard","has-post-thumbnail","hentry","category-news"],"_links":{"self":[{"href":"https:\/\/enolife.com.ar\/es\/wp-json\/wp\/v2\/posts\/172497","targetHints":{"allow":["GET"]}}],"collection":[{"href":"https:\/\/enolife.com.ar\/es\/wp-json\/wp\/v2\/posts"}],"about":[{"href":"https:\/\/enolife.com.ar\/es\/wp-json\/wp\/v2\/types\/post"}],"author":[{"embeddable":true,"href":"https:\/\/enolife.com.ar\/es\/wp-json\/wp\/v2\/users\/2"}],"replies":[{"embeddable":true,"href":"https:\/\/enolife.com.ar\/es\/wp-json\/wp\/v2\/comments?post=172497"}],"version-history":[{"count":0,"href":"https:\/\/enolife.com.ar\/es\/wp-json\/wp\/v2\/posts\/172497\/revisions"}],"wp:featuredmedia":[{"embeddable":true,"href":"https:\/\/enolife.com.ar\/es\/wp-json\/wp\/v2\/media\/7179"}],"wp:attachment":[{"href":"https:\/\/enolife.com.ar\/es\/wp-json\/wp\/v2\/media?parent=172497"}],"wp:term":[{"taxonomy":"category","embeddable":true,"href":"https:\/\/enolife.com.ar\/es\/wp-json\/wp\/v2\/categories?post=172497"},{"taxonomy":"post_tag","embeddable":true,"href":"https:\/\/enolife.com.ar\/es\/wp-json\/wp\/v2\/tags?post=172497"}],"curies":[{"name":"wp","href":"https:\/\/api.w.org\/{rel}","templated":true}]}}