{"id":172479,"date":"2026-01-22T21:31:04","date_gmt":"2026-01-22T21:31:04","guid":{"rendered":"https:\/\/enolife.com.ar\/es\/?p=172479"},"modified":"2026-01-24T16:41:23","modified_gmt":"2026-01-24T16:41:23","slug":"vivero-mercier-desarrolla-en-cuyo-una-nueva-generacion-de-uvas-de-mesa-de-alta-productividad","status":"publish","type":"post","link":"https:\/\/enolife.com.ar\/es\/vivero-mercier-desarrolla-en-cuyo-una-nueva-generacion-de-uvas-de-mesa-de-alta-productividad\/","title":{"rendered":"Vivero Mercier desarrolla en Cuyo una nueva generaci\u00f3n de uvas de mesa de alta productividad"},"content":{"rendered":"\n<h4 class=\"wp-block-heading\"><em><strong>La viticultura de mesa de nueva generaci\u00f3n ya es una realidad en Argentina. Mientras los mercados internacionales elevan sus est\u00e1ndares y demandan frutas m\u00e1s atractivas, eficientes y rentables, Vivero Mercier Argentina avanza a paso firme en la evaluaci\u00f3n en Mendoza y San Juan de variedades de uva de mesa de alto impacto comercial, posicionando a los productores nacionales en la misma l\u00ednea que los grandes referentes mundiales del sector.<\/strong><\/em><\/h4>\n\n\n\n<div style=\"height:42px\" aria-hidden=\"true\" class=\"wp-block-spacer\"><\/div>\n\n\n\n\n\n<div style=\"height:66px\" aria-hidden=\"true\" class=\"wp-block-spacer\"><\/div>\n\n\n\n<p>Desde <strong>Mendoza y San Juan<\/strong>, dos de las principales regiones vitivin\u00edcolas del pa\u00eds, <strong>Vivero Mercier Argentina<\/strong> ya se encuentra <strong>evaluando gen\u00e9ticas de \u00faltima generaci\u00f3n<\/strong> desarrolladas por el programa <strong>ITUM de Murcia (Espa\u00f1a)<\/strong>, en el marco de su alianza estrat\u00e9gica con <strong>ANA Chile<\/strong>. Se trata de variedades que est\u00e1n revolucionando la producci\u00f3n de uva de mesa en pa\u00edses como <strong>Espa\u00f1a, Australia, Chile, Per\u00fa, Nueva Zelanda y Estados Unidos<\/strong>, y que hoy comienzan a mostrar su potencial en condiciones argentinas.<\/p>\n\n\n\n<div style=\"height:36px\" aria-hidden=\"true\" class=\"wp-block-spacer\"><\/div>\n\n\n\n<p class=\"has-medium-font-size\"><strong>Una visita estrat\u00e9gica que consolida el proyecto<\/strong><\/p>\n\n\n\n<p>En este contexto, Vivero Mercier Argentina recibi\u00f3 recientemente la visita del<strong> <\/strong>gerente general de<strong> ANA Chile<\/strong>,<strong> Luis Fern\u00e1ndez Mac Dermit, <\/strong>y de su gerente comercial,<strong> Andr\u00e9s Valdivieso<\/strong>, quienes se reunieron con referentes del vivero para avanzar con el proyecto. El objetivo fue <strong>profundizar el dise\u00f1o de la estrategia de desarrollo e inserci\u00f3n de estas variedades en la Argentina<\/strong>, con una mirada de largo plazo y foco en la competitividad del productor.<\/p>\n\n\n\n<div style=\"height:33px\" aria-hidden=\"true\" class=\"wp-block-spacer\"><\/div>\n\n\n<div class=\"wp-block-image\">\n<figure class=\"aligncenter size-large is-resized\"><a href=\"https:\/\/enolife.com.ar\/es\/wp-content\/uploads\/2026\/01\/equipo-merciere2.jpeg\" data-rel=\"penci-gallery-image-content\" ><img loading=\"lazy\" decoding=\"async\" width=\"768\" height=\"1024\" src=\"https:\/\/enolife.com.ar\/es\/wp-content\/uploads\/2026\/01\/equipo-merciere2-768x1024.jpeg\" alt=\"\" class=\"wp-image-172490\" style=\"width:679px;height:auto\" srcset=\"https:\/\/enolife.com.ar\/es\/wp-content\/uploads\/2026\/01\/equipo-merciere2-768x1024.jpeg 768w, https:\/\/enolife.com.ar\/es\/wp-content\/uploads\/2026\/01\/equipo-merciere2-225x300.jpeg 225w, https:\/\/enolife.com.ar\/es\/wp-content\/uploads\/2026\/01\/equipo-merciere2-1152x1536.jpeg 1152w, https:\/\/enolife.com.ar\/es\/wp-content\/uploads\/2026\/01\/equipo-merciere2-1170x1560.jpeg 1170w, https:\/\/enolife.com.ar\/es\/wp-content\/uploads\/2026\/01\/equipo-merciere2-585x780.jpeg 585w, https:\/\/enolife.com.ar\/es\/wp-content\/uploads\/2026\/01\/equipo-merciere2.jpeg 1200w\" sizes=\"auto, (max-width: 768px) 100vw, 768px\" \/><\/a><figcaption class=\"wp-element-caption\"><em><strong>Luis Fern\u00e1ndez Mac Dermit, gerente general de ANA Chile, aliado estrat\u00e9gico de Vivero Mercier Argentina.<\/strong><\/em><\/figcaption><\/figure><\/div>\n\n\n<div style=\"height:38px\" aria-hidden=\"true\" class=\"wp-block-spacer\"><\/div>\n\n\n\n<p>Durante la visita, los referentes recorrieron la <strong>primera parcela de evaluaci\u00f3n implantada en el predio del vivero<\/strong>, donde se analizaron los comportamientos agron\u00f3micos, el desarrollo vegetativo y los <strong>primeros indicadores productivos bajo condiciones locales<\/strong>. Estas evaluaciones se realizar\u00e1n de manera paralela en <strong>ensayos en Mendoza y San Juan<\/strong>, lo que permitir\u00e1 comparar ambientes, ajustar manejos y definir con precisi\u00f3n cu\u00e1les son las variedades con mejor adaptaci\u00f3n, rendimiento y calidad comercial para cada regi\u00f3n.<\/p>\n\n\n\n<div style=\"height:28px\" aria-hidden=\"true\" class=\"wp-block-spacer\"><\/div>\n\n\n\n<p class=\"has-medium-font-size\"><strong>Gen\u00e9tica pensada para competir en serio<\/strong><\/p>\n\n\n\n<div style=\"height:15px\" aria-hidden=\"true\" class=\"wp-block-spacer\"><\/div>\n\n\n\n<p class=\"has-light-green-cyan-background-color has-background\"><strong>Racimos grandes con reducci\u00f3n de costos<\/strong><br><br>Las variedades que hoy se eval\u00faan en Argentina responden a un nuevo concepto de viticultura de mesa: <strong>alta productividad, excelente presentaci\u00f3n comercial y eficiencia en el manejo<\/strong>. Racimos grandes y uniformes, bayas de atractivo calibre, textura crocante, sabores equilibrados y amplias ventanas de cosecha son solo algunas de las caracter\u00edsticas que explican su \u00e9xito en los mercados m\u00e1s exigentes del mundo.<\/p>\n\n\n\n<div style=\"height:16px\" aria-hidden=\"true\" class=\"wp-block-spacer\"><\/div>\n\n\n\n<p>A estas caracter\u00edsticas se suma un factor clave para la rentabilidad: <strong>gen\u00e9ticas dise\u00f1adas para reducir costos<\/strong>, con menor necesidad de intervenciones y, en algunos casos, mayor tolerancia a enfermedades, aline\u00e1ndose con las tendencias globales de sustentabilidad y eficiencia productiva.<\/p>\n\n\n\n<div style=\"height:23px\" aria-hidden=\"true\" class=\"wp-block-spacer\"><\/div>\n\n\n\n<p class=\"has-medium-font-size\"><strong>Introducci\u00f3n selectiva, estrategia global<\/strong><\/p>\n\n\n\n<p>La llegada de estas variedades al mercado argentino no ser\u00e1 masiva ni improvisada. <strong>Vivero Mercier Argentina impulsa un esquema de adopci\u00f3n comercial selectiva<\/strong>, orientado a productores y empresas de primera l\u00ednea, bajo sistemas de <strong>licenciamiento y royalty<\/strong>, que aseguran trazabilidad, calidad gen\u00e9tica y un posicionamiento comercial s\u00f3lido.<\/p>\n\n\n\n<div style=\"height:37px\" aria-hidden=\"true\" class=\"wp-block-spacer\"><\/div>\n\n\n<div class=\"wp-block-image\">\n<figure class=\"aligncenter size-large is-resized\"><a href=\"https:\/\/enolife.com.ar\/es\/wp-content\/uploads\/2026\/01\/Equipo-Mercier1.jpeg\" data-rel=\"penci-gallery-image-content\" ><img loading=\"lazy\" decoding=\"async\" width=\"1024\" height=\"768\" src=\"https:\/\/enolife.com.ar\/es\/wp-content\/uploads\/2026\/01\/Equipo-Mercier1-1024x768.jpeg\" alt=\"\" class=\"wp-image-172494\" style=\"width:698px;height:auto\" srcset=\"https:\/\/enolife.com.ar\/es\/wp-content\/uploads\/2026\/01\/Equipo-Mercier1-1024x768.jpeg 1024w, https:\/\/enolife.com.ar\/es\/wp-content\/uploads\/2026\/01\/Equipo-Mercier1-300x225.jpeg 300w, https:\/\/enolife.com.ar\/es\/wp-content\/uploads\/2026\/01\/Equipo-Mercier1-768x576.jpeg 768w, https:\/\/enolife.com.ar\/es\/wp-content\/uploads\/2026\/01\/Equipo-Mercier1-1536x1152.jpeg 1536w, https:\/\/enolife.com.ar\/es\/wp-content\/uploads\/2026\/01\/Equipo-Mercier1-1170x878.jpeg 1170w, https:\/\/enolife.com.ar\/es\/wp-content\/uploads\/2026\/01\/Equipo-Mercier1-585x439.jpeg 585w, https:\/\/enolife.com.ar\/es\/wp-content\/uploads\/2026\/01\/Equipo-Mercier1.jpeg 1600w\" sizes=\"auto, (max-width: 1024px) 100vw, 1024px\" \/><\/a><figcaption class=\"wp-element-caption\"><em><strong>Daniel Bergam\u00edn, gerente de Producci\u00f3n de Vivero Mercier Argentina; Andr\u00e9s Valdivieso, gerente comercial de ANA Chile; Eliana Lezaun, responsable del Departamento Comercial de Vivero Mercier; y Luis Fern\u00e1ndez Mac Dermit, gerente general de ANA Chile<\/strong><\/em><strong><em>.<\/em><\/strong><\/figcaption><\/figure><\/div>\n\n\n<div style=\"height:37px\" aria-hidden=\"true\" class=\"wp-block-spacer\"><\/div>\n\n\n\n<p>Este enfoque permite construir propuestas varietales diferenciales, evitar la sobreoferta y <strong>maximizar el valor de cada kilo producido<\/strong>, un aspecto central para competir en los mercados nacionales e internacionales.<\/p>\n\n\n\n<p>Con ensayos en marcha, alianzas internacionales activas y una visi\u00f3n estrat\u00e9gica clara, Vivero Mercier Argentina demuestra que <strong>la nueva uva de mesa no es un proyecto a futuro: ya se est\u00e1 evaluando y construyendo hoy en Mendoza y San Juan<\/strong>.<\/p>\n\n\n\n<p>Para el productor que busca diversificar, mejorar su rentabilidad y jugar en las grandes ligas, el mensaje es contundente: <strong>la gen\u00e9tica adecuada ya est\u00e1 disponible y el momento de empezar es ahora<\/strong>.<\/p>\n\n\n\n<div style=\"height:40px\" aria-hidden=\"true\" class=\"wp-block-spacer\"><\/div>\n","protected":false},"excerpt":{"rendered":"<p>La viticultura de mesa de nueva generaci\u00f3n ya es una realidad en Argentina. Mientras los&hellip;<\/p>\n","protected":false},"author":2,"featured_media":172485,"comment_status":"closed","ping_status":"open","sticky":false,"template":"","format":"standard","meta":{"footnotes":""},"categories":[5],"tags":[],"class_list":["post-172479","post","type-post","status-publish","format-standard","has-post-thumbnail","hentry","category-fincas"],"_links":{"self":[{"href":"https:\/\/enolife.com.ar\/es\/wp-json\/wp\/v2\/posts\/172479","targetHints":{"allow":["GET"]}}],"collection":[{"href":"https:\/\/enolife.com.ar\/es\/wp-json\/wp\/v2\/posts"}],"about":[{"href":"https:\/\/enolife.com.ar\/es\/wp-json\/wp\/v2\/types\/post"}],"author":[{"embeddable":true,"href":"https:\/\/enolife.com.ar\/es\/wp-json\/wp\/v2\/users\/2"}],"replies":[{"embeddable":true,"href":"https:\/\/enolife.com.ar\/es\/wp-json\/wp\/v2\/comments?post=172479"}],"version-history":[{"count":0,"href":"https:\/\/enolife.com.ar\/es\/wp-json\/wp\/v2\/posts\/172479\/revisions"}],"wp:featuredmedia":[{"embeddable":true,"href":"https:\/\/enolife.com.ar\/es\/wp-json\/wp\/v2\/media\/172485"}],"wp:attachment":[{"href":"https:\/\/enolife.com.ar\/es\/wp-json\/wp\/v2\/media?parent=172479"}],"wp:term":[{"taxonomy":"category","embeddable":true,"href":"https:\/\/enolife.com.ar\/es\/wp-json\/wp\/v2\/categories?post=172479"},{"taxonomy":"post_tag","embeddable":true,"href":"https:\/\/enolife.com.ar\/es\/wp-json\/wp\/v2\/tags?post=172479"}],"curies":[{"name":"wp","href":"https:\/\/api.w.org\/{rel}","templated":true}]}}