{"id":172467,"date":"2026-01-22T12:36:10","date_gmt":"2026-01-22T12:36:10","guid":{"rendered":"https:\/\/enolife.com.ar\/es\/?p=172467"},"modified":"2026-01-23T23:28:38","modified_gmt":"2026-01-23T23:28:38","slug":"vendimia-2026-de-14-000-a-70-000-sale-la-entrada-y-solo-se-compra-online-desde-el-24-2-a-las-13-hs","status":"publish","type":"post","link":"https:\/\/enolife.com.ar\/es\/vendimia-2026-de-14-000-a-70-000-sale-la-entrada-y-solo-se-compra-online-desde-el-24-2-a-las-13-hs\/","title":{"rendered":"Vendimia 2026: de $14.000 a $70.000 sale la entrada y s\u00f3lo se compra online desde el 24\/2 a las 13 hs"},"content":{"rendered":"\n<h4 class=\"wp-block-heading\"><em><strong>El Gobierno de Mendoza difundi\u00f3 los precios y modos de adquisici\u00f3n de los tickets para el Acto Central de la Fiesta Nacional de la Vendimia, que se realizar\u00e1 el s\u00e1bado 7 de marzo de 2026 en el Anfiteatro Frank Romero Day de la capital provincial. Hay precios y fechas diferenciadas para mendocinos, turistas nacionales y turistas extranjeros, y s\u00f3lo se compran por el sitio Entrada Web.<\/strong><\/em><\/h4>\n\n\n\n<div style=\"height:38px\" aria-hidden=\"true\" class=\"wp-block-spacer\"><\/div>\n\n\n<a href=\"https:\/\/www.centroenologico.com.ar\/\" aria-label=\"CERSA 1700X500 BORDO\"><img loading=\"lazy\" decoding=\"async\" src=\"https:\/\/enolife.com.ar\/es\/wp-content\/uploads\/2025\/02\/CERSA-1700X500-BORDO.gif\" alt=\"\"  width=\"1700\" height=\"500\"   \/><\/a>\n\n\n<div style=\"height:52px\" aria-hidden=\"true\" class=\"wp-block-spacer\"><\/div>\n\n\n\n<p>Desde el <strong>s\u00e1bado 24 de enero de 2026, a las 13hs, hasta el lunes 2 de febrero<\/strong> estar\u00e1 habilitada la venta de entradas destinadas al <strong>p\u00fablico nacional y extranjero<\/strong> para el Acto Central y repetici\u00f3n de la Fiesta Nacional de la Vendimia 2026. Ser\u00e1 a trav\u00e9s de la plataforma Entrada Web. En tanto, para el <strong>p\u00fablico local de Mendoza<\/strong>, la venta comenzar\u00e1 el <strong>jueves 12 de febrero<\/strong>. Se podr\u00e1n adquirir hasta <strong>4 tickets por persona.<\/strong><\/p>\n\n\n\n<p>El <strong>Teatro Griego Frank Romero Day<\/strong> ser\u00e1 el escenario para la puesta en escena de <strong>\u00ab90 cosechas de una misma cepa\u00bb<\/strong><em>,<\/em> bajo la direcci\u00f3n general de <strong>Pablo Perri.<\/strong> El Acto Central se desarrollar\u00e1 el s\u00e1bado 7 de marzo, noche en la que tambi\u00e9n se llevar\u00e1 a cabo la <strong>elecci\u00f3n y coronaci\u00f3n de la nueva soberana nacional.<\/strong> En tanto, la segunda noche, el domingo 8 de marzo, luego del espect\u00e1culo art\u00edstico, como es habitual, actuar\u00e1n m\u00fasicos mendocinos y artistas nacionales de gran convocatoria.<\/p>\n\n\n\n<div style=\"height:16px\" aria-hidden=\"true\" class=\"wp-block-spacer\"><\/div>\n\n\n\n<h3 class=\"wp-block-heading has-vivid-red-color has-text-color has-link-color wp-elements-b37818d1da2be7f3ad7e2107fe4064cd\">La venta de entradas se realizar\u00e1 exclusivamente por la plataforma digital <a href=\"http:\/\/www.entradaweb.com.ar\">www.entradaweb.com.ar<\/a>.<\/h3>\n\n\n\n<div style=\"height:13px\" aria-hidden=\"true\" class=\"wp-block-spacer\"><\/div>\n\n\n\n<p>Cabe aclarar que, como cada a\u00f1o, las entradas del sector Torront\u00e9s no se comercializan, ya que est\u00e1n reservadas a personas con discapacidad. En breve se anunciar\u00e1 la metodolog\u00eda para acceder a los tickets correspondientes.<\/p>\n\n\n\n<div style=\"height:24px\" aria-hidden=\"true\" class=\"wp-block-spacer\"><\/div>\n\n\n\n<p class=\"has-medium-font-size\"><strong>Venta de entradas para p\u00fablico mendocino<\/strong><\/p>\n\n\n\n<p>El p\u00fablico mendocino podr\u00e1 adquirir sus tickets<em> <\/em>desde el jueves 12 de febrero al domingo 8 de marzo inclusive. En este grupo se ubica la mayor cantidad de entradas a la venta.<\/p>\n\n\n\n<div style=\"height:28px\" aria-hidden=\"true\" class=\"wp-block-spacer\"><\/div>\n\n\n\n<p class=\"has-background\" style=\"background-color:#d1abb4\"><strong>Rebaja para menducos<\/strong><br><br>Los valores del Acto Central ser\u00e1n: sector Malbec, $42.000; Cabernet Sauvignon, $28.000; Chardonnay $21.000; Tempranillo 2, 3 y 4, $35.000; Tempranillo 1 y 5, $28.000 y para el sector Bonarda $14.000.<br><br>Los valores para la Repetici\u00f3n ser\u00e1n: para el sector Malbec, $28.000; Cabernet Sauvignon, $21.000; Chardonnay $14.000; Tempranillo 2, 3 y 4, $28.000; Tempranillo 1 y 5, $21.000, y para el sector Bonarda, $11.000.<\/p>\n\n\n\n<div style=\"height:27px\" aria-hidden=\"true\" class=\"wp-block-spacer\"><\/div>\n\n\n\n<p><strong>Valor de las entradas para turistas extranjeros y nacionales<\/strong><\/p>\n\n\n\n<p>Los precios del Acto Central ser\u00e1n: sector Malbec, $70.000; Cabernet Sauvignon, $50.000; Chardonnay, $45.000; Tempranillo 2, 3 y 4, $63.000; Tempranillo 1 y 5, $50.000 y para el sector Bonarda $45.000.<\/p>\n\n\n\n<p>En tanto, para la Repetici\u00f3n el costo de las entradas ser\u00e1: para el sector Malbec, $56.000; Cabernet Sauvignon, $42.000; Chardonnay, $39.000; Tempranillo 2, 3 y 4, $49.000; Tempranillo 1 y 5, $42.000, y para el sector Bonarda, $39.000.<\/p>\n\n\n\n<div style=\"height:20px\" aria-hidden=\"true\" class=\"wp-block-spacer\"><\/div>\n\n\n\n<p><strong>Canje de entradas<\/strong><\/p>\n\n\n\n<p>Es importante destacar que, una vez adquiridas las entradas a trav\u00e9s de la plataforma digital, se deber\u00e1 realizar el canje por la entrada f\u00edsica a partir del lunes 3 al domingo 8 de marzo inclusive. Los puntos de canje ser\u00e1n informados por el Gobierno de Mendoza en los pr\u00f3ximos d\u00edas.<\/p>\n\n\n\n<div style=\"height:30px\" aria-hidden=\"true\" class=\"wp-block-spacer\"><\/div>\n","protected":false},"excerpt":{"rendered":"<p>El Gobierno de Mendoza difundi\u00f3 los precios y modos de adquisici\u00f3n de los tickets para&hellip;<\/p>\n","protected":false},"author":2,"featured_media":172473,"comment_status":"closed","ping_status":"open","sticky":false,"template":"","format":"standard","meta":{"footnotes":""},"categories":[14],"tags":[],"class_list":["post-172467","post","type-post","status-publish","format-standard","has-post-thumbnail","hentry","category-news"],"_links":{"self":[{"href":"https:\/\/enolife.com.ar\/es\/wp-json\/wp\/v2\/posts\/172467","targetHints":{"allow":["GET"]}}],"collection":[{"href":"https:\/\/enolife.com.ar\/es\/wp-json\/wp\/v2\/posts"}],"about":[{"href":"https:\/\/enolife.com.ar\/es\/wp-json\/wp\/v2\/types\/post"}],"author":[{"embeddable":true,"href":"https:\/\/enolife.com.ar\/es\/wp-json\/wp\/v2\/users\/2"}],"replies":[{"embeddable":true,"href":"https:\/\/enolife.com.ar\/es\/wp-json\/wp\/v2\/comments?post=172467"}],"version-history":[{"count":0,"href":"https:\/\/enolife.com.ar\/es\/wp-json\/wp\/v2\/posts\/172467\/revisions"}],"wp:featuredmedia":[{"embeddable":true,"href":"https:\/\/enolife.com.ar\/es\/wp-json\/wp\/v2\/media\/172473"}],"wp:attachment":[{"href":"https:\/\/enolife.com.ar\/es\/wp-json\/wp\/v2\/media?parent=172467"}],"wp:term":[{"taxonomy":"category","embeddable":true,"href":"https:\/\/enolife.com.ar\/es\/wp-json\/wp\/v2\/categories?post=172467"},{"taxonomy":"post_tag","embeddable":true,"href":"https:\/\/enolife.com.ar\/es\/wp-json\/wp\/v2\/tags?post=172467"}],"curies":[{"name":"wp","href":"https:\/\/api.w.org\/{rel}","templated":true}]}}