{"id":172453,"date":"2026-01-21T21:59:42","date_gmt":"2026-01-21T21:59:42","guid":{"rendered":"https:\/\/enolife.com.ar\/es\/?p=172453"},"modified":"2026-01-22T21:30:53","modified_gmt":"2026-01-22T21:30:53","slug":"hay-5-000-000-en-premios-para-los-mejores-ponchos-que-celebren-los-90-anos-de-vendimia","status":"publish","type":"post","link":"https:\/\/enolife.com.ar\/es\/hay-5-000-000-en-premios-para-los-mejores-ponchos-que-celebren-los-90-anos-de-vendimia\/","title":{"rendered":"Hay $5.000.000 en premios para los mejores ponchos que celebren los 90 a\u00f1os de Vendimia"},"content":{"rendered":"\n<h4 class=\"wp-block-heading\"><em><strong>Donde el diablo perdi\u00f3 el poncho, como dice el refr\u00e1n criollo, el Gobierno de Mendoza quiere llegar. Y ofrece una buena recompensa a quien lo encuentre. Esta original convocatoria de la Subsecretar\u00eda de Cultura de la provincia consiste en confeccionar ese t\u00edpico atuendo del campo argentino con el mejor material disponible, adornarlo con los dise\u00f1os gr\u00e1ficos y textiles que m\u00e1s fielmente representen el esp\u00edritu de la Fiesta de la Vendimia en su cumplea\u00f1os 90, llenar un formulario de inscripci\u00f3n y presentar la obra, sin excepci\u00f3n, el lunes 16 de febrero de 9 a 14 en Espa\u00f1a y Guti\u00e9rrez de la Capital mendocina. Las reinas lucir\u00e1n los ponchos ganadores, como hicieron en 2025 (foto principal).<\/strong><\/em><\/h4>\n\n\n\n<div style=\"height:37px\" aria-hidden=\"true\" class=\"wp-block-spacer\"><\/div>\n\n\n<a href=\"https:\/\/www.lallemandwine.com\/es\/south-america\/\" aria-label=\"Lallemand_1700X500 (002)\"><img loading=\"lazy\" decoding=\"async\" src=\"https:\/\/enolife.com.ar\/es\/wp-content\/uploads\/2021\/06\/Lallemand_1700X500-002.jpg\" alt=\"\"  srcset=\"https:\/\/enolife.com.ar\/es\/wp-content\/uploads\/2021\/06\/Lallemand_1700X500-002.jpg 1700w, https:\/\/enolife.com.ar\/es\/wp-content\/uploads\/2021\/06\/Lallemand_1700X500-002-300x88.jpg 300w, https:\/\/enolife.com.ar\/es\/wp-content\/uploads\/2021\/06\/Lallemand_1700X500-002-1024x301.jpg 1024w, https:\/\/enolife.com.ar\/es\/wp-content\/uploads\/2021\/06\/Lallemand_1700X500-002-768x226.jpg 768w, https:\/\/enolife.com.ar\/es\/wp-content\/uploads\/2021\/06\/Lallemand_1700X500-002-1536x452.jpg 1536w, https:\/\/enolife.com.ar\/es\/wp-content\/uploads\/2021\/06\/Lallemand_1700X500-002-1170x344.jpg 1170w, https:\/\/enolife.com.ar\/es\/wp-content\/uploads\/2021\/06\/Lallemand_1700X500-002-585x172.jpg 585w\" sizes=\"auto, (max-width: 1700px) 100vw, 1700px\" width=\"1700\" height=\"500\"   \/><\/a>\n\n\n<div style=\"height:55px\" aria-hidden=\"true\" class=\"wp-block-spacer\"><\/div>\n\n\n\n<p>El gobierno de Mendoza lanz\u00f3 hoy 21\/1\/2026 el concurso <strong>\u00abPoncho de la Vendimia &#8211; 90 a\u00f1os\u00bb<\/strong>, una convocatoria para <strong>artesanos<\/strong> y <strong>dise\u00f1adores<\/strong>. Esta iniciativa busca rescatar la identidad textil de la provincia y fomentar la innovaci\u00f3n en el dise\u00f1o contempor\u00e1neo a trav\u00e9s de una de las prendas m\u00e1s ic\u00f3nicas de nuestra regi\u00f3n.<\/p>\n\n\n\n<p>En el marco de las celebraciones por el 90\u00b0 aniversario de la m\u00e1xima festividad de los mendocinos, la Subsecretar\u00eda de Cultura, a trav\u00e9s de su&nbsp;Direcci\u00f3n de Industrias Creativas de Mendoza,&nbsp;anunci\u00f3 la apertura del original certamen. La convocatoria est\u00e1 dirigida a artesanos y dise\u00f1adores mayores de 18 a\u00f1os residentes en Mendoza, quienes podr\u00e1n participar de forma individual o grupal en dos categor\u00edas:<\/p>\n\n\n\n<p><strong>Categor\u00eda A:<\/strong> <strong>L\u00ednea Tradicional de Poncho Mendocino:&nbsp;<\/strong>Obras que utilicen t\u00e9cnicas ancestrales, materiales y te\u00f1idos naturales, respetando la estructura cl\u00e1sica del poncho local.<\/p>\n\n\n\n<p><strong>Categor\u00eda B: L\u00ednea de Dise\u00f1o Contempor\u00e1neo<\/strong>:&nbsp;Propuestas que innoven en morfolog\u00eda y materiales, manteniendo la iconograf\u00eda y narrativa de la Fiesta Nacional de la Vendimia.<\/p>\n\n\n\n<div style=\"height:29px\" aria-hidden=\"true\" class=\"wp-block-spacer\"><\/div>\n\n\n\n<p class=\"has-medium-font-size\"><strong>Premios y reconocimientos<\/strong><\/p>\n\n\n\n<p>El certamen otorgar\u00e1 $5.000.000&nbsp;en premios, distribuidos equitativamente en ambas categor\u00edas, es decir que los premios adquisici\u00f3n ser\u00e1n para cada categor\u00eda los siguientes:<\/p>\n\n\n\n<div style=\"height:16px\" aria-hidden=\"true\" class=\"wp-block-spacer\"><\/div>\n\n\n\n<ul class=\"wp-block-list\">\n<li><strong>1\u00b0 Premio adquisici\u00f3n:&nbsp;$1.500.000<\/strong><\/li>\n\n\n\n<li><strong>2\u00b0 Premio adquisici\u00f3n:&nbsp;$1.000.000<\/strong><\/li>\n<\/ul>\n\n\n\n<div style=\"height:10px\" aria-hidden=\"true\" class=\"wp-block-spacer\"><\/div>\n\n\n<div class=\"wp-block-image\">\n<figure class=\"aligncenter size-large is-resized\"><a href=\"https:\/\/enolife.com.ar\/es\/wp-content\/uploads\/2026\/01\/poncho.jpg\" data-rel=\"penci-gallery-image-content\" ><img loading=\"lazy\" decoding=\"async\" width=\"1024\" height=\"683\" src=\"https:\/\/enolife.com.ar\/es\/wp-content\/uploads\/2026\/01\/poncho-1024x683.jpg\" alt=\"\" class=\"wp-image-172462\" style=\"width:720px;height:auto\" srcset=\"https:\/\/enolife.com.ar\/es\/wp-content\/uploads\/2026\/01\/poncho-1024x683.jpg 1024w, https:\/\/enolife.com.ar\/es\/wp-content\/uploads\/2026\/01\/poncho-300x200.jpg 300w, https:\/\/enolife.com.ar\/es\/wp-content\/uploads\/2026\/01\/poncho-768x513.jpg 768w, https:\/\/enolife.com.ar\/es\/wp-content\/uploads\/2026\/01\/poncho-1536x1025.jpg 1536w, https:\/\/enolife.com.ar\/es\/wp-content\/uploads\/2026\/01\/poncho-1170x781.jpg 1170w, https:\/\/enolife.com.ar\/es\/wp-content\/uploads\/2026\/01\/poncho-585x390.jpg 585w, https:\/\/enolife.com.ar\/es\/wp-content\/uploads\/2026\/01\/poncho.jpg 1948w\" sizes=\"auto, (max-width: 1024px) 100vw, 1024px\" \/><\/a><figcaption class=\"wp-element-caption\"><em><strong>La maestra y divulgadora cultural mendocina Silvia Garguir ha mostrado la belleza de los ponchos criollos argentinos por todo el mundo.<\/strong><\/em><\/figcaption><\/figure><\/div>\n\n\n<div style=\"height:40px\" aria-hidden=\"true\" class=\"wp-block-spacer\"><\/div>\n\n\n\n<p>Los ponchos seleccionados <strong>ser\u00e1n lucidos por las nuevas reina y virreina nacionales de la Vendimia 2026<\/strong>, que se elegir\u00e1n en el Anfiteatro Frank Romero Day durante el Acto Central del s\u00e1bado 7 de marzo de 2026.<\/p>\n\n\n\n<div style=\"height:25px\" aria-hidden=\"true\" class=\"wp-block-spacer\"><\/div>\n\n\n\n<p class=\"has-medium-font-size\"><strong>Cronograma y recepci\u00f3n de ponchos<\/strong><\/p>\n\n\n\n<p>La convocatoria arranco este&nbsp;mi\u00e9rcoles 21 de enero de 2026. Los interesados deber\u00e1n completar el formulario oficial de inscripci\u00f3n y el \u00fanico d\u00eda de recepci\u00f3n para la entrega presencial de sus obras\/prendas, ser\u00e1 el&nbsp;lunes 16 de febrero de 2026, de 9 a 14, en la sede de la Subsecretar\u00eda de Cultura, Guti\u00e9rrez y Espa\u00f1a, Ciudad de Mendoza.<\/p>\n\n\n\n<div style=\"height:25px\" aria-hidden=\"true\" class=\"wp-block-spacer\"><\/div>\n\n\n\n<p class=\"has-medium-font-size\"><strong>Anuncio de ganadores<\/strong><\/p>\n\n\n\n<p>El jurado, compuesto por especialistas textiles y referentes de la Vendimia, evaluar\u00e1 la calidad t\u00e9cnica, la originalidad y la relaci\u00f3n conceptual con las nueve d\u00e9cadas de la fiesta. Los ganadores se dar\u00e1n a conocer durante el&nbsp;Paseo Federal, que se llevar\u00e1 a cabo en el departamento de&nbsp;Lavalle los d\u00edas 23, 24 y 25 de febrero.<\/p>\n\n\n\n<p>El jurado <em>ad honorem<\/em> estar\u00e1 integrado por especialistas en artes textiles, referentes de la Fiesta Nacional de la Vendimia y representantes de la Direcci\u00f3n de Industrias Creativas. Sus integrantes son <strong>Ina Cordi, Silvia Garguir, Alejandra Gamboa <\/strong>y<strong> Sebasti\u00e1n Ladr\u00f3n de Guevara<\/strong>, presidente del jurado por la Subsecretar\u00eda de Cultura.<\/p>\n\n\n\n<p>Con este concurso, el Gobierno de Mendoza reafirma su compromiso con el desarrollo de las industrias creativas y la preservaci\u00f3n del patrimonio cultural tangible de la provincia.<\/p>\n\n\n\n<p>Consultar bases y enlace de inscripci\u00f3n,&nbsp;<a href=\"https:\/\/www.mendoza.gob.ar\/noticias\/mendoza-lanza-el-concurso-poncho-de-la-vendimia-90-anos-una-convocatoria-para-artesanos-y-disenadores\/\" target=\"_blank\" rel=\"noreferrer noopener\">AQU\u00cd<\/a>.<\/p>\n\n\n\n<div style=\"height:38px\" aria-hidden=\"true\" class=\"wp-block-spacer\"><\/div>\n","protected":false},"excerpt":{"rendered":"<p>Donde el diablo perdi\u00f3 el poncho, como dice el refr\u00e1n criollo, el Gobierno de Mendoza&hellip;<\/p>\n","protected":false},"author":2,"featured_media":172456,"comment_status":"closed","ping_status":"open","sticky":false,"template":"","format":"standard","meta":{"footnotes":""},"categories":[47],"tags":[],"class_list":["post-172453","post","type-post","status-publish","format-standard","has-post-thumbnail","hentry","category-agenda"],"_links":{"self":[{"href":"https:\/\/enolife.com.ar\/es\/wp-json\/wp\/v2\/posts\/172453","targetHints":{"allow":["GET"]}}],"collection":[{"href":"https:\/\/enolife.com.ar\/es\/wp-json\/wp\/v2\/posts"}],"about":[{"href":"https:\/\/enolife.com.ar\/es\/wp-json\/wp\/v2\/types\/post"}],"author":[{"embeddable":true,"href":"https:\/\/enolife.com.ar\/es\/wp-json\/wp\/v2\/users\/2"}],"replies":[{"embeddable":true,"href":"https:\/\/enolife.com.ar\/es\/wp-json\/wp\/v2\/comments?post=172453"}],"version-history":[{"count":0,"href":"https:\/\/enolife.com.ar\/es\/wp-json\/wp\/v2\/posts\/172453\/revisions"}],"wp:featuredmedia":[{"embeddable":true,"href":"https:\/\/enolife.com.ar\/es\/wp-json\/wp\/v2\/media\/172456"}],"wp:attachment":[{"href":"https:\/\/enolife.com.ar\/es\/wp-json\/wp\/v2\/media?parent=172453"}],"wp:term":[{"taxonomy":"category","embeddable":true,"href":"https:\/\/enolife.com.ar\/es\/wp-json\/wp\/v2\/categories?post=172453"},{"taxonomy":"post_tag","embeddable":true,"href":"https:\/\/enolife.com.ar\/es\/wp-json\/wp\/v2\/tags?post=172453"}],"curies":[{"name":"wp","href":"https:\/\/api.w.org\/{rel}","templated":true}]}}