{"id":172432,"date":"2026-01-21T16:09:04","date_gmt":"2026-01-21T16:09:04","guid":{"rendered":"https:\/\/enolife.com.ar\/es\/?p=172432"},"modified":"2026-01-23T22:45:58","modified_gmt":"2026-01-23T22:45:58","slug":"el-acuerdo-mercosur-ue-paralizado-el-parlamento-europeo-lo-mando-a-revision-a-la-justicia","status":"publish","type":"post","link":"https:\/\/enolife.com.ar\/es\/el-acuerdo-mercosur-ue-paralizado-el-parlamento-europeo-lo-mando-a-revision-a-la-justicia\/","title":{"rendered":"El acuerdo Mercosur-UE paralizado: el Parlamento Europeo lo mand\u00f3 a revisi\u00f3n a la Justicia"},"content":{"rendered":"\n<h4 class=\"wp-block-heading\"><em><strong>En la reuni\u00f3n realizada hoy 21\/1\/26 en el m\u00e1ximo organismo legislativo de la Uni\u00f3n Europea, en Estrasburgo, Francia, los representantes votaron -por 334 votos a favor y 324 en contra- enviar el convenio al Tribunal de Justicia de la UE, para chequear si respeta los tratados internos de los 27 pa\u00edses europeos. El pacto, firmado en Asunci\u00f3n por los l\u00edderes de los dos bloques el 17\/1, se encuentra as\u00ed nuevamente demorado para su entrada en vigencia.<\/strong><\/em><\/h4>\n\n\n\n<div style=\"height:35px\" aria-hidden=\"true\" class=\"wp-block-spacer\"><\/div>\n\n\n<a href=\"https:\/\/www.linkedin.com\/company\/agrinet-sa\/?originalSubdomain=ar\" aria-label=\"1700X500\"><img loading=\"lazy\" decoding=\"async\" src=\"https:\/\/enolife.com.ar\/es\/wp-content\/uploads\/2021\/11\/1700X500.gif\" alt=\"\"  width=\"1700\" height=\"500\"   \/><\/a>\n\n\n<div style=\"height:40px\" aria-hidden=\"true\" class=\"wp-block-spacer\"><\/div>\n\n\n\n<p>El <strong>Parlamento Europeo<\/strong> decidi\u00f3 este mi\u00e9rcoles 21\/1\/26 remitir a la justicia del bloque el acuerdo de libre comercio entre la <strong>Uni\u00f3n Europea<\/strong> y el <strong>Mercosur<\/strong>, tras una votaci\u00f3n ajustada celebrada en<strong> Estrasburgo<\/strong>. La moci\u00f3n fue aprobada por <strong>334 votos a favor, 324 en contra y 11 abstenciones<\/strong>, lo que abre la puerta a una revisi\u00f3n jur\u00eddica que postergar\u00e1 por varios meses la aplicaci\u00f3n formal del tratado.<\/p>\n\n\n\n<p>Con esta decisi\u00f3n, el <strong>Tribunal de Justicia de la Uni\u00f3n Europea<\/strong>, con sede en Luxemburgo, deber\u00e1 analizar si el acuerdo firmado el 17 de enero en Asunci\u00f3n respeta los tratados del bloque de los 27 pa\u00edses. No obstante, la <strong>Comisi\u00f3n Europea<\/strong> mantiene la posibilidad de <strong>implementar el pacto de manera provisional<\/strong> mientras avanza el an\u00e1lisis judicial.<\/p>\n\n\n\n<p>Desde Bruselas, un portavoz de la Comisi\u00f3n Europea, <strong>Olof Gill<\/strong>, cuestion\u00f3 la votaci\u00f3n al sostener que<em> \u201clas cuestiones planteadas por el Parlamento en esta moci\u00f3n no est\u00e1n justificadas\u201d.<\/em><\/p>\n\n\n\n<p>En paralelo, <strong>centenares de agricultores franceses<\/strong> concentrados con tractores frente a la sede del Parlamento en Estrasburgo celebraron el resultado. <em>\u201cPodemos estar orgullosos\u2026 llevamos meses y a\u00f1os trabajando en este tema\u201d<\/em>, afirm\u00f3 <strong>Quentin Le Guillous<\/strong>, secretario general de la organizaci\u00f3n <strong>J\u00f3venes Agricultores<\/strong>.<\/p>\n\n\n\n<div style=\"height:40px\" aria-hidden=\"true\" class=\"wp-block-spacer\"><\/div>\n\n\n<div class=\"wp-block-image\">\n<figure class=\"aligncenter is-resized\"><img decoding=\"async\" src=\"https:\/\/fotos.perfil.com\/\/2026\/01\/21\/900\/0\/protesta-de-agricultores-parlamento-ue-y-mercosur-francia-21012026-2172978.jpg?webp\" alt=\"Protesta de agricultores Parlamento UE y Mercosur Francia 21012026\" style=\"width:722px;height:auto\"\/><\/figure><\/div>\n\n\n<div style=\"height:45px\" aria-hidden=\"true\" class=\"wp-block-spacer\"><\/div>\n\n\n\n<p class=\"has-medium-font-size\"><strong>Las posiciones de Francia y Alemania sobre el acuerdo<\/strong><\/p>\n\n\n\n<p>El ministro franc\u00e9s de Relaciones Exteriores, <strong>Jean-No\u00ebl Barrot<\/strong>, celebr\u00f3 la decisi\u00f3n de la Euroc\u00e1mara y se\u00f1al\u00f3 que el Parlamento <em>\u201c<strong>se expres\u00f3 en coherencia con la posici\u00f3n de Francia<\/strong>\u201d<\/em>, pa\u00eds que encabez\u00f3 la resistencia al acuerdo por su impacto en el <strong>sector agr\u00edcola<\/strong>.<\/p>\n\n\n\n<p>En contraste, el jefe del gobierno alem\u00e1n, <strong>Friedrich Merz<\/strong>, sostuvo en la red X que la Euroc\u00e1mara <em>\u201cfracas\u00f3 en reconocer la situaci\u00f3n geopol\u00edtica\u201d<\/em> y pidi\u00f3 avanzar con la <strong>aplicaci\u00f3n provisional<\/strong> del tratado.<\/p>\n\n\n\n<div style=\"height:37px\" aria-hidden=\"true\" class=\"wp-block-spacer\"><\/div>\n\n\n\n<p class=\"has-medium-font-size\"><strong>Qu\u00e9 prev\u00e9 el acuerdo UE\u2013Mercosur<\/strong><\/p>\n\n\n\n<p>Tras <strong>m\u00e1s de 25 a\u00f1os de negociaciones<\/strong>, la <strong>Uni\u00f3n Europea<\/strong> y el <strong>Mercosur<\/strong> firmaron un acuerdo que <strong>elimina aranceles a m\u00e1s del 90% del comercio bilateral<\/strong> y crea una de las <strong>zonas de libre comercio m\u00e1s grandes del mundo<\/strong>.<\/p>\n\n\n\n<p>El pacto favorece las exportaciones europeas de <strong>autom\u00f3viles, maquinaria, vinos y licores<\/strong> hacia <strong>Argentina<\/strong>, <strong>Brasil<\/strong>, <strong>Paraguay<\/strong> y <strong>Uruguay<\/strong>; a cambio, <strong>facilita el ingreso a Europa de carne, az\u00facar, arroz, miel y soja sudamericanos<\/strong>.<\/p>\n\n\n\n<p>Seg\u00fan estimaciones citadas, <strong>las exportaciones de la UE al Mercosur podr\u00edan crecer un 39%<\/strong>, mientras que <strong>las ventas del Mercosur al bloque europeo aumentar\u00edan un 17%<\/strong>. La revisi\u00f3n del Tribunal de Justicia, sin embargo, introduce <strong>incertidumbre temporal<\/strong> sobre el calendario de implementaci\u00f3n definitiva.<\/p>\n\n\n\n<div style=\"height:31px\" aria-hidden=\"true\" class=\"wp-block-spacer\"><\/div>\n\n\n\n<p class=\"has-small-font-size\"><em><strong>Fuentes: La Naci\u00f3n, Infobae y Agencia AFP<\/strong><\/em><\/p>\n\n\n\n<div style=\"height:32px\" aria-hidden=\"true\" class=\"wp-block-spacer\"><\/div>\n","protected":false},"excerpt":{"rendered":"<p>En la reuni\u00f3n realizada hoy 21\/1\/26 en el m\u00e1ximo organismo legislativo de la Uni\u00f3n Europea,&hellip;<\/p>\n","protected":false},"author":2,"featured_media":172440,"comment_status":"closed","ping_status":"open","sticky":false,"template":"","format":"standard","meta":{"footnotes":""},"categories":[14],"tags":[],"class_list":["post-172432","post","type-post","status-publish","format-standard","has-post-thumbnail","hentry","category-news"],"_links":{"self":[{"href":"https:\/\/enolife.com.ar\/es\/wp-json\/wp\/v2\/posts\/172432","targetHints":{"allow":["GET"]}}],"collection":[{"href":"https:\/\/enolife.com.ar\/es\/wp-json\/wp\/v2\/posts"}],"about":[{"href":"https:\/\/enolife.com.ar\/es\/wp-json\/wp\/v2\/types\/post"}],"author":[{"embeddable":true,"href":"https:\/\/enolife.com.ar\/es\/wp-json\/wp\/v2\/users\/2"}],"replies":[{"embeddable":true,"href":"https:\/\/enolife.com.ar\/es\/wp-json\/wp\/v2\/comments?post=172432"}],"version-history":[{"count":0,"href":"https:\/\/enolife.com.ar\/es\/wp-json\/wp\/v2\/posts\/172432\/revisions"}],"wp:featuredmedia":[{"embeddable":true,"href":"https:\/\/enolife.com.ar\/es\/wp-json\/wp\/v2\/media\/172440"}],"wp:attachment":[{"href":"https:\/\/enolife.com.ar\/es\/wp-json\/wp\/v2\/media?parent=172432"}],"wp:term":[{"taxonomy":"category","embeddable":true,"href":"https:\/\/enolife.com.ar\/es\/wp-json\/wp\/v2\/categories?post=172432"},{"taxonomy":"post_tag","embeddable":true,"href":"https:\/\/enolife.com.ar\/es\/wp-json\/wp\/v2\/tags?post=172432"}],"curies":[{"name":"wp","href":"https:\/\/api.w.org\/{rel}","templated":true}]}}