{"id":172401,"date":"2026-01-20T18:21:31","date_gmt":"2026-01-20T18:21:31","guid":{"rendered":"https:\/\/enolife.com.ar\/es\/?p=172401"},"modified":"2026-01-21T21:59:33","modified_gmt":"2026-01-21T21:59:33","slug":"la-historica-bodega-arizu-escenario-de-4-dias-de-cata-de-vinos-gastronomia-rock-y-pena-folclorica","status":"publish","type":"post","link":"https:\/\/enolife.com.ar\/es\/la-historica-bodega-arizu-escenario-de-4-dias-de-cata-de-vinos-gastronomia-rock-y-pena-folclorica\/","title":{"rendered":"La hist\u00f3rica bodega Arizu, escenario de 4 d\u00edas de cata de vinos, gastronom\u00eda, rock y pe\u00f1a folcl\u00f3rica"},"content":{"rendered":"\n<h4 class=\"wp-block-heading\"><em><strong>Los d\u00edas 23, 24, 25 y 31 de enero de 2026, en el espacio recuperado de las antiguas naves de la bodega insignia de Godoy Cruz, Mendoza -Monumento Hist\u00f3rico Nacional- se realizar\u00e1n dos encuentros atractivos para los amantes del buen vino y del glamour de la gastronom\u00eda de autor.<\/strong><\/em><\/h4>\n\n\n\n<div style=\"height:37px\" aria-hidden=\"true\" class=\"wp-block-spacer\"><\/div>\n\n\n<a href=\"https:\/\/www.linkedin.com\/company\/agrinet-sa\/?originalSubdomain=ar\" aria-label=\"1700X500\"><img loading=\"lazy\" decoding=\"async\" src=\"https:\/\/enolife.com.ar\/es\/wp-content\/uploads\/2021\/11\/1700X500.gif\" alt=\"\"  width=\"1700\" height=\"500\"   \/><\/a>\n\n\n<div style=\"height:38px\" aria-hidden=\"true\" class=\"wp-block-spacer\"><\/div>\n\n\n\n<p>El emblem\u00e1tico espacio de Godoy Cruz, Mendoza, recuperado recientemente en conjunto por la Municipalidad logal en conjunto con el Gobierno de la provincia, ser\u00e1 escenario de dos eventos con una atractiva propuesta de vinos. La bebida nacional argentina ser\u00e1 parte protagonista de <strong>\u00abArizu Vibras\u00bb<\/strong> y la <strong>\u00abGran Pe\u00f1a Folcl\u00f3rica\u00bb.<\/strong><\/p>\n\n\n\n<p>En el <strong>Espacio Arizu <\/strong>la experiencia sensorial dar\u00e1 comienzo en la copa. De la mano de la empresa <strong>Go For Wine by Flora Ferrer<\/strong>, ambos eventos contar\u00e1n con una barra atendida exclusivamente por sommeliers, dise\u00f1ada para que cada asistente encuentre el maridaje perfecto para la m\u00fasica.<\/p>\n\n\n\n<p>Con 7 etiquetas para degustar, la propuesta de vinos se divide en dos categor\u00edas. Por un lado, un \u00ab<strong>ticket cl\u00e1sico<\/strong>\u00ab, que permitir\u00e1 degustar vinos caracterizados como frescos y vibrantes, por ejemplo el Rosado de <strong>Gordo en Motoneta<\/strong>, el Dulce Natural de <strong>Susana Balbo<\/strong><em>,<\/em> el Blend tinto de <strong>Anaia <\/strong>y el Malbec Reserva de <strong>Alta-Yari.<\/strong><em> <\/em>Por otro lado, un \u00ab<strong>ticket premium<\/strong>\u00bb para paladares exigentes, que incluye joyas como el Cabernet Sauvignon de <strong>Vi\u00f1a Cobos<\/strong>, el Cabernet Franc de <strong>Monteviejo<\/strong> y el Malbec Grand Bousquet de <strong>Domaine Bousquet.<\/strong><\/p>\n\n\n\n<div style=\"height:24px\" aria-hidden=\"true\" class=\"wp-block-spacer\"><\/div>\n\n\n\n<p class=\"has-medium-font-size\"><strong>Vinos, vinilos y tributos<\/strong><\/p>\n\n\n\n<p>Los d\u00edas <strong>23, 24 y 25 de enero<\/strong>, desde las 20 y hasta la 1 hs, los asistentes podr\u00e1n escuchar buena m\u00fasica e incluso bailar al ritmo del <strong>Club del Vinilo<\/strong> a cargo de <strong>Ringo Obreg\u00f3n<\/strong>, seguido de m\u00fasica en vivo a cargo de bandas locales que interpretan temas de <strong>Bon Jovi, Roxette, Soda Stereo, Babas\u00f3nicos, Brassass <\/strong>y <strong>Les Fous.<\/strong><\/p>\n\n\n\n<div style=\"height:22px\" aria-hidden=\"true\" class=\"wp-block-spacer\"><\/div>\n\n\n<div class=\"wp-block-image\">\n<figure class=\"aligncenter size-full is-resized\"><a href=\"https:\/\/enolife.com.ar\/es\/wp-content\/uploads\/2026\/01\/soda-stereo.jpg\" data-rel=\"penci-gallery-image-content\" ><img loading=\"lazy\" decoding=\"async\" width=\"800\" height=\"452\" src=\"https:\/\/enolife.com.ar\/es\/wp-content\/uploads\/2026\/01\/soda-stereo.jpg\" alt=\"\" class=\"wp-image-172411\" style=\"width:710px;height:auto\" srcset=\"https:\/\/enolife.com.ar\/es\/wp-content\/uploads\/2026\/01\/soda-stereo.jpg 800w, https:\/\/enolife.com.ar\/es\/wp-content\/uploads\/2026\/01\/soda-stereo-300x170.jpg 300w, https:\/\/enolife.com.ar\/es\/wp-content\/uploads\/2026\/01\/soda-stereo-768x434.jpg 768w, https:\/\/enolife.com.ar\/es\/wp-content\/uploads\/2026\/01\/soda-stereo-585x331.jpg 585w\" sizes=\"auto, (max-width: 800px) 100vw, 800px\" \/><\/a><figcaption class=\"wp-element-caption\"><em><strong>El s\u00e1bado 24\/1, int\u00e9rpretes rockeros mendocinos har\u00e1n su tributo a los inigualables Soda Stereo.<\/strong><\/em><\/figcaption><\/figure><\/div>\n\n\n<div style=\"height:19px\" aria-hidden=\"true\" class=\"wp-block-spacer\"><\/div>\n\n\n\n<p>La propuesta invita a disfrutar tanto de la m\u00fasica en vivo como de intervenciones art\u00edsticas y barras de bebidas, en un ambiente de relax. Habr\u00e1 foodtrucks con opciones gastron\u00f3micas como <strong>sushi, hamburguesas, papas, tacos y panchos, entre otras.<\/strong><\/p>\n\n\n\n<div style=\"height:38px\" aria-hidden=\"true\" class=\"wp-block-spacer\"><\/div>\n\n\n\n<p class=\"has-medium-font-size\"><strong>Tradici\u00f3n y fuegos en la pe\u00f1a folcl\u00f3rica<\/strong><\/p>\n\n\n\n<p>El <strong>s\u00e1bado 31 de enero<\/strong>, siempre en el Espacio Arizu, los amantes del folclore y el vino estar\u00e1n de parabioenes. El c\u00f3modo y amplio patio de la vieja bodega recuperada servir\u00e1 de escenario al aire libre para una noche de folclore con referentes como <strong>Seba Garay<\/strong>, <strong>La Rienda<\/strong> y <strong>La Doble<\/strong>.<\/p>\n\n\n\n<div style=\"height:30px\" aria-hidden=\"true\" class=\"wp-block-spacer\"><\/div>\n\n\n<div class=\"wp-block-image\">\n<figure class=\"aligncenter size-full\"><a href=\"https:\/\/enolife.com.ar\/es\/wp-content\/uploads\/2026\/01\/humita.jpg\" data-rel=\"penci-gallery-image-content\" ><img loading=\"lazy\" decoding=\"async\" width=\"686\" height=\"386\" src=\"https:\/\/enolife.com.ar\/es\/wp-content\/uploads\/2026\/01\/humita.jpg\" alt=\"\" class=\"wp-image-172413\" srcset=\"https:\/\/enolife.com.ar\/es\/wp-content\/uploads\/2026\/01\/humita.jpg 686w, https:\/\/enolife.com.ar\/es\/wp-content\/uploads\/2026\/01\/humita-300x169.jpg 300w, https:\/\/enolife.com.ar\/es\/wp-content\/uploads\/2026\/01\/humita-585x329.jpg 585w\" sizes=\"auto, (max-width: 686px) 100vw, 686px\" \/><\/a><figcaption class=\"wp-element-caption\"><em><strong>Humita al plato, uno de los platos t\u00edpicos que se podr\u00e1n disfrutar en los encuentroso del Espacio Arizu.<\/strong><\/em><\/figcaption><\/figure><\/div>\n\n\n<div style=\"height:35px\" aria-hidden=\"true\" class=\"wp-block-spacer\"><\/div>\n\n\n\n<p>En esa ocasi\u00f3n, el maridaje se orientar\u00e1 a una cuidada selecci\u00f3n de etiquetas que acompa\u00f1ar\u00e1n una <strong>cocina de fuegos<\/strong> con platos t\u00edpicos como sandwiches de tapa de asado a la llama, pasteles de chivo y humita al plato, entre otros.<\/p>\n\n\n\n<div style=\"height:22px\" aria-hidden=\"true\" class=\"wp-block-spacer\"><\/div>\n\n\n\n<p class=\"has-background\" style=\"background-color:#d8b7bf\"><strong>En detalle<\/strong><\/p>\n\n\n\n<ul class=\"wp-block-list\">\n<li><strong>Arizu Vibras:<\/strong> viernes 23\/1 (Tributos a Bon Jovi y Roxette), s\u00e1bado 24\/1 (Soda Stereo y Babas\u00f3nicos) y domingo 25\/1 de enero (Brassass y Les Fous). Todas las noches, Club del Vinilo con Ringo Obreg\u00f3n. Ingreso por Belgrano 1322, Godoy Cruz. Entradas en <a href=\"https:\/\/www.entradaweb.com.ar\/arizu_vibra\" target=\"_blank\" rel=\"noreferrer noopener\">https:\/\/www.entradaweb.com.ar\/arizu_vibra<\/a><\/li>\n\n\n\n<li><strong>Gran Pe\u00f1a Folcl\u00f3rica:<\/strong> s\u00e1bado 31\/1 en el patio del Espacio Arizu. Contar\u00e1 con las actuaciones de Seba Garay, La Rienda y La Doble. Ingreso por Belgrano 1322, Godoy Cruz. Entradas en <a href=\"https:\/\/www.entradaweb.com.ar\/pe\u00f1aenarizu\" target=\"_blank\" rel=\"noreferrer noopener\">https:\/\/www.entradaweb.com.ar\/pe\u00f1aenarizu<\/a><\/li>\n<\/ul>\n\n\n\n<div style=\"height:20px\" aria-hidden=\"true\" class=\"wp-block-spacer\"><\/div>\n\n\n\n<p>En ambos eventos, la organizaci\u00f3n est\u00e1 a cargo de <strong>Garz\u00f3n Producciones<\/strong> y <strong>Cultura de la Municipalidad de Godoy Cruz<\/strong>. Email <a href=\"mailto:garzonproduc@gmail.com\">garzonproduc@gmail.com<\/a><\/p>\n\n\n\n<div style=\"height:22px\" aria-hidden=\"true\" class=\"wp-block-spacer\"><\/div>\n","protected":false},"excerpt":{"rendered":"<p>Los d\u00edas 23, 24, 25 y 31 de enero de 2026, en el espacio recuperado&hellip;<\/p>\n","protected":false},"author":2,"featured_media":172410,"comment_status":"closed","ping_status":"open","sticky":false,"template":"","format":"standard","meta":{"footnotes":""},"categories":[47],"tags":[],"class_list":["post-172401","post","type-post","status-publish","format-standard","has-post-thumbnail","hentry","category-agenda"],"_links":{"self":[{"href":"https:\/\/enolife.com.ar\/es\/wp-json\/wp\/v2\/posts\/172401","targetHints":{"allow":["GET"]}}],"collection":[{"href":"https:\/\/enolife.com.ar\/es\/wp-json\/wp\/v2\/posts"}],"about":[{"href":"https:\/\/enolife.com.ar\/es\/wp-json\/wp\/v2\/types\/post"}],"author":[{"embeddable":true,"href":"https:\/\/enolife.com.ar\/es\/wp-json\/wp\/v2\/users\/2"}],"replies":[{"embeddable":true,"href":"https:\/\/enolife.com.ar\/es\/wp-json\/wp\/v2\/comments?post=172401"}],"version-history":[{"count":0,"href":"https:\/\/enolife.com.ar\/es\/wp-json\/wp\/v2\/posts\/172401\/revisions"}],"wp:featuredmedia":[{"embeddable":true,"href":"https:\/\/enolife.com.ar\/es\/wp-json\/wp\/v2\/media\/172410"}],"wp:attachment":[{"href":"https:\/\/enolife.com.ar\/es\/wp-json\/wp\/v2\/media?parent=172401"}],"wp:term":[{"taxonomy":"category","embeddable":true,"href":"https:\/\/enolife.com.ar\/es\/wp-json\/wp\/v2\/categories?post=172401"},{"taxonomy":"post_tag","embeddable":true,"href":"https:\/\/enolife.com.ar\/es\/wp-json\/wp\/v2\/tags?post=172401"}],"curies":[{"name":"wp","href":"https:\/\/api.w.org\/{rel}","templated":true}]}}