{"id":172354,"date":"2026-01-17T13:01:10","date_gmt":"2026-01-17T13:01:10","guid":{"rendered":"https:\/\/enolife.com.ar\/es\/?p=172354"},"modified":"2026-01-21T14:33:01","modified_gmt":"2026-01-21T14:33:01","slug":"mendoza-ofrece-creditos-por-us-20-000-000-al-425-anual-para-exportadores-de-vino-a-granel","status":"publish","type":"post","link":"https:\/\/enolife.com.ar\/es\/mendoza-ofrece-creditos-por-us-20-000-000-al-425-anual-para-exportadores-de-vino-a-granel\/","title":{"rendered":"Mendoza ofrece cr\u00e9ditos por U$S 20.000.000 al 4,25% anual para exportadores de vino a granel"},"content":{"rendered":"\n<h4 class=\"wp-block-heading\"><em><strong>El gobierno de la provincia anunci\u00f3 que, mediante un acuerdo con el Banco Naci\u00f3n, qued\u00f3 abierta una l\u00ednea de pr\u00e9stamos por hasta U$S1.000.000 por empresa para la prefinanciaci\u00f3n de exportaciones de vino a granel. El plazo para la devoluci\u00f3n es de 180 d\u00edas.<\/strong><\/em><\/h4>\n\n\n\n<div style=\"height:35px\" aria-hidden=\"true\" class=\"wp-block-spacer\"><\/div>\n\n\n<a href=\"https:\/\/www.irrigacion.gov.ar\/web\/\" aria-label=\"irrigaci\u00f3n-1700X500\"><img loading=\"lazy\" decoding=\"async\" src=\"https:\/\/enolife.com.ar\/es\/wp-content\/uploads\/2021\/02\/irrigacion-1700X500.gif\" alt=\"\"  width=\"1700\" height=\"500\"   \/><\/a>\n\n\n<div style=\"height:62px\" aria-hidden=\"true\" class=\"wp-block-spacer\"><\/div>\n\n\n\n<p>El <strong>Gobierno de Mendoza<\/strong>, a trav\u00e9s del <strong>Ministerio de Producci\u00f3n y de Hacienda y Finanzas<\/strong>, anunci\u00f3 que se destinar\u00e1n un total de <strong>20 millones de d\u00f3lares<\/strong> en cr\u00e9ditos para la prefinanciaci\u00f3n de exportaciones a granel.<\/p>\n\n\n\n<p>Los fondos estar\u00e1n disponibles a trav\u00e9s del <strong>Banco Naci\u00f3n a una tasa anual de 4,25&nbsp;%<\/strong> y estar\u00e1n destinados a exportadores cuya actividad sea de <strong>exportaci\u00f3n de vinos a granel<\/strong> y corresponda a los sectores agr\u00edcola, agroindustrial y\/o vitivin\u00edcola, bajo cualquier forma societaria o unipersonal (incluido el sector cooperativo) que desarrollen sus actividades en la provincia de Mendoza.<\/p>\n\n\n\n<p>El ministro de Producci\u00f3n, <strong>Rodolfo Vargas Arizu<\/strong>, coment\u00f3 al respecto: <em>\u201cEsta l\u00ednea de cr\u00e9dito es una clara se\u00f1al de recuperaci\u00f3n de la actividad econ\u00f3mica de nuestro pa\u00eds\u00bb<\/em><\/p>\n\n\n\n<div style=\"height:26px\" aria-hidden=\"true\" class=\"wp-block-spacer\"><\/div>\n\n\n\n<blockquote class=\"wp-block-quote is-layout-flow wp-block-quote-is-layout-flow\">\n<p>Que desde el sector privado se cuente con una l\u00ednea de financiamiento especialmente adaptada a las necesidades de uno de los sectores que m\u00e1s aporta al PBG, es realmente una buena noticia\u201d.<br><strong>RODOLFO VARGAS ARIZU, ministro de Producci\u00f3n de Mendoza.<\/strong><\/p>\n<\/blockquote>\n\n\n\n<div style=\"height:31px\" aria-hidden=\"true\" class=\"wp-block-spacer\"><\/div>\n\n\n\n<p>El funcionario agreg\u00f3:<em> \u201cLa tasa de devoluci\u00f3n prevista para esta l\u00ednea de cr\u00e9dito es muy competitiva y llega en un momento muy importante para la captaci\u00f3n de nuevos mercados internacionales\u201d.<\/em><\/p>\n\n\n\n<div style=\"height:30px\" aria-hidden=\"true\" class=\"wp-block-spacer\"><\/div>\n\n\n\n<h3 class=\"wp-block-heading has-vivid-red-color has-text-color has-link-color wp-elements-7803c1734b4d7186aa428397ecbdb55c\">La l\u00ednea de cr\u00e9dito prev\u00e9 un financiamiento de hasta U$S 500.000 para peque\u00f1as y medianas empresas (pymes), y de hasta U$S 1.000.000 para grandes empresas.<\/h3>\n\n\n\n<div style=\"height:23px\" aria-hidden=\"true\" class=\"wp-block-spacer\"><\/div>\n\n\n\n<p>Consultados los funcionarios de Producci\u00f3n respecto de los plazos de devoluci\u00f3n, destacaron que la l\u00ednea estipula un <strong>l\u00edmite de hasta 180 d\u00edas y no se admitir\u00e1n pr\u00f3rrogas<\/strong> durante este lapso.<\/p>\n\n\n\n<p>Finalmente, desde el Gobierno se\u00f1alaron que la l\u00ednea de cr\u00e9dito estar\u00e1 vigente hasta el 31 de agosto de 2026 o bien hasta agotar la totalidad de los fondos destinados a la l\u00ednea 20 millones de d\u00f3lares.<\/p>\n\n\n\n<div style=\"height:42px\" aria-hidden=\"true\" class=\"wp-block-spacer\"><\/div>\n","protected":false},"excerpt":{"rendered":"<p>El gobierno de la provincia anunci\u00f3 que, mediante un acuerdo con el Banco Naci\u00f3n, qued\u00f3&hellip;<\/p>\n","protected":false},"author":2,"featured_media":172358,"comment_status":"closed","ping_status":"open","sticky":false,"template":"","format":"standard","meta":{"footnotes":""},"categories":[14],"tags":[],"class_list":["post-172354","post","type-post","status-publish","format-standard","has-post-thumbnail","hentry","category-news"],"_links":{"self":[{"href":"https:\/\/enolife.com.ar\/es\/wp-json\/wp\/v2\/posts\/172354","targetHints":{"allow":["GET"]}}],"collection":[{"href":"https:\/\/enolife.com.ar\/es\/wp-json\/wp\/v2\/posts"}],"about":[{"href":"https:\/\/enolife.com.ar\/es\/wp-json\/wp\/v2\/types\/post"}],"author":[{"embeddable":true,"href":"https:\/\/enolife.com.ar\/es\/wp-json\/wp\/v2\/users\/2"}],"replies":[{"embeddable":true,"href":"https:\/\/enolife.com.ar\/es\/wp-json\/wp\/v2\/comments?post=172354"}],"version-history":[{"count":0,"href":"https:\/\/enolife.com.ar\/es\/wp-json\/wp\/v2\/posts\/172354\/revisions"}],"wp:featuredmedia":[{"embeddable":true,"href":"https:\/\/enolife.com.ar\/es\/wp-json\/wp\/v2\/media\/172358"}],"wp:attachment":[{"href":"https:\/\/enolife.com.ar\/es\/wp-json\/wp\/v2\/media?parent=172354"}],"wp:term":[{"taxonomy":"category","embeddable":true,"href":"https:\/\/enolife.com.ar\/es\/wp-json\/wp\/v2\/categories?post=172354"},{"taxonomy":"post_tag","embeddable":true,"href":"https:\/\/enolife.com.ar\/es\/wp-json\/wp\/v2\/tags?post=172354"}],"curies":[{"name":"wp","href":"https:\/\/api.w.org\/{rel}","templated":true}]}}