{"id":172344,"date":"2026-01-16T12:54:36","date_gmt":"2026-01-16T12:54:36","guid":{"rendered":"https:\/\/enolife.com.ar\/es\/?p=172344"},"modified":"2026-01-17T15:09:38","modified_gmt":"2026-01-17T15:09:38","slug":"con-milei-y-sin-lula-se-firma-manana-17-1-en-asuncion-el-acuerdo-mercosur-ue","status":"publish","type":"post","link":"https:\/\/enolife.com.ar\/es\/con-milei-y-sin-lula-se-firma-manana-17-1-en-asuncion-el-acuerdo-mercosur-ue\/","title":{"rendered":"Con Milei y sin Lula, se firma ma\u00f1ana 17\/1 en Asunci\u00f3n el acuerdo Mercosur-UE"},"content":{"rendered":"\n<h4 class=\"wp-block-heading\"><em><strong>El presidente argentino, quien durante su primer a\u00f1o de mandato puso trabas al pacto de libre comercio entre el Mercado Com\u00fan del Sur (Mercosur) y la Uni\u00f3n Europea (UE) y luego cambi\u00f3 su posici\u00f3n, viajar\u00e1 ma\u00f1ana a la capital paraguaya para firmar junto a los presidentes de Paraguay y Uruguay y la titular de la Comisi\u00f3n Europea el tratado que posibilitar\u00e1 bajar los aranceles en el comercio bilateral hasta un 90%. En cambio, el mandatario brasile\u00f1o, gran promotor del acuerdo desde hace 25 a\u00f1os, no concurrir\u00e1 porque le \u00abenviaron la invitaci\u00f3n a \u00faltima hora\u00bb, seg\u00fan aclararon fuentes de Brasilia.<\/strong><\/em><\/h4>\n\n\n\n<div style=\"height:35px\" aria-hidden=\"true\" class=\"wp-block-spacer\"><\/div>\n\n\n<a href=\"https:\/\/www.instagram.com\/agroconciencia_\" aria-label=\"BANNER AGROCONCIENCIA 1700X500\"><img loading=\"lazy\" decoding=\"async\" src=\"https:\/\/enolife.com.ar\/es\/wp-content\/uploads\/2019\/07\/BANNER-AGROCONCIENCIA-1700X500-1.jpg\" alt=\"\"  srcset=\"https:\/\/enolife.com.ar\/es\/wp-content\/uploads\/2019\/07\/BANNER-AGROCONCIENCIA-1700X500-1.jpg 1700w, https:\/\/enolife.com.ar\/es\/wp-content\/uploads\/2019\/07\/BANNER-AGROCONCIENCIA-1700X500-1-300x88.jpg 300w, https:\/\/enolife.com.ar\/es\/wp-content\/uploads\/2019\/07\/BANNER-AGROCONCIENCIA-1700X500-1-1024x301.jpg 1024w, https:\/\/enolife.com.ar\/es\/wp-content\/uploads\/2019\/07\/BANNER-AGROCONCIENCIA-1700X500-1-768x226.jpg 768w, https:\/\/enolife.com.ar\/es\/wp-content\/uploads\/2019\/07\/BANNER-AGROCONCIENCIA-1700X500-1-1536x452.jpg 1536w, https:\/\/enolife.com.ar\/es\/wp-content\/uploads\/2019\/07\/BANNER-AGROCONCIENCIA-1700X500-1-1170x344.jpg 1170w, https:\/\/enolife.com.ar\/es\/wp-content\/uploads\/2019\/07\/BANNER-AGROCONCIENCIA-1700X500-1-585x172.jpg 585w\" sizes=\"auto, (max-width: 1700px) 100vw, 1700px\" width=\"1700\" height=\"500\"   \/><\/a>\n\n\n<div style=\"height:59px\" aria-hidden=\"true\" class=\"wp-block-spacer\"><\/div>\n\n\n\n<p>El presidente brasile\u00f1o <strong>Luiz In\u00e1cio Lula da Silva<\/strong> no estar\u00e1 presente ma\u00f1ana s\u00e1bado 17 de enero en la firma del acuerdo comercial entre el <strong>Mercado Com\u00fan del Sur (Mercosur)<\/strong> y la <strong>Uni\u00f3n Europea (UE)<\/strong> que se realizar\u00e1 en Asunci\u00f3n, capital de Paraguay.<\/p>\n\n\n\n<p>La decisi\u00f3n del mandatario tuvo una fuerte repercusi\u00f3n medi\u00e1tica porque \u00e9l <strong>fue el gran promotor de este pacto<\/strong> que permitir\u00e1 <strong>crear una de las regiones de libre comercio m\u00e1s grandes del mundo<\/strong>. Este jueves 15\/1, el vicepresidente brasile\u00f1o <strong>Geraldo Alckmin<\/strong> remarc\u00f3 este punto en una entrevista que concedi\u00f3 a una emisora local: <em>\u201cFue \u00e9l quien hizo todo el trabajo. <strong>Su liderazgo y perseverancia fueron fundamentales<\/strong> para un acuerdo que ha sido trabajado desde hace 25 a\u00f1os, pero nunca sal\u00eda\u201d.<\/em><\/p>\n\n\n\n<p>Una fuente del gobierno brasile\u00f1o explic\u00f3 que la firma del acuerdo fue, en sus comienzos, organizada como un evento a nivel ministerial, y Paraguay envi\u00f3<em> \u201ca \u00faltima hora\u201d<\/em> las <em>\u201cinvitaciones\u201d<\/em> a los presidentes de los pa\u00edses miembros, lo que habr\u00eda generado complicaciones con la agenda de Lula, impidi\u00e9ndole asistir al encuentro. <strong>De la reuni\u00f3n s\u00ed participar\u00e1n el presidente anfitri\u00f3n, Santiago Pe\u00f1a, el uruguayo Yamand\u00fa Orsi<\/strong> y el <strong>argentino Javier Milei.<\/strong><\/p>\n\n\n\n<div style=\"height:32px\" aria-hidden=\"true\" class=\"wp-block-spacer\"><\/div>\n\n\n<div class=\"wp-block-image\">\n<figure class=\"aligncenter is-resized\"><img decoding=\"async\" src=\"https:\/\/fotos.perfil.com\/\/2025\/03\/31\/900\/0\/desde-que-asumio-santiago-pena-en-paraguay-miles-de-ciudadanos-dejaron-de-ser-pobres-1994753.jpg?webp\" alt=\"Desde que asumi\u00f3 Santiago Pe\u00f1a en Paraguay miles de ciudadanos dejaron de ser pobres. \" style=\"width:730px;height:auto\"\/><figcaption class=\"wp-element-caption\"><em><strong>Santiago Pe\u00f1a, presidente de Paraguay.<\/strong><\/em><\/figcaption><\/figure><\/div>\n\n\n<div style=\"height:27px\" aria-hidden=\"true\" class=\"wp-block-spacer\"><\/div>\n\n\n\n<p><strong>Por otra parte, hoy viernes 16\/1, en R\u00edo de Janeiro, Lula recibir\u00e1 a la presidenta de la Comisi\u00f3n Europea, Ursula von der Leyen<\/strong>, y al presidente del Consejo Europeo, <strong>Ant\u00f3nio Costa<\/strong>, en la escaka que realizar\u00e1n los funcionarios antes de volar a Asunci\u00f3n.<\/p>\n\n\n\n<p>Aunque el m\u00e1ximo mandatario de Brasil cumpli\u00f3 un rol fundamental para concretar este tratado, <strong>no pudo lograr que se firmara en diciembre en Foz de Iguaz\u00fa<\/strong>, cuando su pa\u00eds estaba a cargo de la presidencia rotativa del bloque sudamericano.<\/p>\n\n\n\n<div style=\"height:28px\" aria-hidden=\"true\" class=\"wp-block-spacer\"><\/div>\n\n\n<div class=\"wp-block-image\">\n<figure class=\"aligncenter size-large is-resized\"><a href=\"https:\/\/enolife.com.ar\/es\/wp-content\/uploads\/2026\/01\/yamandu-orsi.webp\"><img loading=\"lazy\" decoding=\"async\" width=\"1024\" height=\"576\" src=\"https:\/\/enolife.com.ar\/es\/wp-content\/uploads\/2026\/01\/yamandu-orsi-1024x576.webp\" alt=\"\" class=\"wp-image-172348\" style=\"width:724px;height:auto\" srcset=\"https:\/\/enolife.com.ar\/es\/wp-content\/uploads\/2026\/01\/yamandu-orsi-1024x576.webp 1024w, https:\/\/enolife.com.ar\/es\/wp-content\/uploads\/2026\/01\/yamandu-orsi-300x169.webp 300w, https:\/\/enolife.com.ar\/es\/wp-content\/uploads\/2026\/01\/yamandu-orsi-768x432.webp 768w, https:\/\/enolife.com.ar\/es\/wp-content\/uploads\/2026\/01\/yamandu-orsi-1170x658.webp 1170w, https:\/\/enolife.com.ar\/es\/wp-content\/uploads\/2026\/01\/yamandu-orsi-585x329.webp 585w, https:\/\/enolife.com.ar\/es\/wp-content\/uploads\/2026\/01\/yamandu-orsi.webp 1200w\" sizes=\"auto, (max-width: 1024px) 100vw, 1024px\" \/><\/a><figcaption class=\"wp-element-caption\"><em><strong>Yamand\u00fa Orsi, presidente de Uruguay.<\/strong><\/em><\/figcaption><\/figure><\/div>\n\n\n<div style=\"height:36px\" aria-hidden=\"true\" class=\"wp-block-spacer\"><\/div>\n\n\n\n<p><strong>El tratado quita aranceles a m\u00e1s del 90% del comercio bilateral<\/strong>, favoreciendo las exportaciones de maquinaria, autos, <strong>vinos<\/strong> y bebidas europeas; como contrapartida, agiliza la entrada a Europa de az\u00facar, carne, miel, arroz y soja sudamericanas.<strong> Los productores agropecuarios europeos han mostrado su preocupaci\u00f3n<\/strong> ante la posibilidad de que art\u00edculos sudamericanos m\u00e1s baratos inunden sus mercados, por ese motivo, han realizado protestas masivas en <strong>Irlanda, Francia, Polonia y B\u00e9lgica.<\/strong><\/p>\n\n\n\n<p>El Mercosur y la Uni\u00f3n Europea equivalen, juntos, el <strong>30% del PBI mundial<\/strong>, representando <strong>m\u00e1s de 700 millones de consumidores<\/strong>.<\/p>\n\n\n\n<div style=\"height:30px\" aria-hidden=\"true\" class=\"wp-block-spacer\"><\/div>\n\n\n\n<h4 class=\"wp-block-heading has-medium-font-size\"><strong>La tercera v\u00eda comercial que propone Brasil<\/strong> <\/h4>\n\n\n\n<p><strong>Luciana Ghiotto<\/strong>, doctora en Ciencias Sociales por la Universidad de Buenos Aires, opin\u00f3 que, para Brasil, este acuerdo <em>\u201ces esencial para mostrar que <strong>existe una tercera v\u00eda sin atarse a Estados Unidos o a China<\/strong>. Es un tratado enmarcado en la coyuntura geopol\u00edtica: es el que lleva m\u00e1s tiempo de negociaci\u00f3n a nivel mundial y el apuro por su cierre tiene que ver con el gobierno de Donald Trump y su aplicaci\u00f3n masiva de aranceles\u201d.<\/em><\/p>\n\n\n\n<p>Por su parte, <strong>Alejandro Frenkel<\/strong>, polit\u00f3logo de la Universidad argentina de San Mart\u00edn, consider\u00f3<em> <\/em>que <em>\u201cpara la UE es una forma de reforzar autonom\u00eda y un lugar como actor importante a nivel internacional en un contexto en el que Europa est\u00e1 siendo cada vez m\u00e1s irrelevante en t\u00e9rminos pol\u00edticos y econ\u00f3micos; y al Mercosur le sirve mostrar un avance en un contexto de crisis y fragmentaci\u00f3n interna\u201d.<\/em><\/p>\n\n\n\n<div style=\"height:27px\" aria-hidden=\"true\" class=\"wp-block-spacer\"><\/div>\n\n\n\n<p class=\"has-small-font-size\"><em><strong>Fuente: Agencia AFP<\/strong><\/em><\/p>\n\n\n\n<div style=\"height:33px\" aria-hidden=\"true\" class=\"wp-block-spacer\"><\/div>\n","protected":false},"excerpt":{"rendered":"<p>El presidente argentino, quien durante su primer a\u00f1o de mandato puso trabas al pacto de&hellip;<\/p>\n","protected":false},"author":2,"featured_media":172347,"comment_status":"closed","ping_status":"open","sticky":false,"template":"","format":"standard","meta":{"footnotes":""},"categories":[14],"tags":[],"class_list":["post-172344","post","type-post","status-publish","format-standard","has-post-thumbnail","hentry","category-news"],"_links":{"self":[{"href":"https:\/\/enolife.com.ar\/es\/wp-json\/wp\/v2\/posts\/172344","targetHints":{"allow":["GET"]}}],"collection":[{"href":"https:\/\/enolife.com.ar\/es\/wp-json\/wp\/v2\/posts"}],"about":[{"href":"https:\/\/enolife.com.ar\/es\/wp-json\/wp\/v2\/types\/post"}],"author":[{"embeddable":true,"href":"https:\/\/enolife.com.ar\/es\/wp-json\/wp\/v2\/users\/2"}],"replies":[{"embeddable":true,"href":"https:\/\/enolife.com.ar\/es\/wp-json\/wp\/v2\/comments?post=172344"}],"version-history":[{"count":0,"href":"https:\/\/enolife.com.ar\/es\/wp-json\/wp\/v2\/posts\/172344\/revisions"}],"wp:featuredmedia":[{"embeddable":true,"href":"https:\/\/enolife.com.ar\/es\/wp-json\/wp\/v2\/media\/172347"}],"wp:attachment":[{"href":"https:\/\/enolife.com.ar\/es\/wp-json\/wp\/v2\/media?parent=172344"}],"wp:term":[{"taxonomy":"category","embeddable":true,"href":"https:\/\/enolife.com.ar\/es\/wp-json\/wp\/v2\/categories?post=172344"},{"taxonomy":"post_tag","embeddable":true,"href":"https:\/\/enolife.com.ar\/es\/wp-json\/wp\/v2\/tags?post=172344"}],"curies":[{"name":"wp","href":"https:\/\/api.w.org\/{rel}","templated":true}]}}