{"id":17234,"date":"2020-07-31T02:55:05","date_gmt":"2020-07-31T02:55:05","guid":{"rendered":"http:\/\/enolife.com.ar\/es\/?p=17234"},"modified":"2020-08-01T03:02:05","modified_gmt":"2020-08-01T03:02:05","slug":"siete-paseos-online-mostraran-a-mendoza-en-una-copa-con-libros-y-vinos-de-premio","status":"publish","type":"post","link":"https:\/\/enolife.com.ar\/es\/siete-paseos-online-mostraran-a-mendoza-en-una-copa-con-libros-y-vinos-de-premio\/","title":{"rendered":"Siete paseos online mostrar\u00e1n a \u00abMendoza en una Copa\u00bb, con libros y vinos de premio"},"content":{"rendered":"\n<h4 class=\"wp-block-heading\"><em><strong>Con siete encuentros online transmitidos v\u00eda streaming, desde el viernes 31 de julio y hasta el 9 de setiembre, cualquier internauta que quiera sumarse podr\u00e1 ver videos y obtener informaci\u00f3n sobre los oasis vitivin\u00edcolas de Mendoza, sus atractivos tur\u00edsticos, paisajes, bodegas, hoteles, restaurantes, vi\u00f1edos y terru\u00f1os. Cada programa estar\u00e1 conducido por referentes del enoturismo y habr\u00e1 invitados especiales y sorteos para los participantes. La inscripci\u00f3n es libre y gratuita, comunic\u00e1ndose previamente a <\/strong><\/em><a href=\"mailto:turismo@coviar.com.ar\"><strong><em>turismo@coviar.com.ar<\/em><\/strong><\/a><\/h4>\n\n\n\n<div style=\"height:20px\" aria-hidden=\"true\" class=\"wp-block-spacer\"><\/div>\n\n\n\n<p>El Ministerio de Turismo y Cultura de Mendoza, la Corporaci\u00f3n Vitivin\u00edcola Argentina (Coviar) y el Fondo Vitivin\u00edcola Mendoza, han organizado en conjunto un ciclo de encuentros virtuales para promover el turismo del vino bajo el t\u00edtulo \u00abMendoza en una Copa\u00bb.<\/p>\n\n\n\n<p>Se trata de una serie de siete encuentros de promoci\u00f3n y difusi\u00f3n que arrancan el viernes 31 de julio y seguir\u00e1n de a uno por semana hasta el 9 de septiembre inclusive. La transmisi\u00f3n&nbsp;online v\u00eda streaming ser\u00e1 siempre conducida por referentes del sector del turismo del vino y contar\u00e1 con invitados especiales. Este ciclo propone un paseo por los diferentes oasis vitivin\u00edcolas de Mendoza y el objetivo es dar a conocer las bellezas y servicios enogastron\u00f3micos que ofrece la provincia.<\/p>\n\n\n\n<p>En cada encuentro se abordar\u00e1n temas como la historia, la geograf\u00eda, principales varietales, productos t\u00edpicos&nbsp;y experiencias que se pueden realizar en cada uno de los destinos, as\u00ed como consejos pr\u00e1cticos para la degustaci\u00f3n y elaboraci\u00f3n de c\u00f3cteles&nbsp;con vino.<\/p>\n\n\n\n<p>La participaci\u00f3n es <strong>libre y gratuita <\/strong>y habr\u00e1 <strong>sorteos <\/strong>con premios para los participantes. Todos los encuentros est\u00e1s <strong>destinados a p\u00fablico en general<\/strong>. Para informes e inscripciones los interesados deben escribir a&nbsp;<a href=\"mailto:turismo@coviar.com.ar\"><strong>turismo@coviar.com.ar<\/strong><\/a><\/p>\n\n\n\n<p>El primer encuentro, denominado <strong>\u00abUn recorrido por la Enoteca, la primera bodega modelo de Latinoam\u00e9rica y consejos para degustar y disfrutar del vino\u00bb<\/strong> ser\u00e1 el <strong>viernes 31\/7 a las 19 hs.<\/strong> y se transmitir\u00e1 desde la Enoteca. Tendr\u00e1 como principal orador al ingeniero agr\u00f3nomo y winemaker Alfredo Draque. Para este encuentro, los organizadores invitan a los asistentes a presenciar la transmisi\u00f3n acompa\u00f1ados con su copa de vino preferida, para disfrutar de la experiencia. Adem\u00e1s, habr\u00e1 sorteos de libros, manuales y botellas de vino. <\/p>\n\n\n\n<div style=\"height:20px\" aria-hidden=\"true\" class=\"wp-block-spacer\"><\/div>\n\n\n\n<figure class=\"wp-block-gallery columns-2 is-cropped wp-block-gallery-1 is-layout-flex wp-block-gallery-is-layout-flex\"><ul class=\"blocks-gallery-grid\"><li class=\"blocks-gallery-item\"><figure><img loading=\"lazy\" decoding=\"async\" width=\"632\" height=\"395\" src=\"https:\/\/enolife.com.ar\/es\/wp-content\/uploads\/2020\/07\/medium_laenoteca.jpg\" alt=\"\" data-id=\"17249\" class=\"wp-image-17249\" srcset=\"https:\/\/enolife.com.ar\/es\/wp-content\/uploads\/2020\/07\/medium_laenoteca.jpg 632w, https:\/\/enolife.com.ar\/es\/wp-content\/uploads\/2020\/07\/medium_laenoteca-300x188.jpg 300w, https:\/\/enolife.com.ar\/es\/wp-content\/uploads\/2020\/07\/medium_laenoteca-585x366.jpg 585w\" sizes=\"auto, (max-width: 632px) 100vw, 632px\" \/><figcaption class=\"blocks-gallery-item__caption\">La Enoteca de Mendoza<\/figcaption><\/figure><\/li><li class=\"blocks-gallery-item\"><figure><img loading=\"lazy\" decoding=\"async\" width=\"512\" height=\"365\" src=\"https:\/\/enolife.com.ar\/es\/wp-content\/uploads\/2020\/07\/unnamed-3.jpg\" alt=\"\" data-id=\"17250\" data-full-url=\"https:\/\/enolife.com.ar\/es\/wp-content\/uploads\/2020\/07\/unnamed-3.jpg\" data-link=\"https:\/\/enolife.com.ar\/es\/?attachment_id=17250\" class=\"wp-image-17250\" srcset=\"https:\/\/enolife.com.ar\/es\/wp-content\/uploads\/2020\/07\/unnamed-3.jpg 512w, https:\/\/enolife.com.ar\/es\/wp-content\/uploads\/2020\/07\/unnamed-3-300x214.jpg 300w\" sizes=\"auto, (max-width: 512px) 100vw, 512px\" \/><figcaption class=\"blocks-gallery-item__caption\">Museo en la Enoteca, Parque C\u00edvico<\/figcaption><\/figure><\/li><\/ul><\/figure>\n\n\n\n<div style=\"height:20px\" aria-hidden=\"true\" class=\"wp-block-spacer\"><\/div>\n\n\n\n<p class=\"has-background has-luminous-vivid-amber-background-color\"> <strong>Link de inscripci\u00f3n:&nbsp;<a rel=\"noreferrer noopener\" href=\"https:\/\/gmail.us19.list-manage.com\/track\/click?u=a171c47a6e1c575e99297641a&amp;id=bbcdba4ee0&amp;e=cee0876877\" target=\"_blank\">https:\/\/forms.gle\/LRE4xxL123PjakHf9<\/a><\/strong> <\/p>\n\n\n\n<div style=\"height:20px\" aria-hidden=\"true\" class=\"wp-block-spacer\"><\/div>\n\n\n\n<p class=\"has-text-align-left has-medium-font-size\"><strong>Cronograma de actividades <\/strong><\/p>\n\n\n\n<div style=\"height:20px\" aria-hidden=\"true\" class=\"wp-block-spacer\"><\/div>\n\n\n\n<p class=\"has-background has-very-light-gray-background-color\"><strong>El mi\u00e9rcoles 5\/8 a las 19 hs <\/strong>ser\u00e1 el tiempo de<strong> <\/strong> <strong>\u00abPaseamos por la tierra del&nbsp;bonarda &#8211; Oasis Este\u201d<\/strong>. Se brindar\u00e1 con un vino bonarda. Ser\u00e1 presentado por Claudia Yanz\u00f3n y Romanella Paggi y como invitado especial estar\u00e1 Francisco Rodr\u00edguez, brand manager de Corbeau Wines.<\/p>\n\n\n\n<div style=\"height:20px\" aria-hidden=\"true\" class=\"wp-block-spacer\"><\/div>\n\n\n\n<div class=\"wp-block-image\"><figure class=\"aligncenter is-resized\"><img loading=\"lazy\" decoding=\"async\" src=\"http:\/\/corbeauwines.com\/wp-content\/uploads\/2016\/10\/CMR_0598-e1508785016461.jpg\" alt=\"\" width=\"384\" height=\"255\"\/><figcaption><strong>Un vi\u00f1edo de Corbeau Wines, en San Mart\u00edn, Mendoza.<\/strong><\/figcaption><\/figure><\/div>\n\n\n\n<div style=\"height:20px\" aria-hidden=\"true\" class=\"wp-block-spacer\"><\/div>\n\n\n\n<p class=\"has-background has-very-light-gray-background-color\"><strong>Mi\u00e9rcoles 12\/8 se emitir\u00e1 el programa&nbsp;\u00abNuevas tendencias en el disfrute del vino: La cocteler\u00eda\u201d<\/strong>. Aqu\u00ed se brindar\u00e1 con lo que haya en casa, vinos blancos, tintos, espumantes, rosados, destilados. Y se podr\u00e1 acompa\u00f1ar con aceite de oliva, hierbas, especias y dulces caseros.<\/p>\n\n\n\n<div style=\"height:20px\" aria-hidden=\"true\" class=\"wp-block-spacer\"><\/div>\n\n\n\n<div class=\"wp-block-image\"><figure class=\"aligncenter is-resized\"><img loading=\"lazy\" decoding=\"async\" src=\"https:\/\/www.thebeertimes.com\/wp-content\/uploads\/2019\/03\/Utensilios-para-barman.jpg\" alt=\"Herramientas y utensilios necesarios para la cocteler\u00eda | The Beer ...\" width=\"503\" height=\"196\"\/><figcaption><strong>Cocteler\u00eda<\/strong><\/figcaption><\/figure><\/div>\n\n\n\n<div style=\"height:20px\" aria-hidden=\"true\" class=\"wp-block-spacer\"><\/div>\n\n\n\n<p class=\"has-background has-very-light-gray-background-color\"><strong>Mi\u00e9rcoles 19\/08, \u00abLa cuna del vino y el olivo:&nbsp; Maip\u00fa\u201d.<\/strong> Se brindar\u00e1 con cabernet franc.<\/p>\n\n\n\n<div style=\"height:20px\" aria-hidden=\"true\" class=\"wp-block-spacer\"><\/div>\n\n\n\n<div class=\"wp-block-image\"><figure class=\"aligncenter is-resized\"><img loading=\"lazy\" decoding=\"async\" src=\"https:\/\/www.welcomeargentina.com\/paseos\/citytour-maipu\/maipu-citytour-3.jpg\" alt=\"City tour por Maip\u00fa, Mendoza\" width=\"417\" height=\"255\"\/><figcaption><strong>Casa y Museo Giol, en Maip\u00fa.<\/strong><\/figcaption><\/figure><\/div>\n\n\n\n<div style=\"height:20px\" aria-hidden=\"true\" class=\"wp-block-spacer\"><\/div>\n\n\n\n<p class=\"has-background has-very-light-gray-background-color\"><strong>Mi\u00e9rcoles 26\/8,<\/strong> <strong>\u00abTierra malbec: Luj\u00e1n de Cuyo\u00bb<\/strong>. Se brindar\u00e1 con malbec.<\/p>\n\n\n\n<div style=\"height:20px\" aria-hidden=\"true\" class=\"wp-block-spacer\"><\/div>\n\n\n\n<div class=\"wp-block-image\"><figure class=\"aligncenter is-resized\"><img loading=\"lazy\" decoding=\"async\" src=\"https:\/\/enolife.com.ar\/es\/wp-content\/uploads\/2020\/06\/ppal-lujan-malbec-1024x440.jpg\" alt=\"\" width=\"418\" height=\"179\"\/><figcaption><strong>Luj\u00e1n de Cuyo, tierra malbec<\/strong><\/figcaption><\/figure><\/div>\n\n\n\n<div style=\"height:20px\" aria-hidden=\"true\" class=\"wp-block-spacer\"><\/div>\n\n\n\n<p class=\"has-background has-very-light-gray-background-color\"><strong>Mi\u00e9rcoles 2\/9, \u00abLos vinos de altura: Valle de Uco\u00bb. <\/strong>Se brindar\u00e1 con sauvignon blanc.<\/p>\n\n\n\n<div style=\"height:20px\" aria-hidden=\"true\" class=\"wp-block-spacer\"><\/div>\n\n\n\n<div class=\"wp-block-image\"><figure class=\"aligncenter is-resized\"><img loading=\"lazy\" decoding=\"async\" src=\"https:\/\/bbl.com.ar\/imagenes\/1594815840_70.jpg\" alt=\"BBL \/ \u00bfC\u00f3mo incidi\u00f3 la reapertura del turismo interno en el Valle ...\" width=\"423\" height=\"281\"\/><figcaption><strong>Una t\u00edpica postal del Valle De Uco: los vi\u00f1edos al pie de los cerros nevados.<\/strong><\/figcaption><\/figure><\/div>\n\n\n\n<div style=\"height:20px\" aria-hidden=\"true\" class=\"wp-block-spacer\"><\/div>\n\n\n\n<p class=\"has-background has-very-light-gray-background-color\"><strong>Mi\u00e9rcoles 9\/9,<\/strong> <strong>\u00abBodegas con identidad &#8211; Oasis Sur\u00bb<\/strong>. Se brindar\u00e1 con un chardonnay.<\/p>\n\n\n\n<div style=\"height:20px\" aria-hidden=\"true\" class=\"wp-block-spacer\"><\/div>\n\n\n\n<div class=\"wp-block-image\"><figure class=\"aligncenter is-resized\"><img loading=\"lazy\" decoding=\"async\" src=\"https:\/\/camaraturismoalvear.com\/wp-content\/uploads\/2018\/05\/bodega-faraon.jpg\" alt=\"Bodega Fara\u00f3n - Patrimonio Hist\u00f3rico de General Alvear Mendoza\" width=\"408\" height=\"272\"\/><figcaption><strong>La Bodega Fara\u00f3n, en General Alvear<\/strong><\/figcaption><\/figure><\/div>\n\n\n\n<div style=\"height:20px\" aria-hidden=\"true\" class=\"wp-block-spacer\"><\/div>\n\n\n\n<p class=\"has-small-font-size\"><em><strong>Fuente: Corporaci\u00f3n Vitivin\u00edcola Argentina (Coviar)<\/strong><\/em><\/p>\n\n\n\n<div style=\"height:20px\" aria-hidden=\"true\" class=\"wp-block-spacer\"><\/div>\n","protected":false},"excerpt":{"rendered":"<p>Con siete encuentros online transmitidos v\u00eda streaming, desde el viernes 31 de julio y hasta&hellip;<\/p>\n","protected":false},"author":3,"featured_media":17272,"comment_status":"open","ping_status":"open","sticky":false,"template":"","format":"standard","meta":{"footnotes":""},"categories":[47],"tags":[],"class_list":["post-17234","post","type-post","status-publish","format-standard","has-post-thumbnail","hentry","category-agenda"],"_links":{"self":[{"href":"https:\/\/enolife.com.ar\/es\/wp-json\/wp\/v2\/posts\/17234","targetHints":{"allow":["GET"]}}],"collection":[{"href":"https:\/\/enolife.com.ar\/es\/wp-json\/wp\/v2\/posts"}],"about":[{"href":"https:\/\/enolife.com.ar\/es\/wp-json\/wp\/v2\/types\/post"}],"author":[{"embeddable":true,"href":"https:\/\/enolife.com.ar\/es\/wp-json\/wp\/v2\/users\/3"}],"replies":[{"embeddable":true,"href":"https:\/\/enolife.com.ar\/es\/wp-json\/wp\/v2\/comments?post=17234"}],"version-history":[{"count":0,"href":"https:\/\/enolife.com.ar\/es\/wp-json\/wp\/v2\/posts\/17234\/revisions"}],"wp:featuredmedia":[{"embeddable":true,"href":"https:\/\/enolife.com.ar\/es\/wp-json\/wp\/v2\/media\/17272"}],"wp:attachment":[{"href":"https:\/\/enolife.com.ar\/es\/wp-json\/wp\/v2\/media?parent=17234"}],"wp:term":[{"taxonomy":"category","embeddable":true,"href":"https:\/\/enolife.com.ar\/es\/wp-json\/wp\/v2\/categories?post=17234"},{"taxonomy":"post_tag","embeddable":true,"href":"https:\/\/enolife.com.ar\/es\/wp-json\/wp\/v2\/tags?post=17234"}],"curies":[{"name":"wp","href":"https:\/\/api.w.org\/{rel}","templated":true}]}}