{"id":172317,"date":"2026-01-15T19:32:00","date_gmt":"2026-01-15T19:32:00","guid":{"rendered":"https:\/\/enolife.com.ar\/es\/?p=172317"},"modified":"2026-01-17T23:01:30","modified_gmt":"2026-01-17T23:01:30","slug":"omar-felix-intendente-de-san-rafael-la-lucha-antigranizo-sirve-esta-comprobado-por-la-ciencia","status":"publish","type":"post","link":"https:\/\/enolife.com.ar\/es\/omar-felix-intendente-de-san-rafael-la-lucha-antigranizo-sirve-esta-comprobado-por-la-ciencia\/","title":{"rendered":"Omar F\u00e9lix, intendente de San Rafael: \u00abLa lucha antigranizo sirve, est\u00e1 comprobado por la ciencia\u00bb"},"content":{"rendered":"\n<div style=\"height:31px\" aria-hidden=\"true\" class=\"wp-block-spacer\"><\/div>\n\n\n<a href=\"https:\/\/jmzeballos.com\/\" aria-label=\"PUBLICIDAD ENOLIFE 2023_\u00c1NFORAS 1700 x 500\"><img loading=\"lazy\" decoding=\"async\" src=\"https:\/\/enolife.com.ar\/es\/wp-content\/uploads\/2020\/12\/PUBLICIDAD-ENOLIFE-2023_ANFORAS-1700-x-500.jpg\" alt=\"\"  srcset=\"https:\/\/enolife.com.ar\/es\/wp-content\/uploads\/2020\/12\/PUBLICIDAD-ENOLIFE-2023_ANFORAS-1700-x-500.jpg 1700w, https:\/\/enolife.com.ar\/es\/wp-content\/uploads\/2020\/12\/PUBLICIDAD-ENOLIFE-2023_ANFORAS-1700-x-500-300x88.jpg 300w, https:\/\/enolife.com.ar\/es\/wp-content\/uploads\/2020\/12\/PUBLICIDAD-ENOLIFE-2023_ANFORAS-1700-x-500-1024x301.jpg 1024w, https:\/\/enolife.com.ar\/es\/wp-content\/uploads\/2020\/12\/PUBLICIDAD-ENOLIFE-2023_ANFORAS-1700-x-500-768x226.jpg 768w, https:\/\/enolife.com.ar\/es\/wp-content\/uploads\/2020\/12\/PUBLICIDAD-ENOLIFE-2023_ANFORAS-1700-x-500-1536x452.jpg 1536w, https:\/\/enolife.com.ar\/es\/wp-content\/uploads\/2020\/12\/PUBLICIDAD-ENOLIFE-2023_ANFORAS-1700-x-500-1170x344.jpg 1170w, https:\/\/enolife.com.ar\/es\/wp-content\/uploads\/2020\/12\/PUBLICIDAD-ENOLIFE-2023_ANFORAS-1700-x-500-585x172.jpg 585w\" sizes=\"auto, (max-width: 1700px) 100vw, 1700px\" width=\"1700\" height=\"500\"   \/><\/a>\n\n\n<div style=\"height:54px\" aria-hidden=\"true\" class=\"wp-block-spacer\"><\/div>\n\n\n\n<h4 class=\"wp-block-heading\"><em><strong>El jefe comunal del departamento sure\u00f1o de Mendoza, donde el granizo suele caer con fuerza y poner en riesgo los vi\u00f1edos, defendi\u00f3 su plan de continuar combatiendo el meteoro con aviones que siembren las nubes con yoduro de plata y critic\u00f3 al gobierno provincial por cancelar este sistema de lucha que durante 20 a\u00f1os se implement\u00f3 en todo el territorio.<\/strong><\/em><\/h4>\n\n\n\n<div style=\"height:22px\" aria-hidden=\"true\" class=\"wp-block-spacer\"><\/div>\n\n\n\n<p><em><strong>Por Carlos Fern\u00e1ndez, periodista especializado en Econom\u00eda y Vitivinicultura<\/strong><\/em><\/p>\n\n\n\n<div style=\"height:24px\" aria-hidden=\"true\" class=\"wp-block-spacer\"><\/div>\n\n\n\n<p>El intendente de&nbsp;<strong>San Rafael<\/strong>,&nbsp;<strong>Omar F\u00e9lix<\/strong>, asegur\u00f3 que la&nbsp;lucha antigranizo&nbsp;funciona y est\u00e1 respaldada por estudios cient\u00edficos, al analizar el impacto del levantamiento del sistema en el resto de la provincia de&nbsp;<strong>Mendoza<\/strong>, como en la<strong>&nbsp;Zona Este<\/strong>&nbsp;del territorio, donde estuvo activa durante a\u00f1os. El jefe comunal sostuvo que se trata de un m\u00e9todo de mitigaci\u00f3n clave para proteger la producci\u00f3n, especialmente en zonas con alta vulnerabilidad clim\u00e1tica.<\/p>\n\n\n\n<div style=\"height:24px\" aria-hidden=\"true\" class=\"wp-block-spacer\"><\/div>\n\n\n\n<p class=\"has-medium-font-size\"><strong>\u00bfSirve la lucha antigranizo?<\/strong><\/p>\n\n\n\n<p>S\u00ed. F\u00e9lix afirm\u00f3 que el sistema<em> \u201canda muy bien\u201d<\/em> y que su efectividad est\u00e1 demostrada, aunque aclar\u00f3 que no existe una protecci\u00f3n del cien por ciento porque se trata de combatir fen\u00f3menos naturales. Se\u00f1al\u00f3 que, al analizar las temporadas en las que San Rafael particip\u00f3 en la operaci\u00f3n y el financiamiento, el \u00e1rea afectada por granizo fue considerablemente menor.<\/p>\n\n\n\n<div style=\"height:24px\" aria-hidden=\"true\" class=\"wp-block-spacer\"><\/div>\n\n\n\n<p class=\"has-medium-font-size\"><strong>\u00bfQu\u00e9 respaldo cient\u00edfico tiene el sistema antigranizo?<\/strong><\/p>\n\n\n\n<p>El intendente explic\u00f3 que existen&nbsp;<strong>estad\u00edsticas de m\u00e1s de 20 a\u00f1os de operaci\u00f3n<\/strong>&nbsp;que permiten comparar los da\u00f1os antes y despu\u00e9s de la implementaci\u00f3n del sistema. Seg\u00fan detall\u00f3, la evoluci\u00f3n hist\u00f3rica demuestra que la lucha antigranizo reduce significativamente el impacto de las tormentas y es utilizada en pa\u00edses como&nbsp;<strong>Canad\u00e1, Estados Unidos, China, Francia y Rusia<\/strong>.<\/p>\n\n\n\n<div style=\"height:21px\" aria-hidden=\"true\" class=\"wp-block-spacer\"><\/div>\n\n\n<div class=\"wp-block-image\">\n<figure class=\"aligncenter size-large is-resized\"><a href=\"https:\/\/enolife.com.ar\/es\/wp-content\/uploads\/2021\/12\/granizo-vi\u00f1as-parroquia-San-Fiz-Chantasa3.jpg\" data-rel=\"penci-gallery-image-content\" ><img loading=\"lazy\" decoding=\"async\" width=\"1024\" height=\"440\" src=\"https:\/\/enolife.com.ar\/es\/wp-content\/uploads\/2021\/12\/granizo-vi\u00f1as-parroquia-San-Fiz-Chantasa3-1024x440.jpg\" alt=\"\" class=\"wp-image-51880\" style=\"width:728px;height:auto\" srcset=\"https:\/\/enolife.com.ar\/es\/wp-content\/uploads\/2021\/12\/granizo-vi\u00f1as-parroquia-San-Fiz-Chantasa3-1024x440.jpg 1024w, https:\/\/enolife.com.ar\/es\/wp-content\/uploads\/2021\/12\/granizo-vi\u00f1as-parroquia-San-Fiz-Chantasa3-300x129.jpg 300w, https:\/\/enolife.com.ar\/es\/wp-content\/uploads\/2021\/12\/granizo-vi\u00f1as-parroquia-San-Fiz-Chantasa3-768x330.jpg 768w, https:\/\/enolife.com.ar\/es\/wp-content\/uploads\/2021\/12\/granizo-vi\u00f1as-parroquia-San-Fiz-Chantasa3-1170x503.jpg 1170w, https:\/\/enolife.com.ar\/es\/wp-content\/uploads\/2021\/12\/granizo-vi\u00f1as-parroquia-San-Fiz-Chantasa3-585x251.jpg 585w, https:\/\/enolife.com.ar\/es\/wp-content\/uploads\/2021\/12\/granizo-vi\u00f1as-parroquia-San-Fiz-Chantasa3.jpg 1280w\" sizes=\"auto, (max-width: 1024px) 100vw, 1024px\" \/><\/a><\/figure><\/div>\n\n\n<div style=\"height:33px\" aria-hidden=\"true\" class=\"wp-block-spacer\"><\/div>\n\n\n\n<p class=\"has-medium-font-size\"><strong>\u00bfPuede combinarse con otros m\u00e9todos de protecci\u00f3n?<\/strong><\/p>\n\n\n\n<p>F\u00e9lix indic\u00f3 que la lucha antigranizo puede complementarse con otros sistemas como la&nbsp;<strong>tela antigranizo<\/strong>, seguros agr\u00edcolas y otras tecnolog\u00edas, aunque aclar\u00f3 que algunas alternativas tienen limitaciones. En ese sentido, remarc\u00f3 que el sistema actual es fundamental para zonas donde predominan tormentas de gran intensidad.<\/p>\n\n\n\n<div style=\"height:21px\" aria-hidden=\"true\" class=\"wp-block-spacer\"><\/div>\n\n\n\n<p class=\"has-medium-font-size\"><strong>\u00bfPor qu\u00e9 es clave para los peque\u00f1os productores?<\/strong><\/p>\n\n\n\n<p>El jefe comunal subray\u00f3 que en el sur provincial hay muchos&nbsp;<strong>peque\u00f1os productores<\/strong>, con explotaciones de alrededor de&nbsp;<strong>cinco hect\u00e1reas<\/strong>, que no est\u00e1n formalizados y no pueden acceder a seguros agr\u00edcolas. <em>\u201cEsta gente est\u00e1 cubierta con este sistema\u201d<\/em>, afirm\u00f3, y advirti\u00f3 que sin la lucha antigranizo quedar\u00edan totalmente desprotegidos ante una tormenta severa.<\/p>\n\n\n\n<div style=\"height:22px\" aria-hidden=\"true\" class=\"wp-block-spacer\"><\/div>\n\n\n\n<p class=\"has-medium-font-size\"><strong>\u00bfSan Rafael continuar\u00e1 con la lucha antigranizo?<\/strong><\/p>\n\n\n\n<p>La intenci\u00f3n del municipio es <strong>continuar<\/strong>, aunque F\u00e9lix aclar\u00f3 que hay factores que no dependen del departamento, como la <strong>disponibilidad de los aviones<\/strong>, que pertenecen a la Provincia, y el financiamiento del sistema, que incluye la <strong>coheter\u00eda.<\/strong> No obstante, remarc\u00f3 que el costo del programa es menor que el impacto econ\u00f3mico y social de sostener a productores que pierden toda su cosecha.<\/p>\n\n\n\n<div style=\"height:22px\" aria-hidden=\"true\" class=\"wp-block-spacer\"><\/div>\n\n\n\n<p class=\"has-medium-font-size\"><strong>\u00bfQu\u00e9 postura tiene el Gobierno provincial sobre el sistema?<\/strong><\/p>\n\n\n\n<p>Seg\u00fan explic\u00f3 el intendente, el Gobierno provincial considera que la lucha antigranizo no funciona y no est\u00e1 dispuesto a revisar esa postura, ni siquiera en un \u00e1mbito cient\u00edfico. F\u00e9lix asegur\u00f3 que desde el sur provincial se plante\u00f3 el debate en varias oportunidades, pero que no hubo apertura al di\u00e1logo.<\/p>\n\n\n\n<div style=\"height:26px\" aria-hidden=\"true\" class=\"wp-block-spacer\"><\/div>\n\n\n\n<p class=\"has-medium-font-size\"><strong>\u00bfPor qu\u00e9 el granizo es un problema estructural en el sur mendocino?<\/strong><\/p>\n\n\n\n<p>F\u00e9lix se\u00f1al\u00f3 que la zona sur tiene ventajas comparativas como la disponibilidad de agua y tierra, pero que el granizo es una de sus principales dificultades. En ese contexto, afirm\u00f3 que la lucha antigranizo es una herramienta clave para mitigar ese riesgo y sostener la actividad productiva.<\/p>\n\n\n\n<div style=\"height:29px\" aria-hidden=\"true\" class=\"wp-block-spacer\"><\/div>\n\n\n\n<p><em><strong>Fuente: noticiasmendoza.com.ar<\/strong><\/em><\/p>\n\n\n\n<div style=\"height:26px\" aria-hidden=\"true\" class=\"wp-block-spacer\"><\/div>\n","protected":false},"excerpt":{"rendered":"<p>El jefe comunal del departamento sure\u00f1o de Mendoza, donde el granizo suele caer con fuerza&hellip;<\/p>\n","protected":false},"author":2,"featured_media":172328,"comment_status":"closed","ping_status":"open","sticky":false,"template":"","format":"standard","meta":{"footnotes":""},"categories":[5],"tags":[],"class_list":["post-172317","post","type-post","status-publish","format-standard","has-post-thumbnail","hentry","category-fincas"],"_links":{"self":[{"href":"https:\/\/enolife.com.ar\/es\/wp-json\/wp\/v2\/posts\/172317","targetHints":{"allow":["GET"]}}],"collection":[{"href":"https:\/\/enolife.com.ar\/es\/wp-json\/wp\/v2\/posts"}],"about":[{"href":"https:\/\/enolife.com.ar\/es\/wp-json\/wp\/v2\/types\/post"}],"author":[{"embeddable":true,"href":"https:\/\/enolife.com.ar\/es\/wp-json\/wp\/v2\/users\/2"}],"replies":[{"embeddable":true,"href":"https:\/\/enolife.com.ar\/es\/wp-json\/wp\/v2\/comments?post=172317"}],"version-history":[{"count":0,"href":"https:\/\/enolife.com.ar\/es\/wp-json\/wp\/v2\/posts\/172317\/revisions"}],"wp:featuredmedia":[{"embeddable":true,"href":"https:\/\/enolife.com.ar\/es\/wp-json\/wp\/v2\/media\/172328"}],"wp:attachment":[{"href":"https:\/\/enolife.com.ar\/es\/wp-json\/wp\/v2\/media?parent=172317"}],"wp:term":[{"taxonomy":"category","embeddable":true,"href":"https:\/\/enolife.com.ar\/es\/wp-json\/wp\/v2\/categories?post=172317"},{"taxonomy":"post_tag","embeddable":true,"href":"https:\/\/enolife.com.ar\/es\/wp-json\/wp\/v2\/tags?post=172317"}],"curies":[{"name":"wp","href":"https:\/\/api.w.org\/{rel}","templated":true}]}}