{"id":172285,"date":"2026-01-14T21:39:16","date_gmt":"2026-01-14T21:39:16","guid":{"rendered":"https:\/\/enolife.com.ar\/es\/?p=172285"},"modified":"2026-01-20T14:16:27","modified_gmt":"2026-01-20T14:16:27","slug":"francia-pagara-e4-000-por-ha-de-vina-arrancada-para-ajustar-la-produccion-de-vino-a-la-demanda-real","status":"publish","type":"post","link":"https:\/\/enolife.com.ar\/es\/francia-pagara-e4-000-por-ha-de-vina-arrancada-para-ajustar-la-produccion-de-vino-a-la-demanda-real\/","title":{"rendered":"Francia pagar\u00e1 \u20ac4.000 por ha de vi\u00f1a arrancada, para ajustar la producci\u00f3n de vino a la demanda real"},"content":{"rendered":"\n<h4 class=\"wp-block-heading\"><em><strong>La ministra de Agricultura del pa\u00eds galo, Annie Genevard, anunci\u00f3 un paquete de medidas por 300 millones de euros para financiar la erradicaci\u00f3n de hasta 32.500 hect\u00e1reas de vi\u00f1edos, reducir las cargas sociales a los productores que se sumen al plan y destilar los excedentes v\u00ednicos para otras industrias. El proceso de arranque comenzar\u00e1 hoy mi\u00e9rcoles 14\/1\/26.<\/strong><\/em><\/h4>\n\n\n\n<div style=\"height:33px\" aria-hidden=\"true\" class=\"wp-block-spacer\"><\/div>\n\n\n<a href=\"https:\/\/fermentis.com\/es\/\" aria-label=\"FERMENTIS 1700X500\"><img loading=\"lazy\" decoding=\"async\" src=\"https:\/\/enolife.com.ar\/es\/wp-content\/uploads\/2025\/05\/FERMENTIS-1700X500.gif\" alt=\"\"  width=\"1700\" height=\"500\"   \/><\/a>\n\n\n<div style=\"height:44px\" aria-hidden=\"true\" class=\"wp-block-spacer\"><\/div>\n\n\n\n<p>El Gobierno franc\u00e9s anunci\u00f3 el pasado 9 de enero de 2026 un paquete de medidas por valor de <strong>300 millones de euros<\/strong> para apoyar al sector agr\u00edcola, con especial atenci\u00f3n a la viticultura. <\/p>\n\n\n\n<p>La ministra de Agricultura, <strong>Annie Genevard<\/strong>, present\u00f3 en Par\u00eds los detalles del plan de salida de la crisis vitivin\u00edcola, que incluye cuatro l\u00edneas principales: un nuevo sistema de <strong>arranque definitivo de vi\u00f1edos<\/strong> para ajustar la producci\u00f3n a la demanda real del mercado; la <strong>extensi\u00f3n y flexibilizaci\u00f3n de los pr\u00e9stamos <\/strong>a productores que se sumen al plan; una <strong>reducci\u00f3n de las cargas sociales<\/strong> por valor de 15 millones de euros para los a\u00f1os 2025 y 2026; y la solicitud a la Uni\u00f3n Europea (UE) para financiar una <strong>destilaci\u00f3n extraordinaria de excedentes.<\/strong><\/p>\n\n\n\n<p>La ministra explic\u00f3 que esperaba una respuesta inminente del comisario europeo de Agricultura, <strong>Christophe Hansen<\/strong>, sobre la petici\u00f3n francesa para utilizar <strong>80 millones de euros<\/strong> del fondo europeo de crisis agr\u00edcola en la operaci\u00f3n de destilaci\u00f3n. Esta medida busca aliviar el exceso de existencias que afecta a los productores franceses.<\/p>\n\n\n\n<div style=\"height:27px\" aria-hidden=\"true\" class=\"wp-block-spacer\"><\/div>\n\n\n<div class=\"wp-block-image\">\n<figure class=\"aligncenter is-resized\"><img decoding=\"async\" src=\"https:\/\/www.vinetur.com\/imagenes\/2026\/january\/13\/minister.jpg\" alt=\"\" style=\"width:678px;height:auto\"\/><figcaption class=\"wp-element-caption\"><em><strong>La ministra francesa de Agricultura, Annie Genevard.<\/strong><\/em><\/figcaption><\/figure><\/div>\n\n\n<div style=\"height:39px\" aria-hidden=\"true\" class=\"wp-block-spacer\"><\/div>\n\n\n\n<p>En cuanto al arranque definitivo, se estableci\u00f3 que el proceso se pone en marcha hoy mi\u00e9rcoles 14\/1\/26 en el consejo especializado del vino de <strong>FranceAgriMer<\/strong>. El presupuesto previsto es de <strong>130 millones de euros<\/strong> y se estima que permitir\u00e1 arrancar hasta <strong>32.500 hect\u00e1reas,<\/strong> con una prima fijada en <strong>4.000 euros por hect\u00e1rea<\/strong>. Seg\u00fan datos recientes, cerca de <strong>35.000 hect\u00e1reas podr\u00edan acogerse a esta medida.<\/strong><\/p>\n\n\n\n<p>Para gestionar posibles excesos en las solicitudes, los representantes del sector proponen dar <strong>prioridad a los viticultores que abandonen completamente la actividad y arranquen todas sus parcelas.<\/strong> En segundo lugar, se priorizar\u00edan las <strong>vi\u00f1as plantadas hace m\u00e1s de diez a\u00f1os.<\/strong> Las decisiones que se adopten hoy mi\u00e9rcoles 14 de enero podr\u00edan aportar claridad a un sector que lleva meses esperando soluciones concretas, especialmente ante la necesidad de planificar trabajos agr\u00edcolas y tratamientos para la cosecha de 2026.<\/p>\n\n\n\n<p>La <strong>Federaci\u00f3n Nacional de Sindicatos de Explotadores Agr\u00edcolas (Fnsea)<\/strong> ha valorado positivamente las respuestas ofrecidas por el Gobierno tras la conferencia ministerial, se\u00f1alando avances en el apoyo tanto a los grandes cultivos como a la viticultura.<\/p>\n\n\n\n<div style=\"height:26px\" aria-hidden=\"true\" class=\"wp-block-spacer\"><\/div>\n\n\n<div class=\"wp-block-image\">\n<figure class=\"aligncenter size-large is-resized\"><a href=\"https:\/\/enolife.com.ar\/es\/wp-content\/uploads\/2026\/01\/Protesta-francesa.jpg\" data-rel=\"penci-gallery-image-content\" ><img loading=\"lazy\" decoding=\"async\" width=\"1024\" height=\"768\" src=\"https:\/\/enolife.com.ar\/es\/wp-content\/uploads\/2026\/01\/Protesta-francesa-1024x768.jpg\" alt=\"\" class=\"wp-image-172296\" style=\"width:692px;height:auto\" srcset=\"https:\/\/enolife.com.ar\/es\/wp-content\/uploads\/2026\/01\/Protesta-francesa-1024x768.jpg 1024w, https:\/\/enolife.com.ar\/es\/wp-content\/uploads\/2026\/01\/Protesta-francesa-300x225.jpg 300w, https:\/\/enolife.com.ar\/es\/wp-content\/uploads\/2026\/01\/Protesta-francesa-768x576.jpg 768w, https:\/\/enolife.com.ar\/es\/wp-content\/uploads\/2026\/01\/Protesta-francesa-1536x1152.jpg 1536w, https:\/\/enolife.com.ar\/es\/wp-content\/uploads\/2026\/01\/Protesta-francesa-1170x878.jpg 1170w, https:\/\/enolife.com.ar\/es\/wp-content\/uploads\/2026\/01\/Protesta-francesa-585x439.jpg 585w, https:\/\/enolife.com.ar\/es\/wp-content\/uploads\/2026\/01\/Protesta-francesa.jpg 2000w\" sizes=\"auto, (max-width: 1024px) 100vw, 1024px\" \/><\/a><figcaption class=\"wp-element-caption\"><em><strong>Las protestas de los agricultores en el centro de Par\u00eds, pidiendo ayuda al gobierno para enfrentar la crisis del sector.<\/strong><\/em><\/figcaption><\/figure><\/div>\n\n\n<div style=\"height:33px\" aria-hidden=\"true\" class=\"wp-block-spacer\"><\/div>\n\n\n\n<p>Sin embargo, la aplicaci\u00f3n efectiva del plan depende todav\u00eda de dos factores clave: primero, que la normativa europea vuelva a autorizar el arranque definitivo, lo cual requiere la publicaci\u00f3n del llamado <strong>\u00abpaquete vino\u00bb<\/strong>, prevista para marzo; y segundo, que se apruebe el proyecto de ley presupuestaria para 2026, asegurando as\u00ed los fondos necesarios.<\/p>\n\n\n\n<p>Sobre este \u00faltimo punto pesa la incertidumbre pol\u00edtica. <strong>Am\u00e9lie de Montchalin<\/strong>, ministra encargada de Acci\u00f3n y Cuentas P\u00fablicas, record\u00f3 durante la misma conferencia que el futuro del plan depende directamente del resultado parlamentario previsto para este mi\u00e9rcoles 14 de enero. Hoy se votaron dos mociones de censura contra el Gobierno en la Asamblea Nacional, cuyo resultado a\u00fan no se conoci\u00f3. Si prosperaron y cae el Ejecutivo, no se podr\u00e1 garantizar ni activar gran parte del paquete anunciado.<\/p>\n\n\n\n<p>De Montchalin subray\u00f3 que muchos diputados preguntan cada semana cu\u00e1ndo estar\u00e1n disponibles los fondos comprometidos para el arranque vit\u00edcola. Advirit\u00f3 que si se censura al Gobierno se enviar\u00e1 un mensaje claro a los viticultores: se estar\u00eda bloqueando o retrasando la puesta en marcha urgente del plan.<\/p>\n\n\n\n<p>El debate sobre el apoyo al sector vitivin\u00edcola franc\u00e9s adquiere as\u00ed un peso pol\u00edtico importante en estos d\u00edas. La urgencia expresada por los representantes del sector y las autoridades refleja la presi\u00f3n existente para encontrar soluciones r\u00e1pidas ante una crisis prolongada.<\/p>\n\n\n\n<div style=\"height:31px\" aria-hidden=\"true\" class=\"wp-block-spacer\"><\/div>\n\n\n\n<p class=\"has-small-font-size\"><em><strong>Fuente: Vinetur<\/strong><\/em><\/p>\n\n\n\n<div style=\"height:29px\" aria-hidden=\"true\" class=\"wp-block-spacer\"><\/div>\n","protected":false},"excerpt":{"rendered":"<p>La ministra de Agricultura del pa\u00eds galo, Annie Genevard, anunci\u00f3 un paquete de medidas por&hellip;<\/p>\n","protected":false},"author":2,"featured_media":172291,"comment_status":"closed","ping_status":"open","sticky":false,"template":"","format":"standard","meta":{"footnotes":""},"categories":[9],"tags":[],"class_list":["post-172285","post","type-post","status-publish","format-standard","has-post-thumbnail","hentry","category-negocios"],"_links":{"self":[{"href":"https:\/\/enolife.com.ar\/es\/wp-json\/wp\/v2\/posts\/172285","targetHints":{"allow":["GET"]}}],"collection":[{"href":"https:\/\/enolife.com.ar\/es\/wp-json\/wp\/v2\/posts"}],"about":[{"href":"https:\/\/enolife.com.ar\/es\/wp-json\/wp\/v2\/types\/post"}],"author":[{"embeddable":true,"href":"https:\/\/enolife.com.ar\/es\/wp-json\/wp\/v2\/users\/2"}],"replies":[{"embeddable":true,"href":"https:\/\/enolife.com.ar\/es\/wp-json\/wp\/v2\/comments?post=172285"}],"version-history":[{"count":0,"href":"https:\/\/enolife.com.ar\/es\/wp-json\/wp\/v2\/posts\/172285\/revisions"}],"wp:featuredmedia":[{"embeddable":true,"href":"https:\/\/enolife.com.ar\/es\/wp-json\/wp\/v2\/media\/172291"}],"wp:attachment":[{"href":"https:\/\/enolife.com.ar\/es\/wp-json\/wp\/v2\/media?parent=172285"}],"wp:term":[{"taxonomy":"category","embeddable":true,"href":"https:\/\/enolife.com.ar\/es\/wp-json\/wp\/v2\/categories?post=172285"},{"taxonomy":"post_tag","embeddable":true,"href":"https:\/\/enolife.com.ar\/es\/wp-json\/wp\/v2\/tags?post=172285"}],"curies":[{"name":"wp","href":"https:\/\/api.w.org\/{rel}","templated":true}]}}