{"id":172124,"date":"2026-01-10T15:22:47","date_gmt":"2026-01-10T15:22:47","guid":{"rendered":"https:\/\/enolife.com.ar\/es\/?p=172124"},"modified":"2026-01-13T17:14:41","modified_gmt":"2026-01-13T17:14:41","slug":"fiestas-de-la-vendimia-conoce-el-calendario-completo-de-actividades-hasta-el-wine-rock-del-28-3","status":"publish","type":"post","link":"https:\/\/enolife.com.ar\/es\/fiestas-de-la-vendimia-conoce-el-calendario-completo-de-actividades-hasta-el-wine-rock-del-28-3\/","title":{"rendered":"Fiestas de la Vendimia: conoc\u00e9 el calendario completo de actividades hasta el Wine Rock del 28\/3"},"content":{"rendered":"\n<h4 class=\"wp-block-heading\"><em><strong>Con la fiesta departamental y la elecci\u00f3n de la reina de Guaymall\u00e9n, el pasado 19\/12\/25, arranc\u00f3 el calendario de festivales, recitales, actos culturales, ferias y exposiciones que celebran el trabajo mendocino en la cosecha de uva y la elaboraci\u00f3n del vino. Ya se realizaron otras 3 fiestas departamentales, pero quedan otras 14, adem\u00e1s de decenas de espect\u00e1culos que mendocinos y turistas pueden disfrutar en los pr\u00f3ximos dos meses y medio, con epicentro en la Fiesta Nacional de la Vendimia el s\u00e1bado 7 de marzo en el Anfiteatro Frank Romero Day. Ac\u00e1 publicamos la lista completa.<\/strong><\/em><\/h4>\n\n\n\n<div style=\"height:36px\" aria-hidden=\"true\" class=\"wp-block-spacer\"><\/div>\n\n\n<a href=\"http:\/\/www.quiminsa.com.ar\/\" aria-label=\"banner quiminsa b 1700&#215;500\"><img loading=\"lazy\" decoding=\"async\" src=\"https:\/\/enolife.com.ar\/es\/wp-content\/uploads\/2022\/04\/banner-quiminsa-b-1700x500-1.jpg\" alt=\"\"  srcset=\"https:\/\/enolife.com.ar\/es\/wp-content\/uploads\/2022\/04\/banner-quiminsa-b-1700x500-1.jpg 1700w, https:\/\/enolife.com.ar\/es\/wp-content\/uploads\/2022\/04\/banner-quiminsa-b-1700x500-1-300x88.jpg 300w, https:\/\/enolife.com.ar\/es\/wp-content\/uploads\/2022\/04\/banner-quiminsa-b-1700x500-1-1024x301.jpg 1024w, https:\/\/enolife.com.ar\/es\/wp-content\/uploads\/2022\/04\/banner-quiminsa-b-1700x500-1-768x226.jpg 768w, https:\/\/enolife.com.ar\/es\/wp-content\/uploads\/2022\/04\/banner-quiminsa-b-1700x500-1-1536x452.jpg 1536w, https:\/\/enolife.com.ar\/es\/wp-content\/uploads\/2022\/04\/banner-quiminsa-b-1700x500-1-1170x344.jpg 1170w, https:\/\/enolife.com.ar\/es\/wp-content\/uploads\/2022\/04\/banner-quiminsa-b-1700x500-1-585x172.jpg 585w\" sizes=\"auto, (max-width: 1700px) 100vw, 1700px\" width=\"1700\" height=\"500\"   \/><\/a>\n\n\n<div style=\"height:40px\" aria-hidden=\"true\" class=\"wp-block-spacer\"><\/div>\n\n\n\n<p class=\"has-medium-font-size\"><strong>Calendario vendimial 2026 del 17 de enero al 28 de marzo<\/strong><\/p>\n\n\n\n<div style=\"height:22px\" aria-hidden=\"true\" class=\"wp-block-spacer\"><\/div>\n\n\n\n<ul class=\"wp-block-list\">\n<li>S\u00e1bado 17 de enero: Vendimia de Jun\u00edn<\/li>\n\n\n\n<li>S\u00e1bado 24 de enero: Vendimia de San Rafael<\/li>\n\n\n\n<li>Jueves 29 de enero: Vendimia de Rivadavia<\/li>\n\n\n\n<li>Viernes 30 de enero: Vendimia de Las Heras<\/li>\n\n\n\n<li>Viernes 30 de enero: Vendimia de Tunuy\u00e1n<\/li>\n\n\n\n<li>S\u00e1bado 31 de enero: Vendimia de General Alvear<\/li>\n\n\n\n<li>S\u00e1bado 31 de enero: Vendimia de Maip\u00fa<\/li>\n\n\n\n<li>Mi\u00e9rcoles 4 de febrero: Emprendoteca de Industrias Creativas<\/li>\n\n\n\n<li>Jueves 5 de febrero: Vendimia de La Paz<\/li>\n<\/ul>\n\n\n\n<div style=\"height:17px\" aria-hidden=\"true\" class=\"wp-block-spacer\"><\/div>\n\n\n<div class=\"wp-block-image\">\n<figure class=\"aligncenter size-full is-resized\"><a href=\"https:\/\/enolife.com.ar\/es\/wp-content\/uploads\/2026\/01\/Vendimia-Capital.jpg\" data-rel=\"penci-gallery-image-content\" ><img loading=\"lazy\" decoding=\"async\" width=\"1024\" height=\"440\" src=\"https:\/\/enolife.com.ar\/es\/wp-content\/uploads\/2026\/01\/Vendimia-Capital.jpg\" alt=\"\" class=\"wp-image-172136\" style=\"width:736px;height:auto\" srcset=\"https:\/\/enolife.com.ar\/es\/wp-content\/uploads\/2026\/01\/Vendimia-Capital.jpg 1024w, https:\/\/enolife.com.ar\/es\/wp-content\/uploads\/2026\/01\/Vendimia-Capital-300x129.jpg 300w, https:\/\/enolife.com.ar\/es\/wp-content\/uploads\/2026\/01\/Vendimia-Capital-768x330.jpg 768w, https:\/\/enolife.com.ar\/es\/wp-content\/uploads\/2026\/01\/Vendimia-Capital-585x251.jpg 585w\" sizes=\"auto, (max-width: 1024px) 100vw, 1024px\" \/><\/a><figcaption class=\"wp-element-caption\"><em><strong>La Fiesta de la Vendimia de Capital en la Plaza Independencia, que este a\u00f1o ser\u00e1 el 6 de febrero.<\/strong><\/em><\/figcaption><\/figure><\/div>\n\n\n<div style=\"height:33px\" aria-hidden=\"true\" class=\"wp-block-spacer\"><\/div>\n\n\n\n<ul class=\"wp-block-list\">\n<li>Viernes 6 de febrero: Vendimia de Ciudad de Mendoza<\/li>\n\n\n\n<li>S\u00e1bado 7 de febrero: Vendimia de Tupungato<\/li>\n\n\n\n<li>Mi\u00e9rcoles 11 de febrero: Emprendoteca de Industrias Creativas<\/li>\n\n\n\n<li>Viernes 13 de febrero: Vendimia de Santa Rosa<\/li>\n\n\n\n<li>S\u00e1bado 14 de febrero: Vendimia de Godoy Cruz<\/li>\n\n\n\n<li>Lunes 16 de febrero: Carnaval Provincial en General Alvear<\/li>\n\n\n\n<li>Lunes 16 de febrero: Carnaval en el Le Parc<\/li>\n\n\n\n<li>Martes 17 de febrero: Carnaval en el Le Parc<\/li>\n\n\n\n<li>Mi\u00e9rcoles 18 de febrero: Emprendoteca de Industrias Creativas<\/li>\n\n\n\n<li>Viernes 20 de febrero: Cuyanazo<\/li>\n\n\n\n<li>S\u00e1bado 21 de febrero: Vendimia de Lavalle<\/li>\n<\/ul>\n\n\n\n<div style=\"height:24px\" aria-hidden=\"true\" class=\"wp-block-spacer\"><\/div>\n\n\n<div class=\"wp-block-image\">\n<figure class=\"aligncenter size-large is-resized\"><a href=\"https:\/\/enolife.com.ar\/es\/wp-content\/uploads\/2025\/12\/fiesta-vendimia-mendoza-2026-banner-001.jpg\" data-rel=\"penci-gallery-image-content\" ><img loading=\"lazy\" decoding=\"async\" width=\"1024\" height=\"536\" src=\"https:\/\/enolife.com.ar\/es\/wp-content\/uploads\/2025\/12\/fiesta-vendimia-mendoza-2026-banner-001-1024x536.jpg\" alt=\"\" class=\"wp-image-171018\" style=\"width:696px;height:auto\" srcset=\"https:\/\/enolife.com.ar\/es\/wp-content\/uploads\/2025\/12\/fiesta-vendimia-mendoza-2026-banner-001-1024x536.jpg 1024w, https:\/\/enolife.com.ar\/es\/wp-content\/uploads\/2025\/12\/fiesta-vendimia-mendoza-2026-banner-001-300x157.jpg 300w, https:\/\/enolife.com.ar\/es\/wp-content\/uploads\/2025\/12\/fiesta-vendimia-mendoza-2026-banner-001-768x402.jpg 768w, https:\/\/enolife.com.ar\/es\/wp-content\/uploads\/2025\/12\/fiesta-vendimia-mendoza-2026-banner-001-1170x612.jpg 1170w, https:\/\/enolife.com.ar\/es\/wp-content\/uploads\/2025\/12\/fiesta-vendimia-mendoza-2026-banner-001-585x306.jpg 585w, https:\/\/enolife.com.ar\/es\/wp-content\/uploads\/2025\/12\/fiesta-vendimia-mendoza-2026-banner-001.jpg 1200w\" sizes=\"auto, (max-width: 1024px) 100vw, 1024px\" \/><\/a><figcaption class=\"wp-element-caption\"><em><strong>La imagen de difusi\u00f3n de la Fiesta 2026, que este a\u00f1o cumple 90 a\u00f1os en escena.<\/strong><\/em><\/figcaption><\/figure><\/div>\n\n\n<div style=\"height:28px\" aria-hidden=\"true\" class=\"wp-block-spacer\"><\/div>\n\n\n\n<ul class=\"wp-block-list\">\n<li>S\u00e1bado 21 de febrero: Mercado cultural en el Le Parc<\/li>\n\n\n\n<li>Domingo 22 de febrero: Mercado Cultural en el Le Parc<\/li>\n\n\n\n<li>Lunes 23 de febrero: Paseo Federal en Lavalle<\/li>\n\n\n\n<li>Martes 24 de febrero: Paseo Federal en Lavalle<\/li>\n\n\n\n<li>Mi\u00e9rcoles 25 de febrero: Paseo Federal en Lavalle<\/li>\n\n\n\n<li>Jueves 26 de febrero: ensayo general de Bendici\u00f3n de los Frutos<\/li>\n\n\n\n<li>Viernes 27 de febrero: entrada al hotel de las Reinas departamentales<\/li>\n\n\n\n<li>Viernes 27 de febrero: Bendici\u00f3n de los Frutos<\/li>\n\n\n\n<li>S\u00e1bado 28 de febrero: Dionisias Wine Fair<\/li>\n\n\n\n<li>Martes 3 de marzo: Brindis de las Reinas en General San Mart\u00edn<\/li>\n<\/ul>\n\n\n\n<div style=\"height:27px\" aria-hidden=\"true\" class=\"wp-block-spacer\"><\/div>\n\n\n<div class=\"wp-block-image\">\n<figure class=\"aligncenter size-large is-resized\"><a href=\"https:\/\/enolife.com.ar\/es\/wp-content\/uploads\/2024\/02\/fiesta-cosecha-portada.jpg\" data-rel=\"penci-gallery-image-content\" ><img loading=\"lazy\" decoding=\"async\" width=\"1024\" height=\"440\" src=\"https:\/\/enolife.com.ar\/es\/wp-content\/uploads\/2024\/02\/fiesta-cosecha-portada-1024x440.jpg\" alt=\"\" class=\"wp-image-110578\" style=\"width:738px;height:auto\" srcset=\"https:\/\/enolife.com.ar\/es\/wp-content\/uploads\/2024\/02\/fiesta-cosecha-portada-1024x440.jpg 1024w, https:\/\/enolife.com.ar\/es\/wp-content\/uploads\/2024\/02\/fiesta-cosecha-portada-300x129.jpg 300w, https:\/\/enolife.com.ar\/es\/wp-content\/uploads\/2024\/02\/fiesta-cosecha-portada-768x330.jpg 768w, https:\/\/enolife.com.ar\/es\/wp-content\/uploads\/2024\/02\/fiesta-cosecha-portada-1170x503.jpg 1170w, https:\/\/enolife.com.ar\/es\/wp-content\/uploads\/2024\/02\/fiesta-cosecha-portada-585x251.jpg 585w, https:\/\/enolife.com.ar\/es\/wp-content\/uploads\/2024\/02\/fiesta-cosecha-portada.jpg 1280w\" sizes=\"auto, (max-width: 1024px) 100vw, 1024px\" \/><\/a><figcaption class=\"wp-element-caption\"><em><strong>La Fiesta de la Cosecha en el Aeropuerto de Mendoza ser\u00e1 el 4 de marzo.<\/strong><\/em><\/figcaption><\/figure><\/div>\n\n\n<div style=\"height:29px\" aria-hidden=\"true\" class=\"wp-block-spacer\"><\/div>\n\n\n\n<ul class=\"wp-block-list\">\n<li>Mi\u00e9rcoles 4 de marzo: Fiesta de la Cosecha en el Aeropuerto<\/li>\n\n\n\n<li>Jueves 5 de marzo: Homenaje a los vi\u00f1ateros en el Teatro Griego<\/li>\n\n\n\n<li>Viernes 6 de marzo: Desayuno real<\/li>\n\n\n\n<li>Viernes 6 de marzo: V\u00eda Blanca de las Reinas<\/li>\n<\/ul>\n\n\n\n<div style=\"height:20px\" aria-hidden=\"true\" class=\"wp-block-spacer\"><\/div>\n\n\n<div class=\"wp-block-image\">\n<figure class=\"aligncenter size-large is-resized\"><a href=\"https:\/\/enolife.com.ar\/es\/wp-content\/uploads\/2022\/03\/1.-Carrusel-vendimial.jpg\" data-rel=\"penci-gallery-image-content\" ><img loading=\"lazy\" decoding=\"async\" width=\"1024\" height=\"440\" src=\"https:\/\/enolife.com.ar\/es\/wp-content\/uploads\/2022\/03\/1.-Carrusel-vendimial-1024x440.jpg\" alt=\"\" class=\"wp-image-55468\" style=\"width:736px;height:auto\" srcset=\"https:\/\/enolife.com.ar\/es\/wp-content\/uploads\/2022\/03\/1.-Carrusel-vendimial-1024x440.jpg 1024w, https:\/\/enolife.com.ar\/es\/wp-content\/uploads\/2022\/03\/1.-Carrusel-vendimial-300x129.jpg 300w, https:\/\/enolife.com.ar\/es\/wp-content\/uploads\/2022\/03\/1.-Carrusel-vendimial-768x330.jpg 768w, https:\/\/enolife.com.ar\/es\/wp-content\/uploads\/2022\/03\/1.-Carrusel-vendimial-1170x503.jpg 1170w, https:\/\/enolife.com.ar\/es\/wp-content\/uploads\/2022\/03\/1.-Carrusel-vendimial-585x251.jpg 585w, https:\/\/enolife.com.ar\/es\/wp-content\/uploads\/2022\/03\/1.-Carrusel-vendimial.jpg 1280w\" sizes=\"auto, (max-width: 1024px) 100vw, 1024px\" \/><\/a><figcaption class=\"wp-element-caption\"><em><strong>El Carrusel con el desfile de las reinas que recorre el centro de Mendoza desde los Portones del Parque. Este a\u00f1o ser\u00e1 el 7 de marzo, en la previa del Acto Central.<\/strong><\/em><\/figcaption><\/figure><\/div>\n\n\n<div style=\"height:23px\" aria-hidden=\"true\" class=\"wp-block-spacer\"><\/div>\n\n\n\n<ul class=\"wp-block-list\">\n<li>S\u00e1bado 7 de marzo: Carrusel<\/li>\n\n\n\n<li>S\u00e1bado 7 de marzo: Acto central<\/li>\n\n\n\n<li>Domingo 8 de marzo: repetici\u00f3n Acto Central<\/li>\n\n\n\n<li>Martes 17 de marzo: inauguraci\u00f3n de la muestra de Bio Futuro por los 90 a\u00f1os en el ECA<\/li>\n\n\n\n<li>S\u00e1bado 21 de marzo: Fiesta provincial del Canto y la Melesca en Jun\u00edn<\/li>\n\n\n\n<li>S\u00e1bado 28 de marzo: Wine rock<\/li>\n<\/ul>\n\n\n\n<div style=\"height:26px\" aria-hidden=\"true\" class=\"wp-block-spacer\"><\/div>\n\n\n\n<p class=\"has-medium-font-size\"><strong>El sitio web oficial de Vendimia<\/strong><\/p>\n\n\n\n<p>En el marco de las acciones por los<strong> 90 a\u00f1os de la Fiesta Nacional de la Vendimia<\/strong>, la Subsecretar\u00eda de Cultura de Mendoza puso online el nuevo sitio web<em> <\/em>oficial de Vendimia, un espacio digital que re\u00fane, por primera vez, informaci\u00f3n hist\u00f3rica, contenidos exclusivos y las novedades de esta edici\u00f3n tan especial.<\/p>\n\n\n\n<p>El sitio propone un recorrido por la fiesta de este a\u00f1o, bautizada <strong>\u00ab90 cosechas de una misma cepa\u00bb,<\/strong><em> <\/em>el concepto que gu\u00eda la identidad de esta Vendimia aniversario, e incluye el sistema gr\u00e1fico, entrevistas a quienes estar\u00e1n a cargo de la organizaci\u00f3n y direcci\u00f3n de la celebraci\u00f3n, as\u00ed como un repaso por los hitos que han marcado la fiesta m\u00e1s representativa de los mendocinos a lo largo de nueve d\u00e9cadas.<\/p>\n\n\n\n<p>Adem\u00e1s, la<em> <\/em>web<em> <\/em>se convierte en una herramienta clave para el p\u00fablico local y los turistas, ya que permite consultar de manera \u00e1gil el calendario actualizado con las fechas de festivales, Vendimias departamentales y actos oficiales. Tambi\u00e9n ofrece secciones dedicadas a la historia de las reinas, noticias, archivos, entrevistas y una amplia variedad de contenidos que profundizan en la construcci\u00f3n cultural de la fiesta.<\/p>\n\n\n\n<div style=\"height:23px\" aria-hidden=\"true\" class=\"wp-block-spacer\"><\/div>\n\n\n\n<h3 class=\"wp-block-heading has-background\" style=\"background-color:#d9bac2\">Para conocer m\u00e1s sobre los 90 a\u00f1os de la Fiesta Nacional de la Vendimia, pod\u00e9s ingresar en&nbsp;<a href=\"http:\/\/www.mendoza.gob.ar\/vendimia\" target=\"_blank\" rel=\"noreferrer noopener\">www.mendoza.gob.ar\/vendimia<\/a><\/h3>\n\n\n\n<div style=\"height:26px\" aria-hidden=\"true\" class=\"wp-block-spacer\"><\/div>\n","protected":false},"excerpt":{"rendered":"<p>Con la fiesta departamental y la elecci\u00f3n de la reina de Guaymall\u00e9n, el pasado 19\/12\/25,&hellip;<\/p>\n","protected":false},"author":2,"featured_media":172133,"comment_status":"closed","ping_status":"open","sticky":false,"template":"","format":"standard","meta":{"footnotes":""},"categories":[47],"tags":[],"class_list":["post-172124","post","type-post","status-publish","format-standard","has-post-thumbnail","hentry","category-agenda"],"_links":{"self":[{"href":"https:\/\/enolife.com.ar\/es\/wp-json\/wp\/v2\/posts\/172124","targetHints":{"allow":["GET"]}}],"collection":[{"href":"https:\/\/enolife.com.ar\/es\/wp-json\/wp\/v2\/posts"}],"about":[{"href":"https:\/\/enolife.com.ar\/es\/wp-json\/wp\/v2\/types\/post"}],"author":[{"embeddable":true,"href":"https:\/\/enolife.com.ar\/es\/wp-json\/wp\/v2\/users\/2"}],"replies":[{"embeddable":true,"href":"https:\/\/enolife.com.ar\/es\/wp-json\/wp\/v2\/comments?post=172124"}],"version-history":[{"count":0,"href":"https:\/\/enolife.com.ar\/es\/wp-json\/wp\/v2\/posts\/172124\/revisions"}],"wp:featuredmedia":[{"embeddable":true,"href":"https:\/\/enolife.com.ar\/es\/wp-json\/wp\/v2\/media\/172133"}],"wp:attachment":[{"href":"https:\/\/enolife.com.ar\/es\/wp-json\/wp\/v2\/media?parent=172124"}],"wp:term":[{"taxonomy":"category","embeddable":true,"href":"https:\/\/enolife.com.ar\/es\/wp-json\/wp\/v2\/categories?post=172124"},{"taxonomy":"post_tag","embeddable":true,"href":"https:\/\/enolife.com.ar\/es\/wp-json\/wp\/v2\/tags?post=172124"}],"curies":[{"name":"wp","href":"https:\/\/api.w.org\/{rel}","templated":true}]}}