{"id":172109,"date":"2026-01-10T14:12:23","date_gmt":"2026-01-10T14:12:23","guid":{"rendered":"https:\/\/enolife.com.ar\/es\/?p=172109"},"modified":"2026-01-12T15:27:16","modified_gmt":"2026-01-12T15:27:16","slug":"motorhomes-podran-acampar-en-bodegas-vinedos-y-parques-con-el-programa-mendoza-vanlife","status":"publish","type":"post","link":"https:\/\/enolife.com.ar\/es\/motorhomes-podran-acampar-en-bodegas-vinedos-y-parques-con-el-programa-mendoza-vanlife\/","title":{"rendered":"Motorhomes podr\u00e1n acampar en bodegas, vi\u00f1edos y parques con el programa Mendoza Vanlife"},"content":{"rendered":"\n<h4 class=\"wp-block-heading\"><em><strong>El Ente Mendoza Turismo (Emetur) lanz\u00f3 Mendoza VanLife, el primer programa integral de la provincia orientado al desarrollo del turismo en&nbsp;motorhomes,&nbsp;campers&nbsp;y veh\u00edculos recreativos. Los prestadores interesados en recibir las casas rodantes y brindar sus servicios a los viajeros pueden inscribirse en el sitio web de Turismo del Gobierno de Mendoza.<\/strong><\/em><\/h4>\n\n\n\n<div style=\"height:34px\" aria-hidden=\"true\" class=\"wp-block-spacer\"><\/div>\n\n\n<a href=\"https:\/\/instagram.com\/labelsolutions?igshid=YmMyMTA2M2Y=\" aria-label=\"Banner Palero 1700&#215;500\"><img loading=\"lazy\" decoding=\"async\" src=\"https:\/\/enolife.com.ar\/es\/wp-content\/uploads\/2021\/09\/Banner-Palero-1700x500-1.gif\" alt=\"\"  width=\"1700\" height=\"500\"   \/><\/a>\n\n\n<div style=\"height:44px\" aria-hidden=\"true\" class=\"wp-block-spacer\"><\/div>\n\n\n\n<p>El programa <strong>Mendoza VanLife<\/strong>, recientemente lanzado en <strong>Mendoza<\/strong>, busca posicionar a esta provincia como destino l\u00edder en <strong>Sudam\u00e9rica<\/strong> para los viajeros en&nbsp;<strong>motorhome&nbsp;(van o casas rodantes o trailers)<\/strong>, que demandan libertad, simplicidad y aventura, explorando lugares y viviendo de manera n\u00f3made. Con esta nueva iniciativa, <strong>Turismo <\/strong>de la provincia ofrece la diversidad paisaj\u00edstica de este territorio, su clima favorable, su conectividad y su creciente demanda internacional.<\/p>\n\n\n\n<p>Durante la presentaci\u00f3n, los funcionarios encargados del \u00e1rea que expusieron en la Enoteca explicaron que <strong>Mendoza VanLife<\/strong> no fue concebido s\u00f3lo como un nombre, sino como una marca que sintetiza una forma de viajar y de vivir la experiencia tur\u00edstica. La combinaci\u00f3n entre el concepto&nbsp;<strong><em>VanLife<\/em><\/strong>&nbsp;y el territorio mendocino da lugar a una identidad moderna, internacional y aut\u00e9ntica, asociada a la cordillera de los Andes, las rutas esc\u00e9nicas entre vi\u00f1edos y los paisajes naturales de la provincia.<\/p>\n\n\n\n<p>En el lanzamiento del programa estuvieron la presidenta del Emetur, <strong>Gabriela Testa<\/strong>; la vicepresidenta del Emetur, <strong>Cynthia Maggioni<\/strong>; el director de Desarrollo Tur\u00edstico e Innovaci\u00f3n, <strong>Marcelo Reynoso<\/strong>; y el director de Biodiversidad y Ecoparque,<strong> Ignacio Haudet<\/strong>.<\/p>\n\n\n\n<div style=\"height:35px\" aria-hidden=\"true\" class=\"wp-block-spacer\"><\/div>\n\n\n<div class=\"wp-block-image\">\n<figure class=\"aligncenter size-full is-resized\"><a href=\"https:\/\/enolife.com.ar\/es\/wp-content\/uploads\/2026\/01\/Motorhome1.jpg\" data-rel=\"penci-gallery-image-content\" ><img loading=\"lazy\" decoding=\"async\" width=\"612\" height=\"408\" src=\"https:\/\/enolife.com.ar\/es\/wp-content\/uploads\/2026\/01\/Motorhome1.jpg\" alt=\"\" class=\"wp-image-172116\" style=\"width:714px;height:auto\" srcset=\"https:\/\/enolife.com.ar\/es\/wp-content\/uploads\/2026\/01\/Motorhome1.jpg 612w, https:\/\/enolife.com.ar\/es\/wp-content\/uploads\/2026\/01\/Motorhome1-300x200.jpg 300w, https:\/\/enolife.com.ar\/es\/wp-content\/uploads\/2026\/01\/Motorhome1-585x390.jpg 585w\" sizes=\"auto, (max-width: 612px) 100vw, 612px\" \/><\/a><\/figure><\/div>\n\n\n<div style=\"height:28px\" aria-hidden=\"true\" class=\"wp-block-spacer\"><\/div>\n\n\n\n<p>Al respecto, Testa coment\u00f3 que <em>\u201cel turismo en&nbsp;motorhomes&nbsp;experiment\u00f3 un crecimiento sostenido a nivel global, especialmente luego de la pandemia, cuando los viajeros comenzaron a priorizar experiencias al aire libre, mayor autonom\u00eda y contacto directo con la naturaleza\u201d. <\/em>La funcionaria agreg\u00f3 que, en este contexto, <em>\u201cMendoza se presenta como un escenario ideal para consolidar este segmento, gracias a su amplia oferta de atractivos naturales, culturales y enotur\u00edsticos distribuidos en todo el territorio\u201d.<\/em><\/p>\n\n\n\n<div style=\"height:30px\" aria-hidden=\"true\" class=\"wp-block-spacer\"><\/div>\n\n\n\n<p class=\"has-medium-font-size\"><strong>Objetivos principales del programa<\/strong><\/p>\n\n\n\n<p>Mendoza VanLife contempl\u00f3 una estrategia integral de desarrollo, que incluy\u00f3:<\/p>\n\n\n\n<ul class=\"wp-block-list\">\n<li>Relevamiento de espacios p\u00fablicos y privados aptos para pernocte y estad\u00eda de&nbsp;<em>campers<\/em>.<\/li>\n\n\n\n<li>Dise\u00f1o y desarrollo de infraestructura espec\u00edfica, con \u00e1reas de servicio equipadas con electricidad, agua potable,&nbsp;<em>wifi<\/em>, espacios sanitarios y sistemas de seguridad.<\/li>\n\n\n\n<li>Identificaci\u00f3n de zonas estrat\u00e9gicas para impulsar nodos de servicios y circuitos tur\u00edsticos tem\u00e1ticos.<\/li>\n\n\n\n<li>Promoci\u00f3n de la inversi\u00f3n privada y articulaci\u00f3n con emprendimientos locales.<\/li>\n\n\n\n<li>Posicionamiento de Mendoza como destino innovador y sostenible.<\/li>\n<\/ul>\n\n\n\n<p>En el momento del lanzamiento, <strong>30 emprendimientos<\/strong> de 12 de los 18 departamentos de la provincia ya estaban inscriptos para formar parte del programa:<\/p>\n\n\n\n<div style=\"height:18px\" aria-hidden=\"true\" class=\"wp-block-spacer\"><\/div>\n\n\n\n<ul class=\"wp-block-list\">\n<li>En <strong>Luj\u00e1n de Cuyo<\/strong>: Terralta Camping; Dolium Bodega Subterr\u00e1nea<\/li>\n\n\n\n<li>En <strong>Santa Rosa<\/strong>: Estancia La Luz<\/li>\n\n\n\n<li>En <strong>San Mart\u00edn<\/strong>: Bodega Lancellotti; Hospedaje La Cautiva; Las Tanas<\/li>\n\n\n\n<li>En <strong>Jun\u00edn<\/strong>: Finca Don Juan Piedra Alta; Club de Pesca, Caza y N\u00e1utica Jun\u00edn; Pinar de Jun\u00edn<\/li>\n\n\n\n<li>En <strong>Las Heras<\/strong>: Camping Suizo; Camping Ranquil Luncay; Caba\u00f1as El Challao; Caba\u00f1as Uspallata<\/li>\n\n\n\n<li>En <strong>Lavalle<\/strong>: Huerto Encantado; Camping El Cha\u00f1ar; Finca Los Teros; Puesto Santa Luc\u00eda<\/li>\n\n\n\n<li>En <strong>San Rafael<\/strong>: Casartero Eco Posada; Saint Bernard<\/li>\n\n\n\n<li>En <strong>Malarg\u00fce<\/strong>: Laberintos Carmona<\/li>\n\n\n\n<li>En <strong>General Alvear<\/strong>: Terra Nostra; El Patio de Babushka; Las Potrancas; Complejo Tur\u00edstico Pinar del Sol; Parador Las Carretas<\/li>\n\n\n\n<li>En <strong>Tupungato<\/strong>: Bodega Familia Giaquinta<\/li>\n\n\n\n<li>En <strong>Tunuy\u00e1n<\/strong>: Camping Municipal Manzano Hist\u00f3rico; Camping Municipal Manzano Hist\u00f3rico N\u00b02; Camping Municipal Manzano Hist\u00f3rico N\u00b03<\/li>\n\n\n\n<li><strong>En San Carlos<\/strong>: El Chaca y Camping para Motorhome<\/li>\n<\/ul>\n\n\n\n<div style=\"height:17px\" aria-hidden=\"true\" class=\"wp-block-spacer\"><\/div>\n\n\n\n<p class=\"has-background\" style=\"background-color:#90c6b2\"><strong>Las inscripciones para participar del programa contin\u00faan abiertas. Los interesados deben completar el siguiente formulario:&nbsp;<a href=\"https:\/\/forms.gle\/gWd541AZQocYZbaP6\" target=\"_blank\" rel=\"noreferrer noopener\">https:\/\/forms.gle\/gWd541AZQocYZbaP6<\/a>.<\/strong><\/p>\n\n\n\n<div style=\"height:15px\" aria-hidden=\"true\" class=\"wp-block-spacer\"><\/div>\n\n\n\n<p class=\"has-medium-font-size\"><strong>Un impacto positivo para las econom\u00edas locales<\/strong><\/p>\n\n\n\n<p>Durante la presentaci\u00f3n de Mendoza VanLife se remarc\u00f3 que el desarrollo del turismo en&nbsp; motorhomes genera beneficios directos para las econom\u00edas locales, como la descentralizaci\u00f3n del turismo, llevando visitantes a nuevos puntos del territorio; la generaci\u00f3n de empleo local y nuevas oportunidades para prestadores tur\u00edsticos; la extensi\u00f3n de la estad\u00eda promedio de los viajeros y la dinamizaci\u00f3n econ\u00f3mica, especialmente en zonas rurales y de monta\u00f1a.<\/p>\n\n\n\n<p>Adem\u00e1s, el programa promueve un modelo de turismo sostenible, basado en el respeto por el ambiente y la valorizaci\u00f3n del patrimonio natural y cultural.<\/p>\n\n\n\n<div style=\"height:21px\" aria-hidden=\"true\" class=\"wp-block-spacer\"><\/div>\n\n\n\n<p class=\"has-medium-font-size\"><strong>Infraestructura innovadora y adaptada al visitante<\/strong><\/p>\n\n\n\n<p>El proyecto incluy\u00f3 el dise\u00f1o arquitect\u00f3nico de m\u00f3dulos de servicios especialmente dise\u00f1ados para recibir hasta cuatro&nbsp;<em>campers&nbsp;<\/em>por unidad, con posibilidad de escalar seg\u00fan la demanda y capacidad de cada punto.<\/p>\n\n\n\n<div style=\"height:26px\" aria-hidden=\"true\" class=\"wp-block-spacer\"><\/div>\n\n\n<div class=\"wp-block-image\">\n<figure class=\"aligncenter size-large is-resized\"><a href=\"https:\/\/enolife.com.ar\/es\/wp-content\/uploads\/2026\/01\/viajeros.webp\"><img loading=\"lazy\" decoding=\"async\" width=\"1024\" height=\"660\" src=\"https:\/\/enolife.com.ar\/es\/wp-content\/uploads\/2026\/01\/viajeros-1024x660.webp\" alt=\"\" class=\"wp-image-172121\" style=\"width:678px;height:auto\" srcset=\"https:\/\/enolife.com.ar\/es\/wp-content\/uploads\/2026\/01\/viajeros-1024x660.webp 1024w, https:\/\/enolife.com.ar\/es\/wp-content\/uploads\/2026\/01\/viajeros-300x193.webp 300w, https:\/\/enolife.com.ar\/es\/wp-content\/uploads\/2026\/01\/viajeros-768x495.webp 768w, https:\/\/enolife.com.ar\/es\/wp-content\/uploads\/2026\/01\/viajeros-585x377.webp 585w, https:\/\/enolife.com.ar\/es\/wp-content\/uploads\/2026\/01\/viajeros.webp 1068w\" sizes=\"auto, (max-width: 1024px) 100vw, 1024px\" \/><\/a><\/figure><\/div>\n\n\n<div style=\"height:34px\" aria-hidden=\"true\" class=\"wp-block-spacer\"><\/div>\n\n\n\n<p>Las instalaciones contemplaron: conexiones el\u00e9ctricas seguras; abastecimiento de agua potable; servicio de&nbsp;<em>wifi<\/em>; m\u00f3dulos sanitarios completos y sistemas de tratamiento mediante biodigestores. Este dise\u00f1o permite proyectar una experiencia confortable, segura y alineada con los est\u00e1ndares internacionales de este segmento tur\u00edstico. Se encuentra disponible para quienes lo quieran implementar.<\/p>\n\n\n\n<div style=\"height:39px\" aria-hidden=\"true\" class=\"wp-block-spacer\"><\/div>\n\n\n\n<div style=\"height:29px\" aria-hidden=\"true\" class=\"wp-block-spacer\"><\/div>\n","protected":false},"excerpt":{"rendered":"<p>El Ente Mendoza Turismo (Emetur) lanz\u00f3 Mendoza VanLife, el primer programa integral de la provincia&hellip;<\/p>\n","protected":false},"author":2,"featured_media":172113,"comment_status":"closed","ping_status":"open","sticky":false,"template":"","format":"standard","meta":{"footnotes":""},"categories":[11],"tags":[],"class_list":["post-172109","post","type-post","status-publish","format-standard","has-post-thumbnail","hentry","category-enoturismo"],"_links":{"self":[{"href":"https:\/\/enolife.com.ar\/es\/wp-json\/wp\/v2\/posts\/172109","targetHints":{"allow":["GET"]}}],"collection":[{"href":"https:\/\/enolife.com.ar\/es\/wp-json\/wp\/v2\/posts"}],"about":[{"href":"https:\/\/enolife.com.ar\/es\/wp-json\/wp\/v2\/types\/post"}],"author":[{"embeddable":true,"href":"https:\/\/enolife.com.ar\/es\/wp-json\/wp\/v2\/users\/2"}],"replies":[{"embeddable":true,"href":"https:\/\/enolife.com.ar\/es\/wp-json\/wp\/v2\/comments?post=172109"}],"version-history":[{"count":0,"href":"https:\/\/enolife.com.ar\/es\/wp-json\/wp\/v2\/posts\/172109\/revisions"}],"wp:featuredmedia":[{"embeddable":true,"href":"https:\/\/enolife.com.ar\/es\/wp-json\/wp\/v2\/media\/172113"}],"wp:attachment":[{"href":"https:\/\/enolife.com.ar\/es\/wp-json\/wp\/v2\/media?parent=172109"}],"wp:term":[{"taxonomy":"category","embeddable":true,"href":"https:\/\/enolife.com.ar\/es\/wp-json\/wp\/v2\/categories?post=172109"},{"taxonomy":"post_tag","embeddable":true,"href":"https:\/\/enolife.com.ar\/es\/wp-json\/wp\/v2\/tags?post=172109"}],"curies":[{"name":"wp","href":"https:\/\/api.w.org\/{rel}","templated":true}]}}