{"id":172091,"date":"2026-01-09T17:11:36","date_gmt":"2026-01-09T17:11:36","guid":{"rendered":"https:\/\/enolife.com.ar\/es\/?p=172091"},"modified":"2026-01-12T22:31:12","modified_gmt":"2026-01-12T22:31:12","slug":"la-union-europea-aprobo-el-acuerdo-con-el-mercosur-tras-25-anos-de-negociaciones","status":"publish","type":"post","link":"https:\/\/enolife.com.ar\/es\/la-union-europea-aprobo-el-acuerdo-con-el-mercosur-tras-25-anos-de-negociaciones\/","title":{"rendered":"La Uni\u00f3n Europea aprob\u00f3 el acuerdo con el Mercosur tras 25 a\u00f1os de negociaciones"},"content":{"rendered":"\n<h4 class=\"wp-block-heading\"><em><strong>La mayor\u00eda de los 27 pa\u00edses del bloque vot\u00f3 a favor del pacto en una reuni\u00f3n de embajadores en Bruselas, a pesar de la oposici\u00f3n de Francia, Irlanda y fuertes reparos en Italia, porque consideran que perjudicar\u00e1 al agro europeo. El lunes 12\/1\/26, la presidenta de la Comisi\u00f3n Europea, Ursula von der Leyen viajar\u00eda a Asunci\u00f3n del Paraguay para la r\u00fabrica final. Satisfacci\u00f3n en Mendoza y Argentina.<\/strong><\/em><\/h4>\n\n\n\n<div style=\"height:36px\" aria-hidden=\"true\" class=\"wp-block-spacer\"><\/div>\n\n\n<a href=\"https:\/\/www.parsecsrl.net\/es\/extraccion-selectiva-tintos\/\" aria-label=\"banner1700x500-rev-9\"><img loading=\"lazy\" decoding=\"async\" src=\"https:\/\/enolife.com.ar\/es\/wp-content\/uploads\/2022\/04\/banner1700x500-rev-9.gif\" alt=\"\"  width=\"1700\" height=\"500\"   \/><\/a>\n\n\n<div style=\"height:36px\" aria-hidden=\"true\" class=\"wp-block-spacer\"><\/div>\n\n\n\n<p>Tras m\u00e1s de 25 a\u00f1os de negociaciones,&nbsp;<strong>la Uni\u00f3n Europea (UE) aprob\u00f3 este viernes 9\/1\/2026 el acuerdo con el Mercado Com\u00fan del Sur (Mercosur<\/strong>, integrado por <strong>Argentina, Brasil, Uruguay, Paraguay y Venezuela<\/strong>) lo que allana el camino a la creaci\u00f3n de <strong>la mayor zona de libre comercio del mund<\/strong>o, con varias cl\u00e1usulas dise\u00f1adas para calmar la oposici\u00f3n de los agricultores europeos, que temen la competencia de los productos del campo sudamericano, entre ellos el <strong>vino argentino.<\/strong><a href=\"https:\/\/www.infobae.com\/america\/mundo\/2026\/01\/08\/el-vinculo-economico-entre-china-y-groenlandia-mariscos-minerales-y-proyectos-de-infraestructura\/\" target=\"_blank\" rel=\"noreferrer noopener\"><\/a><\/p>\n\n\n\n<p><a href=\"https:\/\/www.infobae.com\/america\/mundo\/2026\/01\/08\/el-vinculo-economico-entre-china-y-groenlandia-mariscos-minerales-y-proyectos-de-infraestructura\/\" target=\"_blank\" rel=\"noreferrer noopener\"><\/a>En una reuni\u00f3n de embajadores en Bruselas,&nbsp;<strong>los 27 Estados miembros de la Uni\u00f3n Europea alcanzaron  una mayor\u00eda cualificada<\/strong>, pese a la&nbsp;<strong>oposici\u00f3n<\/strong>&nbsp;anunciada por pa\u00edses como&nbsp;<strong>Francia, Polonia e Irlanda<\/strong>, y los reparos de <strong>Espa\u00f1a<\/strong> e <strong>Italia<\/strong>.<\/p>\n\n\n\n<p>Con este resultado, la presidenta de la Comisi\u00f3n Europea,&nbsp;<strong>Ursula von der Leyen<\/strong>, podr\u00e1 volar a&nbsp;<strong>Paraguay<\/strong>&nbsp;y&nbsp;<strong>rubricar el acuerdo el lunes 12\/1\/2026 con el Mercosur<\/strong>.<\/p>\n\n\n\n<p><a href=\"https:\/\/www.infobae.com\/america\/mundo\/2026\/01\/07\/tres-islas-ocultas-en-el-mediterraneo-un-santuario-impenetrable-y-la-foca-monje-como-protagonista-asi-es-la-vida-secreta-de-las-islas-chafarinas\/\" target=\"_blank\" rel=\"noreferrer noopener\"><\/a>Aunque la firma salga adelante en Asunci\u00f3n,&nbsp;<strong>el acuerdo no entrar\u00e1 de inmediato en vigor<\/strong>, ya que del lado europeo se necesita tambi\u00e9n el visto bueno de la&nbsp;<strong>Euroc\u00e1mara<\/strong>, que debe pronunciarse en un plazo de varias semanas. <strong>El resultado all\u00ed no est\u00e1 nada claro<\/strong>, ya que unos 150 eurodiputados (de un total de 720) amenazan con recurrir a la justicia para impedir la aplicaci\u00f3n del acuerdo.<\/p>\n\n\n\n<div style=\"height:29px\" aria-hidden=\"true\" class=\"wp-block-spacer\"><\/div>\n\n\n\n<h3 class=\"wp-block-heading has-vivid-red-color has-text-color has-link-color wp-elements-5f2ca3149180cbce537b0bf4ed2f03a1\">La Comisi\u00f3n Europea ha estado negociando desde 1999 este vasto acuerdo con Argentina, Brasil, Uruguay y Paraguay, que prev\u00e9 crear la&nbsp;mayor zona de libre de comercio del planeta, con&nbsp;m\u00e1s de 700 millones de consumidores, y&nbsp;eliminar aranceles a m\u00e1s del 90% de su comercio bilateral.<\/h3>\n\n\n\n<div style=\"height:29px\" aria-hidden=\"true\" class=\"wp-block-spacer\"><\/div>\n\n\n\n<p>El sector agropecuario europeo teme el impacto de una llegada masiva de <strong>carne, arroz, vinio, miel, soja y otros productos del campo sudamericanos<\/strong>, a cambio de la exportaci\u00f3n de veh\u00edculos, maquinaria, quesos y tambi\u00e9n vinos europeos al Mercosur.<\/p>\n\n\n\n<p>Los detractores del pacto, empezando por&nbsp;<strong>Francia<\/strong>, creen que el mercado europeo puede verse seriamente trastocado por la entrada de productos sudamericanos m\u00e1s competitivos debido a unas normas de producci\u00f3n consideradas menos rigurosas.<\/p>\n\n\n\n<div style=\"height:25px\" aria-hidden=\"true\" class=\"wp-block-spacer\"><\/div>\n\n\n<div class=\"wp-block-image\">\n<figure class=\"aligncenter size-large is-resized\"><a href=\"https:\/\/enolife.com.ar\/es\/wp-content\/uploads\/2026\/01\/protesta.jpg\" data-rel=\"penci-gallery-image-content\" ><img loading=\"lazy\" decoding=\"async\" width=\"1024\" height=\"505\" src=\"https:\/\/enolife.com.ar\/es\/wp-content\/uploads\/2026\/01\/protesta-1024x505.jpg\" alt=\"\" class=\"wp-image-172097\" style=\"width:704px;height:auto\" srcset=\"https:\/\/enolife.com.ar\/es\/wp-content\/uploads\/2026\/01\/protesta-1024x505.jpg 1024w, https:\/\/enolife.com.ar\/es\/wp-content\/uploads\/2026\/01\/protesta-300x148.jpg 300w, https:\/\/enolife.com.ar\/es\/wp-content\/uploads\/2026\/01\/protesta-768x379.jpg 768w, https:\/\/enolife.com.ar\/es\/wp-content\/uploads\/2026\/01\/protesta-1170x578.jpg 1170w, https:\/\/enolife.com.ar\/es\/wp-content\/uploads\/2026\/01\/protesta-585x289.jpg 585w, https:\/\/enolife.com.ar\/es\/wp-content\/uploads\/2026\/01\/protesta.jpg 1256w\" sizes=\"auto, (max-width: 1024px) 100vw, 1024px\" \/><\/a><figcaption class=\"wp-element-caption\"><em><strong>Los agricultores de varios pa\u00edses europeos se oponen al acuerdo porque temen la competencia de los productos agr\u00edcolas sudamericanos.<\/strong><\/em><\/figcaption><\/figure><\/div>\n\n\n<div style=\"height:24px\" aria-hidden=\"true\" class=\"wp-block-spacer\"><\/div>\n\n\n\n<p>Sus defensores, como&nbsp;<strong>Espa\u00f1a<\/strong>&nbsp;y&nbsp;<strong>Alemania<\/strong>, estiman en cambio que el acuerdo diversificar\u00e1 las oportunidades comerciales para una UE amenazada por la competencia china y la pol\u00edtica arancelaria de <strong>Estados Unidos.<\/strong><\/p>\n\n\n\n<p><strong>Italia<\/strong>, que en diciembre se sum\u00f3 a la oposici\u00f3n de Francia y consigui\u00f3 entonces bloquear el consenso,&nbsp;<strong>cambi\u00f3 de posici\u00f3n<\/strong>&nbsp;y esta semana destac\u00f3 los \u201c<strong>enormes beneficios<\/strong>\u201d derivados del acuerdo.<\/p>\n\n\n\n<p>El bloque sudamericano hab\u00eda dado se\u00f1ales de impaciencia, y en la cumbre celebrada en diciembre de 2025, el presidente brasile\u00f1o&nbsp;<strong>Luiz In\u00e1cio Lula da Silva<\/strong>&nbsp;pidi\u00f3 <em>\u201ccoraje\u201d<\/em> y<em> \u201cvoluntad pol\u00edtica\u201d <\/em>a la UE para no dejar pasar la oportunidad.<\/p>\n\n\n\n<div style=\"height:30px\" aria-hidden=\"true\" class=\"wp-block-spacer\"><\/div>\n\n\n\n<p class=\"has-medium-font-size\"><strong>Concesiones al sector agropecuario europeo<\/strong><\/p>\n\n\n\n<p>Para calmar la ira de agricultores y ganaderos, temerosos del impacto que tendr\u00eda la reducci\u00f3n de aranceles,&nbsp;<strong>la Comisi\u00f3n dise\u00f1\u00f3 una serie de cl\u00e1usulas y concesiones en los \u00faltimos meses<\/strong>.<\/p>\n\n\n\n<p><em>\u201cLas prioridades agr\u00edcolas han estado en el n\u00facleo<\/em>\u201d de las negociaciones, y <em>\u201chemos negociado como locos\u201d<\/em>, destac\u00f3 el jueves&nbsp;<strong>Olof Gill<\/strong>, uno de los portavoces de la Comisi\u00f3n Europea.<\/p>\n\n\n\n<p>Entre las medidas, la Comisi\u00f3n anunci\u00f3 en setiembre de 2025 una serie de garant\u00edas para sus sectores <strong>c\u00e1rnico, av\u00edcola, del arroz, la miel, los huevos y el etanol<\/strong>, limitando el cupo de productos latinoamericanos exentos de arancel e interviniendo en caso de desestabilizaci\u00f3n del mercado.<\/p>\n\n\n\n<div style=\"height:26px\" aria-hidden=\"true\" class=\"wp-block-spacer\"><\/div>\n\n\n<div class=\"wp-block-image\">\n<figure class=\"aligncenter size-full is-resized\"><a href=\"https:\/\/enolife.com.ar\/es\/wp-content\/uploads\/2026\/01\/Ursula.jpg\" data-rel=\"penci-gallery-image-content\" ><img loading=\"lazy\" decoding=\"async\" width=\"300\" height=\"168\" src=\"https:\/\/enolife.com.ar\/es\/wp-content\/uploads\/2026\/01\/Ursula.jpg\" alt=\"\" class=\"wp-image-172098\" style=\"width:644px;height:auto\"\/><\/a><figcaption class=\"wp-element-caption\"><em><strong>Ursula von der Leyen, quien viajar\u00eda el lunes 12\/9 a Asunci\u00f3n del Paraguay para la r\u00fabrica final del pacto de libre comercio Mercosur-UE.<\/strong><\/em><\/figcaption><\/figure><\/div>\n\n\n<div style=\"height:24px\" aria-hidden=\"true\" class=\"wp-block-spacer\"><\/div>\n\n\n\n<p>En diciembre, la Comisi\u00f3n anunci\u00f3 adem\u00e1s que abrir\u00e1 una investigaci\u00f3n si el precio de un producto del Mercosur es al menos un 8% inferior al de la misma mercanc\u00eda en la UE, y si el volumen de importaciones aumenta m\u00e1s de un 8%.<\/p>\n\n\n\n<p>El ejecutivo europeo se comprometi\u00f3 igualmente a legislar sobre los residuos de pesticidas en las importaciones, un aspecto que los agricultores denuncian como indiciario de una <em>\u201ccompetencia desleal\u201d.<\/em><\/p>\n\n\n\n<p>La Comisi\u00f3n anunci\u00f3 esta misma semana la prohibici\u00f3n total de tres sustancias:&nbsp;<strong>tiofanato-metilo, carbendazima y benomilo<\/strong>, sobre todo en c\u00edtricos, mangos y papayas.<\/p>\n\n\n\n<p>Francia, donde los agricultores manten\u00edan hoy 9\/1 su movilizaci\u00f3n con tractores en las entradas de Par\u00eds, decret\u00f3 el cese temporal de algunos productos agr\u00edcolas tratados con sustancias prohibidas en la Uni\u00f3n Europea, principalmente sudamericanos. Aguacates, mangos, guayabas, c\u00edtricos y papas, entre otros, no podr\u00e1n entrar en Francia si contienen cinco fungicidas y herbicidas prohibidos en Europa.<\/p>\n\n\n\n<div style=\"height:28px\" aria-hidden=\"true\" class=\"wp-block-spacer\"><\/div>\n\n\n\n<p class=\"has-medium-font-size\"><strong>Repercusiones en Mendoza y Argentina<\/strong><\/p>\n\n\n\n<p>En un mensaje en la red social X, la <strong>Confederaci\u00f3n Intercooperativa Agropecuaria (Coninagro)<\/strong> de Argentina, expres\u00f3 con respecto al acuerdo: <em>\u201cDesde nuestra entidad, destacamos la aprobaci\u00f3n de este acuerdo hist\u00f3rico entre el Mercosur y la Uni\u00f3n Europea. Este es un primer paso importante, le dar\u00e1 al campo argentino mayor potencial y un desarrollo a futuro con previsibilidad.&nbsp;\u201cEl acuerdo no es solo un tratado comercial, es un puente de oportunidades para que la producci\u00f3n agropecuaria y agroindustrial argentina demuestre su capacidad de competir en las ligas mayores de la calidad alimentaria\u201d<\/em>.<\/p>\n\n\n\n<p>Finalmente, la entidad hizo remarc\u00f3 el impacto territorial del pacto:&nbsp;<em>\u201cPara las econom\u00edas regionales, esto representa una ventana hist\u00f3rica. Poder colocar nuestras carnes, c\u00edtricos y vinos en g\u00f3ndolas europeas con mejores condiciones arancelarias es sin\u00f3nimo de m\u00e1s trabajo y arraigo en el interior de Argentina\u201d<\/em>.<\/p>\n\n\n\n<p><strong>Mart\u00edn Clement,<\/strong> presidente del <strong>Consejo Empresario Mendocino (CEM)<\/strong>, consultado por diario Los Andes, opin\u00f3: :&nbsp;<em>\u201cM\u00e1s all\u00e1 de los beneficios arancelarios que tienen estos acuerdos, mucho pasa por todo lo que est\u00e1 alrededor del arancel, que tiene que ver con las trabas paraarancelarias&#8230; Muchas veces los pa\u00edses o los bloques, imponen intervenciones a las mercader\u00edas de pa\u00edses donde no hay un acuerdo\u201d.<\/em><\/p>\n\n\n\n<p>Seg\u00fan el empresario,&nbsp;<em>\u201cal haber un acuerdo, los beneficios pasan a ser que se liberan ciertas restricciones o se estandarizan esas intervenciones o esos requisitos, que ya se sabe cu\u00e1les son y c\u00f3mo cumplirlas lo que permite una mayor previsibilidad para quienes exportan\u00bb.<\/em><\/p>\n\n\n\n<p>Y con respecto a <strong>Mendoza<\/strong>, evalu\u00f3 que podr\u00eda haber oportunidades en productos con mayor valor agregado:&nbsp;<em>\u201cPuede haber un beneficio en vino, aceite de oliva y algunas mercader\u00edas agr\u00edcolas procesadas. No va a ser autom\u00e1tico, los nuevos exportadores deber\u00e1n adaptarse a est\u00e1ndares de la Uni\u00f3n Europea que son muy exigentes\u201d.<\/em><\/p>\n\n\n\n<p>Desde <strong>ProMendoza<\/strong>, la agencia estatal de promoci\u00f3n de los productos mendocinos en el exterior, su titular <strong>Patricia Gim\u00e9nez<\/strong> expres\u00f3:&nbsp;<em>\u201cEstamos esperando que Canciller\u00eda nos env\u00ede un reporte para poder analizar el alcance final&#8230; En 2018, dos t\u00e9cnicos de ProMendoza trabajaron en el listado de productos, pero a\u00fan no est\u00e1 claro qu\u00e9 qued\u00f3 finalmente incluido en el acuerdo&#8230; Cualquier mejora en la competitividad para el ingreso de productos de la provincia es relevante\u201d.<\/em><\/p>\n\n\n\n<div style=\"height:28px\" aria-hidden=\"true\" class=\"wp-block-spacer\"><\/div>\n\n\n\n<p class=\"has-small-font-size\"><em><strong>Fuentes: Agencia AFP, diario Los Andes y propias<\/strong><\/em><\/p>\n\n\n\n<div style=\"height:30px\" aria-hidden=\"true\" class=\"wp-block-spacer\"><\/div>\n\n\n\n<p class=\"has-small-font-size\"><\/p>\n","protected":false},"excerpt":{"rendered":"<p>La mayor\u00eda de los 27 pa\u00edses del bloque vot\u00f3 a favor del pacto en una&hellip;<\/p>\n","protected":false},"author":2,"featured_media":132370,"comment_status":"closed","ping_status":"open","sticky":false,"template":"","format":"standard","meta":{"footnotes":""},"categories":[14],"tags":[],"class_list":["post-172091","post","type-post","status-publish","format-standard","has-post-thumbnail","hentry","category-news"],"_links":{"self":[{"href":"https:\/\/enolife.com.ar\/es\/wp-json\/wp\/v2\/posts\/172091","targetHints":{"allow":["GET"]}}],"collection":[{"href":"https:\/\/enolife.com.ar\/es\/wp-json\/wp\/v2\/posts"}],"about":[{"href":"https:\/\/enolife.com.ar\/es\/wp-json\/wp\/v2\/types\/post"}],"author":[{"embeddable":true,"href":"https:\/\/enolife.com.ar\/es\/wp-json\/wp\/v2\/users\/2"}],"replies":[{"embeddable":true,"href":"https:\/\/enolife.com.ar\/es\/wp-json\/wp\/v2\/comments?post=172091"}],"version-history":[{"count":0,"href":"https:\/\/enolife.com.ar\/es\/wp-json\/wp\/v2\/posts\/172091\/revisions"}],"wp:featuredmedia":[{"embeddable":true,"href":"https:\/\/enolife.com.ar\/es\/wp-json\/wp\/v2\/media\/132370"}],"wp:attachment":[{"href":"https:\/\/enolife.com.ar\/es\/wp-json\/wp\/v2\/media?parent=172091"}],"wp:term":[{"taxonomy":"category","embeddable":true,"href":"https:\/\/enolife.com.ar\/es\/wp-json\/wp\/v2\/categories?post=172091"},{"taxonomy":"post_tag","embeddable":true,"href":"https:\/\/enolife.com.ar\/es\/wp-json\/wp\/v2\/tags?post=172091"}],"curies":[{"name":"wp","href":"https:\/\/api.w.org\/{rel}","templated":true}]}}