{"id":172048,"date":"2026-01-08T21:21:19","date_gmt":"2026-01-08T21:21:19","guid":{"rendered":"https:\/\/enolife.com.ar\/es\/?p=172048"},"modified":"2026-01-11T16:43:30","modified_gmt":"2026-01-11T16:43:30","slug":"un-programa-mendocino-que-destaca-a-los-hacedores-del-vino-se-vera-en-miami-apple-tv-y-amazon","status":"publish","type":"post","link":"https:\/\/enolife.com.ar\/es\/un-programa-mendocino-que-destaca-a-los-hacedores-del-vino-se-vera-en-miami-apple-tv-y-amazon\/","title":{"rendered":"Un programa mendocino que destaca a los hacedores del vino se ver\u00e1 en Miami, Apple TV y Amazon"},"content":{"rendered":"\n<h4 class=\"wp-block-heading\"><em><strong>\u00abPasi\u00f3n por el Vino TV\u00bb, un cl\u00e1sico de la televisi\u00f3n mendocina que se emite desde hace 10 a\u00f1os por Canal 7 de Mendoza, creado y conducido por el periodista Oscar Pinco (foto principal), se podr\u00e1 ver desde este viernes 9\/1\/26 en una popular plataforma de streaming de Miami, que a su vez es tomada por otras plataformas internacionales de alto impacto.<\/strong><\/em><\/h4>\n\n\n\n<div style=\"height:40px\" aria-hidden=\"true\" class=\"wp-block-spacer\"><\/div>\n\n\n<a href=\"https:\/\/www.centroenologico.com.ar\/\" aria-label=\"CERSA 1700X500 BORDO\"><img loading=\"lazy\" decoding=\"async\" src=\"https:\/\/enolife.com.ar\/es\/wp-content\/uploads\/2025\/02\/CERSA-1700X500-BORDO.gif\" alt=\"\"  width=\"1700\" height=\"500\"   \/><\/a>\n\n\n<div style=\"height:47px\" aria-hidden=\"true\" class=\"wp-block-spacer\"><\/div>\n\n\n\n<p>El programa mendocino de televisi\u00f3n <strong>\u00abPasi\u00f3n por el Vino\u00bb<\/strong>, creado y conducido por el periodista <strong>Oscar Pinco<\/strong>, da un salto de calidad en cuanto a difusi\u00f3n internacional, ya que a partir de este viernes 9\/1\/26 comenzar\u00e1 a emitirse por streaming por la pantalla del programa <strong>\u201cAl Ritmo de Miami\u201d<\/strong>, una popular plataforma multimedia con base en <strong>Miami<\/strong>, la principal ciudad del estado de <strong>Florida, Estados Unidos.<\/strong><\/p>\n\n\n\n<p>El convenio entre la producci\u00f3n del programa mendocino y la empresa de Miami adquiere especial importancia por cuanto la se\u00f1al del canal de streamming estadounidense, que transmite las 24 horas, es tomada a su vez por plataformas de alto impacto como <strong>Apple TV, Android TV, Google TV, Amazon, y Roku<\/strong>, en sus emisiones dirigidas al p\u00fablico y mercados hispano parlantes, con una llegada potencial a 360 millones de espectadores.<\/p>\n\n\n\n<div style=\"height:22px\" aria-hidden=\"true\" class=\"wp-block-spacer\"><\/div>\n\n\n\n<h3 class=\"wp-block-heading has-background\" style=\"background-color:#bba9cb\">Se podr\u00e1 acceder a esta plataforma de streamming de Miami, EEUU, conect\u00e1ndose los viernes a las 21 hs de Argentina al link: https: \/\/alritmodemiami.com\/<\/h3>\n\n\n\n<div style=\"height:25px\" aria-hidden=\"true\" class=\"wp-block-spacer\"><\/div>\n\n\n\n<p>La emisi\u00f3n ir\u00e1 todos los viernes a las <strong>19 hora de Miami (21 hora de Argentina) <\/strong>y tendr\u00e1 una repetici\u00f3n a la misma hora los d\u00edas mi\u00e9rcoles. El programa, conducido y producido por Oscar Pinco -ganador de un premio <strong>Mart\u00edn Fierro Federal en 2019<\/strong> por su labor de realizaci\u00f3n y conducci\u00f3n- , tiene una duraci\u00f3n de 30 minutos, manteniendo el mismo formato del programa original, que ya lleva 10 temporadas por la pantalla de<strong> Canal 7 de Mendoza<\/strong>, emiti\u00e9ndose todos los s\u00e1bados a las 20.30 hs.<\/p>\n\n\n\n<div style=\"height:32px\" aria-hidden=\"true\" class=\"wp-block-spacer\"><\/div>\n\n\n<div class=\"wp-block-image\">\n<figure class=\"aligncenter size-large is-resized\"><a href=\"https:\/\/enolife.com.ar\/es\/wp-content\/uploads\/2026\/01\/pinco.jpeg\" data-rel=\"penci-gallery-image-content\" ><img loading=\"lazy\" decoding=\"async\" width=\"1024\" height=\"768\" src=\"https:\/\/enolife.com.ar\/es\/wp-content\/uploads\/2026\/01\/pinco-1024x768.jpeg\" alt=\"\" class=\"wp-image-172056\" style=\"width:702px;height:auto\" srcset=\"https:\/\/enolife.com.ar\/es\/wp-content\/uploads\/2026\/01\/pinco-1024x768.jpeg 1024w, https:\/\/enolife.com.ar\/es\/wp-content\/uploads\/2026\/01\/pinco-300x225.jpeg 300w, https:\/\/enolife.com.ar\/es\/wp-content\/uploads\/2026\/01\/pinco-768x576.jpeg 768w, https:\/\/enolife.com.ar\/es\/wp-content\/uploads\/2026\/01\/pinco-1536x1152.jpeg 1536w, https:\/\/enolife.com.ar\/es\/wp-content\/uploads\/2026\/01\/pinco-1170x878.jpeg 1170w, https:\/\/enolife.com.ar\/es\/wp-content\/uploads\/2026\/01\/pinco-585x439.jpeg 585w, https:\/\/enolife.com.ar\/es\/wp-content\/uploads\/2026\/01\/pinco.jpeg 1600w\" sizes=\"auto, (max-width: 1024px) 100vw, 1024px\" \/><\/a><figcaption class=\"wp-element-caption\"><em><strong>Oscar Pinco (centro) en una de sus entrevistas. A su derecha la especialista peruana en piscos Lucero Villagarc\u00eda y la periodista Fabiana Neuilly; y a su izquierda los periodistas vitivin\u00edcolas Gustavo Flores Baz\u00e1n (editor de El Descorche) y Pedro Straniero (editor de Enolife).<\/strong><\/em><\/figcaption><\/figure><\/div>\n\n\n<div style=\"height:30px\" aria-hidden=\"true\" class=\"wp-block-spacer\"><\/div>\n\n\n\n<p class=\"has-background\" style=\"background-color:#cab7dc\"><strong>Un espacio para los protagonistas de la vitivinicultura<\/strong><br><br>El ciclo de <strong>\u00abPasi\u00f3n por el vino<\/strong>\u00bb se define como un <em>\u00abculto al vino\u00bb<\/em>. Su objetivo es mejorar la comunicaci\u00f3n del sector, desacralizar el consumo de la bebida y mostrar el lado humano de sus protagonistas. En su formato principal de <strong>entrevistas,<\/strong> Pinco realiza reportajes a una amplia gama de figuras, desde <strong>en\u00f3logos de renombre mundial<\/strong> y bodegueros hasta j\u00f3venes profesionales con proyectos de autor o <em>\u00abvinos de garage\u00bb<\/em>, adem\u00e1s de sommeliers e ingenieros agr\u00f3nomos.<br>Aunque tiene su base en <strong>Mendoza<\/strong>, el programa visita bodegas y vi\u00f1edos en otras provincias argentinas y realiza coberturas internacionales, incluyendo destinos como <strong>Estados Unidos<\/strong>, <strong>Brasil, Per\u00fa y Chile.<\/strong><br>Ha sido galardonado con el premio <strong>Mart\u00edn Fierro Federal<\/strong> (categor\u00eda Agropecuario) en 2019 y ha recibido distinciones del Senado de Mendoza por su aporte a la vitivinicultura.&nbsp;<\/p>\n\n\n\n<div style=\"height:34px\" aria-hidden=\"true\" class=\"wp-block-spacer\"><\/div>\n\n\n<div class=\"wp-block-image\">\n<figure class=\"aligncenter size-full is-resized\"><a href=\"https:\/\/enolife.com.ar\/es\/wp-content\/uploads\/2026\/01\/Oscar-Pinco-horizontral-700x395-1.webp\"><img loading=\"lazy\" decoding=\"async\" width=\"700\" height=\"395\" src=\"https:\/\/enolife.com.ar\/es\/wp-content\/uploads\/2026\/01\/Oscar-Pinco-horizontral-700x395-1.webp\" alt=\"\" class=\"wp-image-172059\" style=\"width:704px;height:auto\" srcset=\"https:\/\/enolife.com.ar\/es\/wp-content\/uploads\/2026\/01\/Oscar-Pinco-horizontral-700x395-1.webp 700w, https:\/\/enolife.com.ar\/es\/wp-content\/uploads\/2026\/01\/Oscar-Pinco-horizontral-700x395-1-300x169.webp 300w, https:\/\/enolife.com.ar\/es\/wp-content\/uploads\/2026\/01\/Oscar-Pinco-horizontral-700x395-1-585x330.webp 585w\" sizes=\"auto, (max-width: 700px) 100vw, 700px\" \/><\/a><figcaption class=\"wp-element-caption\"><em><strong>Pinco con su merecido premio Mart\u00edn Fierro Federal en 2019.<\/strong><\/em><\/figcaption><\/figure><\/div>\n\n\n<div style=\"height:26px\" aria-hidden=\"true\" class=\"wp-block-spacer\"><\/div>\n\n\n\n<p>Seg\u00fan manifest\u00f3 su conductor,<em> \u00aba partir de colocar estas entregas en la importante ciudad del sur de Florida, en los Estados Unidos, se abre una nueva ventana para la promoci\u00f3n de los vinos de Mendoza, y podr\u00e1 servir para organizar acciones y eventos que van a tener a nuestros productos como protagonistas\u00bb.<\/em><\/p>\n\n\n\n<div style=\"height:35px\" aria-hidden=\"true\" class=\"wp-block-spacer\"><\/div>\n\n\n\n<p><br><\/p>\n","protected":false},"excerpt":{"rendered":"<p>\u00abPasi\u00f3n por el Vino TV\u00bb, un cl\u00e1sico de la televisi\u00f3n mendocina que se emite desde&hellip;<\/p>\n","protected":false},"author":2,"featured_media":172055,"comment_status":"closed","ping_status":"open","sticky":false,"template":"","format":"standard","meta":{"footnotes":""},"categories":[14],"tags":[],"class_list":["post-172048","post","type-post","status-publish","format-standard","has-post-thumbnail","hentry","category-news"],"_links":{"self":[{"href":"https:\/\/enolife.com.ar\/es\/wp-json\/wp\/v2\/posts\/172048","targetHints":{"allow":["GET"]}}],"collection":[{"href":"https:\/\/enolife.com.ar\/es\/wp-json\/wp\/v2\/posts"}],"about":[{"href":"https:\/\/enolife.com.ar\/es\/wp-json\/wp\/v2\/types\/post"}],"author":[{"embeddable":true,"href":"https:\/\/enolife.com.ar\/es\/wp-json\/wp\/v2\/users\/2"}],"replies":[{"embeddable":true,"href":"https:\/\/enolife.com.ar\/es\/wp-json\/wp\/v2\/comments?post=172048"}],"version-history":[{"count":0,"href":"https:\/\/enolife.com.ar\/es\/wp-json\/wp\/v2\/posts\/172048\/revisions"}],"wp:featuredmedia":[{"embeddable":true,"href":"https:\/\/enolife.com.ar\/es\/wp-json\/wp\/v2\/media\/172055"}],"wp:attachment":[{"href":"https:\/\/enolife.com.ar\/es\/wp-json\/wp\/v2\/media?parent=172048"}],"wp:term":[{"taxonomy":"category","embeddable":true,"href":"https:\/\/enolife.com.ar\/es\/wp-json\/wp\/v2\/categories?post=172048"},{"taxonomy":"post_tag","embeddable":true,"href":"https:\/\/enolife.com.ar\/es\/wp-json\/wp\/v2\/tags?post=172048"}],"curies":[{"name":"wp","href":"https:\/\/api.w.org\/{rel}","templated":true}]}}