{"id":172034,"date":"2026-01-08T14:39:39","date_gmt":"2026-01-08T14:39:39","guid":{"rendered":"https:\/\/enolife.com.ar\/es\/?p=172034"},"modified":"2026-01-09T17:10:11","modified_gmt":"2026-01-09T17:10:11","slug":"bloquean-paris-con-tractores-contra-el-acuerdo-de-libre-comercio-ue-mercosur","status":"publish","type":"post","link":"https:\/\/enolife.com.ar\/es\/bloquean-paris-con-tractores-contra-el-acuerdo-de-libre-comercio-ue-mercosur\/","title":{"rendered":"Bloquean Par\u00eds con tractores contra el acuerdo de libre comercio UE-Mercosur"},"content":{"rendered":"\n<h4 class=\"wp-block-heading\"><em><strong>Cientos de agricultores franceses entraron a Par\u00eds en la ma\u00f1ana de hoy jueves 8\/1\/26 a bordo de tractores para protestar contra la posible firma el lunes 12\/1\/26 del acuerdo comercial entre la Uni\u00f3n Europea y el Mercosur, pese a las advertencias del gobierno, que calific\u00f3 la acci\u00f3n de \u00abilegal\u00bb. Temen que desde Sudam\u00e9rica los inunden de productos agr\u00edcolas y vinos a bajos precios y eso perjudique sus ventas e industrias nacionales<\/strong><\/em><strong><em>.<\/em><\/strong><\/h4>\n\n\n\n<div style=\"height:38px\" aria-hidden=\"true\" class=\"wp-block-spacer\"><\/div>\n\n\n<a href=\"https:\/\/www.instagram.com\/chirca.arg\/\" aria-label=\"Banner Chirca Enolife 1700 x 500\"><img loading=\"lazy\" decoding=\"async\" src=\"https:\/\/enolife.com.ar\/es\/wp-content\/uploads\/2025\/03\/Banner-Chirca-Enolife-1700-x-500-1.gif\" alt=\"\"  width=\"568\" height=\"168\"   \/><\/a>\n\n\n<div style=\"height:41px\" aria-hidden=\"true\" class=\"wp-block-spacer\"><\/div>\n\n\n\n<p>El <strong>Consejo de la Uni\u00f3n Europea (UE<\/strong>) podr\u00eda adoptar <strong>este viernes 9\/1\/26<\/strong> el acuerdo comercial negociado desde 1999 con <strong>Argentina, Brasil, Uruguay y Paraguay<\/strong>, pese al rechazo de Francia e Italia, lo que permitir\u00eda a la titular de la Comisi\u00f3n Europea, <strong>Ursula von der Leyen<\/strong>, firmarlo el lunes.<\/p>\n\n\n\n<p>Este tratado crear\u00eda <strong>el espacio de libre comercio m\u00e1s grande del mundo<\/strong>, pero el sector agropecuario europeo teme el impacto de una llegada masiva de <strong>carne, vinos, arroz, miel y cereales<\/strong> sudamericanos, a cambio de la exportaci\u00f3n de <strong>veh\u00edculos y maquinaria<\/strong> europea al Mercosur, entre otros beneficios.<\/p>\n\n\n\n<p><em>\u00abYa no habr\u00e1 que pensar que nuestros j\u00f3venes trabajen en el campo, porque ya no ser\u00e1 viable\u00bb<\/em>, asegur\u00f3 <strong>Pascal, un ganadero<\/strong> del centro de Francia, en referencia a las normas de producci\u00f3n en el Mercosur, vistas como menos restrictivas y m\u00e1s competitivas.<\/p>\n\n\n\n<div style=\"height:25px\" aria-hidden=\"true\" class=\"wp-block-spacer\"><\/div>\n\n\n<div class=\"wp-block-image\">\n<figure class=\"aligncenter is-resized\"><img decoding=\"async\" src=\"https:\/\/s.france24.com\/media\/display\/42eb0ca4-ec79-11f0-ac67-005056a90284\/w:1024\/p:16x9\/026901ad1cf60fc6a470d9b67459ee3d0e772207.jpg\" alt=\"Tractores frente al Arco del Triunfo en Par\u00eds, durante una protesta de agricultores el 8 de enero de 2026\" style=\"width:730px;height:auto\"\/><figcaption class=\"wp-element-caption\"><em><strong>Tractores en el Arco del Triunfo, uno de los sitios emblem\u00e1ticos de Par\u00eds.<\/strong><\/em><\/figcaption><\/figure><\/div>\n\n\n<div style=\"height:30px\" aria-hidden=\"true\" class=\"wp-block-spacer\"><\/div>\n\n\n\n<p>Pascal, que no quiso dar su apellido, particip\u00f3 en una de las columnas de agricultores que entraron de madrugada en Par\u00eds a bordo de sus tractores para protestar ante monumentos emblem\u00e1ticos como la <strong>Torre Eiffel <\/strong>y el <strong>Arco del Triunfo.<\/strong><\/p>\n\n\n\n<p><em>\u00abQueremos ser recibidos hoy por la presidenta de la Asamblea Nacional (Diputados) y el presidente del Senado\u00bb<\/em>, manifest\u00f3 por su parte <strong>Bertrand Venteau, presidente de la Coordinaci\u00f3n Rural<\/strong>, segundo sindicato agr\u00edcola y conocido por sus acciones de mano dura.<\/p>\n\n\n\n<p><em>\u00abNo estamos aqu\u00ed para causar problemas\u00bb<\/em>, dijo <strong>Damien Cornier<\/strong>, un agricultor de 49 a\u00f1os del noroeste de Francia.<\/p>\n\n\n\n<div style=\"height:35px\" aria-hidden=\"true\" class=\"wp-block-spacer\"><\/div>\n\n\n<div class=\"wp-block-image\">\n<figure class=\"aligncenter size-large is-resized\"><a href=\"https:\/\/enolife.com.ar\/es\/wp-content\/uploads\/2026\/01\/ea614680-264f-4dce-8235-3d7175d86c87_16-9-discover-aspect-ratio_default_0.jpg\" data-rel=\"penci-gallery-image-content\" ><img loading=\"lazy\" decoding=\"async\" width=\"1024\" height=\"576\" src=\"https:\/\/enolife.com.ar\/es\/wp-content\/uploads\/2026\/01\/ea614680-264f-4dce-8235-3d7175d86c87_16-9-discover-aspect-ratio_default_0-1024x576.jpg\" alt=\"\" class=\"wp-image-172041\" style=\"width:712px;height:auto\" srcset=\"https:\/\/enolife.com.ar\/es\/wp-content\/uploads\/2026\/01\/ea614680-264f-4dce-8235-3d7175d86c87_16-9-discover-aspect-ratio_default_0-1024x576.jpg 1024w, https:\/\/enolife.com.ar\/es\/wp-content\/uploads\/2026\/01\/ea614680-264f-4dce-8235-3d7175d86c87_16-9-discover-aspect-ratio_default_0-300x169.jpg 300w, https:\/\/enolife.com.ar\/es\/wp-content\/uploads\/2026\/01\/ea614680-264f-4dce-8235-3d7175d86c87_16-9-discover-aspect-ratio_default_0-768x432.jpg 768w, https:\/\/enolife.com.ar\/es\/wp-content\/uploads\/2026\/01\/ea614680-264f-4dce-8235-3d7175d86c87_16-9-discover-aspect-ratio_default_0-1170x658.jpg 1170w, https:\/\/enolife.com.ar\/es\/wp-content\/uploads\/2026\/01\/ea614680-264f-4dce-8235-3d7175d86c87_16-9-discover-aspect-ratio_default_0-585x329.jpg 585w, https:\/\/enolife.com.ar\/es\/wp-content\/uploads\/2026\/01\/ea614680-264f-4dce-8235-3d7175d86c87_16-9-discover-aspect-ratio_default_0.jpg 1200w\" sizes=\"auto, (max-width: 1024px) 100vw, 1024px\" \/><\/a><\/figure><\/div>\n\n\n<div style=\"height:35px\" aria-hidden=\"true\" class=\"wp-block-spacer\"><\/div>\n\n\n\n<p>\u00abS\u00f3lo queremos trabajar y ganarnos la vida con nuestra profesi\u00f3n\u00bb, agreg\u00f3 este productor de remolacha azucarera.<\/p>\n\n\n\n<p>Las autoridades hab\u00edan prohibido el mi\u00e9rcoles por la noche el acceso de tractores a varias zonas sensibles de la capital, especialmente las sedes de la presidencia, del Parlamento, del ministerio de Agricultura o del mercado de abastecimiento de Rungis, entre otros.<\/p>\n\n\n\n<p><em>\u00abBloquear parcialmente la autopista A13, como ocurre esta ma\u00f1ana, o intentar llegar a la Asamblea Nacional con toda la simbolog\u00eda que eso conlleva, sigue siendo ilegal. El ministro del Interior no lo permitir\u00e1\u00bb<\/em>, dijo la portavoz del gobierno, <strong>Maud Bregeon.<\/strong><\/p>\n\n\n\n<p>El ministerio del Interior indic\u00f3 que un centenar de tractores est\u00e1n en Par\u00eds, <em>\u00abpero la mayor\u00eda est\u00e1n bloqueados a las puertas de la capital\u00bb.<\/em><\/p>\n\n\n\n<div style=\"height:34px\" aria-hidden=\"true\" class=\"wp-block-spacer\"><\/div>\n\n\n<div class=\"wp-block-image\">\n<figure class=\"aligncenter is-resized\"><img decoding=\"async\" src=\"https:\/\/s.france24.com\/media\/display\/4219b816-ec79-11f0-a4ee-005056bf30b7\/w:980\/4639f6dd3fa7e986157e27a7b1849d837895f58d.jpg\" alt=\"Un tractor bloquea una carretera en una entrada de Par\u00eds, el 8 de enero de 2026\" style=\"width:720px;height:auto\"\/><figcaption class=\"wp-element-caption\"><em><strong>Un tractor bloquea una carretera en una entrada de Par\u00eds (foto AFP).<\/strong><\/em><\/figcaption><\/figure><\/div>\n\n\n<div style=\"height:30px\" aria-hidden=\"true\" class=\"wp-block-spacer\"><\/div>\n\n\n\n<p>Estas no son las \u00fanicas protestas en Francia de este simb\u00f3lico sector. Los agricultores, especialmente de la Coordinaci\u00f3n Rural, bloquean carreteras en el suroeste y este del pa\u00eds, as\u00ed como dep\u00f3sitos de combustible.<\/p>\n\n\n\n<div style=\"height:29px\" aria-hidden=\"true\" class=\"wp-block-spacer\"><\/div>\n\n\n\n<p class=\"has-medium-font-size\"><strong>Reclamos invernales<\/strong><\/p>\n\n\n\n<p>Desde el invierno boreal de 2024, los agricultores llevan a cabo protestas cada a\u00f1o, aprovechando el menor trabajo en el campo en esta estaci\u00f3n fr\u00eda, para reclamar un alivio de las normas de producci\u00f3n y simplicaciones administrativas.<\/p>\n\n\n\n<p>A estos reclamos se suma en esta ocasi\u00f3n la gesti\u00f3n por parte del Estado de la <strong>dermatosis nodular bovina<\/strong>, una enfermedad animal. El gobierno impuso el sacrificio de los animales en sectores acotados cuando se confirma un caso positivo y se opone a una vacunaci\u00f3n a nivel nacional.<\/p>\n\n\n\n<p>Respecto al <strong>Mercosur<\/strong>, el gobierno enfrenta adem\u00e1s la presi\u00f3n de toda la clase pol\u00edtica, opuesta a este tratado de libre comercio. El l\u00edder conservador, <strong>Bruno Retailleau<\/strong>, amenaz\u00f3 el mi\u00e9rcoles 7\/1\/26 con una <em>\u00abmoci\u00f3n de censura\u00bb<\/em> si Francia dice s\u00ed al Mercosur.<\/p>\n\n\n\n<p>Aunque el presidente franc\u00e9s, <strong>Emmanuel Macron<\/strong>, logr\u00f3 bloquear la firma del acuerdo en diciembre, gracias al apoyo clave de <strong>Italia<\/strong>, Roma podr\u00eda dar ahora su visto bueno tras nuevas concesiones de <strong>Bruselas<\/strong> a los agricultores europeos.<\/p>\n\n\n\n<p>Para intentar apaciguar la ira agr\u00edcola, Francia suspendi\u00f3 durante el plazo de un a\u00f1o la importaci\u00f3n de algunos productos agr\u00edcolas tratados con sustancias prohibidas en la Uni\u00f3n Europea, principalmente sudamericanos. Bruselas debe ahora decidir si lo valida.<\/p>\n\n\n\n<div style=\"height:28px\" aria-hidden=\"true\" class=\"wp-block-spacer\"><\/div>\n\n\n\n<p class=\"has-small-font-size\"><em><strong>Fuente: Agencia AFP<\/strong><\/em><\/p>\n\n\n\n<div style=\"height:33px\" aria-hidden=\"true\" class=\"wp-block-spacer\"><\/div>\n","protected":false},"excerpt":{"rendered":"<p>Cientos de agricultores franceses entraron a Par\u00eds en la ma\u00f1ana de hoy jueves 8\/1\/26 a&hellip;<\/p>\n","protected":false},"author":2,"featured_media":172036,"comment_status":"closed","ping_status":"open","sticky":false,"template":"","format":"standard","meta":{"footnotes":""},"categories":[14],"tags":[],"class_list":["post-172034","post","type-post","status-publish","format-standard","has-post-thumbnail","hentry","category-news"],"_links":{"self":[{"href":"https:\/\/enolife.com.ar\/es\/wp-json\/wp\/v2\/posts\/172034","targetHints":{"allow":["GET"]}}],"collection":[{"href":"https:\/\/enolife.com.ar\/es\/wp-json\/wp\/v2\/posts"}],"about":[{"href":"https:\/\/enolife.com.ar\/es\/wp-json\/wp\/v2\/types\/post"}],"author":[{"embeddable":true,"href":"https:\/\/enolife.com.ar\/es\/wp-json\/wp\/v2\/users\/2"}],"replies":[{"embeddable":true,"href":"https:\/\/enolife.com.ar\/es\/wp-json\/wp\/v2\/comments?post=172034"}],"version-history":[{"count":0,"href":"https:\/\/enolife.com.ar\/es\/wp-json\/wp\/v2\/posts\/172034\/revisions"}],"wp:featuredmedia":[{"embeddable":true,"href":"https:\/\/enolife.com.ar\/es\/wp-json\/wp\/v2\/media\/172036"}],"wp:attachment":[{"href":"https:\/\/enolife.com.ar\/es\/wp-json\/wp\/v2\/media?parent=172034"}],"wp:term":[{"taxonomy":"category","embeddable":true,"href":"https:\/\/enolife.com.ar\/es\/wp-json\/wp\/v2\/categories?post=172034"},{"taxonomy":"post_tag","embeddable":true,"href":"https:\/\/enolife.com.ar\/es\/wp-json\/wp\/v2\/tags?post=172034"}],"curies":[{"name":"wp","href":"https:\/\/api.w.org\/{rel}","templated":true}]}}