{"id":172002,"date":"2026-01-07T17:09:11","date_gmt":"2026-01-07T17:09:11","guid":{"rendered":"https:\/\/enolife.com.ar\/es\/?p=172002"},"modified":"2026-01-08T22:53:39","modified_gmt":"2026-01-08T22:53:39","slug":"vota-al-programa-mendoza-oliva-bien-como-la-mejor-experiencia-internacional-de-oleoturismo","status":"publish","type":"post","link":"https:\/\/enolife.com.ar\/es\/vota-al-programa-mendoza-oliva-bien-como-la-mejor-experiencia-internacional-de-oleoturismo\/","title":{"rendered":"\u00a1Vot\u00e1 al programa Mendoza Oliva Bien como la mejor experiencia internacional de oleoturismo!"},"content":{"rendered":"\n<h4 class=\"wp-block-heading\"><em><strong>Hasta el 14 de enero de 2026, el p\u00fablico en general puede elegir -en el link abajo destacado- al programa de oleoturismo impulsado por el Ente Mendoza Turismo (Emetur) como el mejor del mundo. Se trata de una iniciativa que busca posicionar al aceite de oliva virgen extra (AOVE) mendocino como producto tur\u00edstico de excelencia.<\/strong><\/em><\/h4>\n\n\n\n<div style=\"height:31px\" aria-hidden=\"true\" class=\"wp-block-spacer\"><\/div>\n\n\n\n\n\n<div style=\"height:36px\" aria-hidden=\"true\" class=\"wp-block-spacer\"><\/div>\n\n\n\n<p>La provincia de <strong>Mendoza<\/strong> vuelve a destacarse en el escenario tur\u00edstico internacional al contar con la \u00fanica propuesta argentina que es finalista en los <strong>Premios Excelencias Tur\u00edsticas<\/strong> con\u00a0la iniciativa <strong>\u00abMendoza Oliva Bien\u00bb<\/strong>. Se trata de un programa de oleoturismo impulsado por el <strong>Ente Mendoza Turismo (Emetur)<\/strong> que busca posicionar al <strong>aceite de oliva virgen extra (AOVE)<\/strong> mendocino como un producto tur\u00edstico de excelencia. <\/p>\n\n\n\n<p>Cabe destacar que, en 2025, la provincia obtuvo el Premio Excelencias\u00a0con el <strong>Plan de Desarrollo de la Identidad Gastron\u00f3mica de Mendoza (Digam)<\/strong>, que compiti\u00f3 con propuestas provenientes de<strong> Colombia, Cuba, Espa\u00f1a, M\u00e9xico, Paraguay, Sud\u00e1frica y Venezuel<\/strong>a, reafirmando el nivel y la proyecci\u00f3n global de las propuestas mendocinas.<\/p>\n\n\n\n<div style=\"height:24px\" aria-hidden=\"true\" class=\"wp-block-spacer\"><\/div>\n\n\n\n<h3 class=\"wp-block-heading has-light-green-cyan-background-color has-background\">El p\u00fablico puede votar, hasta el 14 de enero, en\u00a0<a href=\"https:\/\/www.excelenciasgourmet.com\/es\/premios-excelencias-gourmet-2025-votacion\" target=\"_blank\" rel=\"noreferrer noopener\">www.excelenciasgourmet.com\/es\/premios-excelencias-gourmet-2025-votacion<\/a>.<\/h3>\n\n\n\n<div style=\"height:30px\" aria-hidden=\"true\" class=\"wp-block-spacer\"><\/div>\n\n\n\n<p>En este sentido, la presidenta del Emetur, <strong>Gabriela Testa<\/strong>, destac\u00f3 que <em>\u00abMendoza Oliva Bien\u00a0sintetiza el trabajo articulado entre los sectores p\u00fablico y privado para transformar nuestra identidad productiva en una experiencia tur\u00edstica de calidad internacional\u00bb.\u00a0<\/em><\/p>\n\n\n\n<p>Para la funcionaria, este reconocimiento reafirma el valor del oleoturismo<em> \u201ccomo motor de desarrollo sostenible y como una forma de mostrarle al mundo la esencia gastron\u00f3mica y cultural de Mendoza\u201d.<\/em><\/p>\n\n\n\n<p> Testa invit\u00f3 a mendocinos y turistas del pa\u00eds y el mundo que conozcan este programa a brindar su apoyo a trav\u00e9s del voto, lo que permitir\u00e1 seguir posicionando las diversas propuestas con las que Mendoza se proyecta al mundo.<\/p>\n\n\n\n<div style=\"height:30px\" aria-hidden=\"true\" class=\"wp-block-spacer\"><\/div>\n\n\n\n<p class=\"has-medium-font-size\"><strong>Premios Excelencias: reconocimiento internacional a la calidad tur\u00edstica<\/strong><\/p>\n\n\n\n<p>El grupo <strong>Excelencias, cl\u00faster internacional de comunicaci\u00f3n,<\/strong> entrega estos premios desde 2005 con el objetivo de fomentar y visibilizar lo mejor del turismo, la gastronom\u00eda, el arte y la cultura a nivel mundial. Los galardones se otorgan anualmente en el marco de la<strong> Feria Internacional de Turismo de Espa\u00f1a (Fitur),<\/strong> uno de los encuentros m\u00e1s relevantes de la industria tur\u00edstica global.<\/p>\n\n\n\n<p>Cada a\u00f1o, un jurado independiente, conformado por personalidades nacionales e internacionales, eval\u00faa de manera an\u00f3nima las candidaturas presentadas. El proceso se desarrolla bajo estrictas normas de confidencialidad: los jueces no se conocen entre s\u00ed ni acceden a las valoraciones de otros integrantes, lo cual garantiza una decisi\u00f3n imparcial y transparente.<\/p>\n\n\n\n<div style=\"height:33px\" aria-hidden=\"true\" class=\"wp-block-spacer\"><\/div>\n\n\n\n<p class=\"has-medium-font-size\"><strong>El p\u00fablico tambi\u00e9n elige<\/strong><\/p>\n\n\n\n<p>En la esta nueva edici\u00f3n, los Premios Excelencias vuelven a poner al p\u00fablico en el centro de la escena con el Premio del P\u00fablico Excelencias, un reconocimiento especial que distingue a las propuestas que logran una conexi\u00f3n genuina con la audiencia, m\u00e1s all\u00e1 de su excelencia t\u00e9cnica.<\/p>\n\n\n\n<div style=\"height:32px\" aria-hidden=\"true\" class=\"wp-block-spacer\"><\/div>\n\n\n\n<p class=\"has-medium-font-size\"><strong>Oleoturismo, identidad y desarrollo local<\/strong><\/p>\n\n\n\n<p>Mendoza Oliva Bien<em>\u00a0<\/em>integra el programa<em>\u00a0<\/em><strong>Vivencias Mendocinas<\/strong><em>,\u00a0<\/em>una iniciativa del Emetur que re\u00fane diversas experiencias orientadas a potenciar el turismo gastron\u00f3mico y rural en la provincia.<\/p>\n\n\n\n<p>La propuesta de los caminos del oleoturismo mendocino invita a los visitantes a vivir una experiencia integral en torno al AOVE, acompa\u00f1ando todo el proceso productivo: desde la cosecha en los olivares hasta el embotellado de uno de los productos m\u00e1s saludables y naturales de la gastronom\u00eda local.<\/p>\n\n\n\n<p>A lo largo del recorrido, los turistas pueden disfrutar de la gastronom\u00eda regional con el aceite de oliva como protagonista, participar en actividades recreativas, culturales y art\u00edsticas, y conectarse de manera directa con la identidad de las comunidades productoras.<\/p>\n\n\n\n<p>El programa incluye adem\u00e1s talleres y cursos sobre el uso de aceite de oliva no solo en la cocina, sino tambi\u00e9n en aplicaciones cosm\u00e9ticas y de salud, as\u00ed como en degustaciones de diferentes variedades de AOVE, que permiten apreciar sus propiedades organol\u00e9pticas.<\/p>\n\n\n\n<div style=\"height:33px\" aria-hidden=\"true\" class=\"wp-block-spacer\"><\/div>\n\n\n<div class=\"wp-block-image\">\n<figure class=\"aligncenter size-large is-resized\"><a href=\"https:\/\/enolife.com.ar\/es\/wp-content\/uploads\/2026\/01\/Cosecha-olivos.jpg\" data-rel=\"penci-gallery-image-content\" ><img loading=\"lazy\" decoding=\"async\" width=\"1024\" height=\"680\" src=\"https:\/\/enolife.com.ar\/es\/wp-content\/uploads\/2026\/01\/Cosecha-olivos-1024x680.jpg\" alt=\"\" class=\"wp-image-172012\" style=\"width:716px;height:auto\" srcset=\"https:\/\/enolife.com.ar\/es\/wp-content\/uploads\/2026\/01\/Cosecha-olivos-1024x680.jpg 1024w, https:\/\/enolife.com.ar\/es\/wp-content\/uploads\/2026\/01\/Cosecha-olivos-300x199.jpg 300w, https:\/\/enolife.com.ar\/es\/wp-content\/uploads\/2026\/01\/Cosecha-olivos-768x510.jpg 768w, https:\/\/enolife.com.ar\/es\/wp-content\/uploads\/2026\/01\/Cosecha-olivos-1170x777.jpg 1170w, https:\/\/enolife.com.ar\/es\/wp-content\/uploads\/2026\/01\/Cosecha-olivos-585x388.jpg 585w, https:\/\/enolife.com.ar\/es\/wp-content\/uploads\/2026\/01\/Cosecha-olivos.jpg 1280w\" sizes=\"auto, (max-width: 1024px) 100vw, 1024px\" \/><\/a><\/figure><\/div>\n\n\n<div style=\"height:30px\" aria-hidden=\"true\" class=\"wp-block-spacer\"><\/div>\n\n\n\n<p>En apoyo a la econom\u00eda regional, se promueve la compra de productos artesanales elaborados con aceite de oliva, como jabones, cremas, velas y alimentos, lo que fortalece el entramado productivo local.<\/p>\n\n\n\n<p>Asimismo, el camino oliv\u00edcola pone en valor un sistema colaborativo que garantiza la trazabilidad y la calidad del producto, impulsando el desarrollo econ\u00f3mico y cultural de las zonas productoras y consolidando una experiencia tur\u00edstica integral.<\/p>\n\n\n\n<div style=\"height:33px\" aria-hidden=\"true\" class=\"wp-block-spacer\"><\/div>\n\n\n\n<p class=\"has-medium-font-size\"><strong>Acciones de\u00a0Mendoza Oliva Bien<\/strong><\/p>\n\n\n\n<p>Los d\u00edas 3 y 4 de mayo de 2025, el Parque Metropolitano de Maip\u00fa fue escenario de la segunda edici\u00f3n del <strong>Festival Provincial del Envero<\/strong>, un encuentro cultural, gastron\u00f3mico y tur\u00edstico que busca consolidar a\u00a0<em>Mendoza Oliva Bien<\/em>\u00a0como una propuesta identitaria dentro de la oferta tur\u00edstica de la provincia.<\/p>\n\n\n\n<p>En 2025, adem\u00e1s, tambi\u00e9n en el marco de este programa, se desarrollaron las primeras Jornadas de Oleoturismo, que tuvieron importante asistencia de p\u00fablico y de expertos de renombre internacional.&nbsp;<\/p>\n\n\n\n<p>Adem\u00e1s, se desarroll\u00f3 un recetario con platos que nos proponen aprovechar lo mejor del AOVE. Est\u00e1 en l\u00ednea y se puede consultar y descargar a trav\u00e9s del enlace&nbsp;<a href=\"https:\/\/mza-dicaws-portal-uploads-media-prod.s3.amazonaws.com\/informacion-oficial\/uploads\/sites\/18\/2025\/11\/aove-guia-recetario-1.pdf\" target=\"_blank\" rel=\"noreferrer noopener\">https:\/\/mza-dicaws-portal-uploads-media-prod.s3.amazonaws.com\/informacion-oficial\/uploads\/sites\/18\/2025\/11\/aove-guia-recetario-1.pdf<\/a>&nbsp;&nbsp;<\/p>\n\n\n\n<p>El 26 de noviembre de 2025, en el marco del <strong>D\u00eda Internacional del Olivo<\/strong>, se inaugur\u00f3 el <strong>Paseo de los Olivos<\/strong>, que consiste en la puesta en valor de un espacio interpretativo ubicado en el coraz\u00f3n del <strong>Barrio C\u00edvico<\/strong>. Este espacio aleda\u00f1o a la fuente del Parque C\u00edvico conserva <strong>18 olivos centenarios<\/strong>, \u00faltimos testigos de esta especie, de la antigua <strong>Quinta Agron\u00f3mica de Mendoza<\/strong>, un sitio clave para el origen de la agronom\u00eda y la vitivinicultura argentinas. Este paseo invita a mendocinos y visitantes a redescubrir un patrimonio vivo que conecta historia, paisaje y cultura:\u00a0<a href=\"https:\/\/mendoza.tur.ar\/paseo-de-los-olivos\/\" target=\"_blank\" rel=\"noreferrer noopener\">https:\/\/mendoza.tur.ar\/paseo-de-los-olivos\/<\/a>\u00a0<\/p>\n\n\n\n<p>De esta manera,\u00a0<strong>Mendoza Oliva Bien<\/strong>\u00a0se posiciona como un modelo de turismo sostenible, al promover pr\u00e1cticas agr\u00edcolas responsables, fortalecer la econom\u00eda local y diversificar la oferta tur\u00edstica provincial con una experiencia aut\u00e9ntica y enriquecedora, que fomenta el respeto por el entorno y la cultura mendocina.<\/p>\n\n\n\n<div style=\"height:29px\" aria-hidden=\"true\" class=\"wp-block-spacer\"><\/div>\n\n\n\n<p class=\"has-small-font-size\"><em><strong>Fuente: Gobierno de Mendoza<\/strong><\/em><\/p>\n\n\n\n<div style=\"height:33px\" aria-hidden=\"true\" class=\"wp-block-spacer\"><\/div>\n","protected":false},"excerpt":{"rendered":"<p>Hasta el 14 de enero de 2026, el p\u00fablico en general puede elegir -en el&hellip;<\/p>\n","protected":false},"author":2,"featured_media":172009,"comment_status":"closed","ping_status":"open","sticky":false,"template":"","format":"standard","meta":{"footnotes":""},"categories":[47],"tags":[],"class_list":["post-172002","post","type-post","status-publish","format-standard","has-post-thumbnail","hentry","category-agenda"],"_links":{"self":[{"href":"https:\/\/enolife.com.ar\/es\/wp-json\/wp\/v2\/posts\/172002","targetHints":{"allow":["GET"]}}],"collection":[{"href":"https:\/\/enolife.com.ar\/es\/wp-json\/wp\/v2\/posts"}],"about":[{"href":"https:\/\/enolife.com.ar\/es\/wp-json\/wp\/v2\/types\/post"}],"author":[{"embeddable":true,"href":"https:\/\/enolife.com.ar\/es\/wp-json\/wp\/v2\/users\/2"}],"replies":[{"embeddable":true,"href":"https:\/\/enolife.com.ar\/es\/wp-json\/wp\/v2\/comments?post=172002"}],"version-history":[{"count":0,"href":"https:\/\/enolife.com.ar\/es\/wp-json\/wp\/v2\/posts\/172002\/revisions"}],"wp:featuredmedia":[{"embeddable":true,"href":"https:\/\/enolife.com.ar\/es\/wp-json\/wp\/v2\/media\/172009"}],"wp:attachment":[{"href":"https:\/\/enolife.com.ar\/es\/wp-json\/wp\/v2\/media?parent=172002"}],"wp:term":[{"taxonomy":"category","embeddable":true,"href":"https:\/\/enolife.com.ar\/es\/wp-json\/wp\/v2\/categories?post=172002"},{"taxonomy":"post_tag","embeddable":true,"href":"https:\/\/enolife.com.ar\/es\/wp-json\/wp\/v2\/tags?post=172002"}],"curies":[{"name":"wp","href":"https:\/\/api.w.org\/{rel}","templated":true}]}}