{"id":171961,"date":"2026-01-05T23:26:29","date_gmt":"2026-01-05T23:26:29","guid":{"rendered":"https:\/\/enolife.com.ar\/es\/?p=171961"},"modified":"2026-01-07T17:08:55","modified_gmt":"2026-01-07T17:08:55","slug":"la-fiesta-de-la-vendimia-cumple-90-anos-y-mendoza-lo-destaca-por-ley-en-sus-documentos-oficiales","status":"publish","type":"post","link":"https:\/\/enolife.com.ar\/es\/la-fiesta-de-la-vendimia-cumple-90-anos-y-mendoza-lo-destaca-por-ley-en-sus-documentos-oficiales\/","title":{"rendered":"La Fiesta de la Vendimia cumple 90 a\u00f1os y Mendoza lo destaca por ley en sus documentos oficiales"},"content":{"rendered":"\n<h4 class=\"wp-block-heading\"><em><strong>Este a\u00f1o 2026 la Fiesta emblem\u00e1tica de la provincia que celebra la cultura del vino y el trabajo llega a su aniversario 90. Establecida como una Fiesta Nacional hace d\u00e9cadas, y famosa en todo el mundo por su espectacularidad y convocatoria, el Gobierno de Mendoza la pone de relieve mediante una ley para que una leyenda con su referencia quede estampada en todos sus documentos oficiales.<\/strong><\/em><strong><em> <\/em><\/strong><\/h4>\n\n\n\n<div style=\"height:30px\" aria-hidden=\"true\" class=\"wp-block-spacer\"><\/div>\n\n\n<a href=\"https:\/\/estanciamendoza.com.ar\/es\/\" aria-label=\"Copia de BEM &#8211; Banner adaptaciones diario digital_BEM &#8211; Banner Enolife &#8211; 1700&#215;500\"><img loading=\"lazy\" decoding=\"async\" src=\"https:\/\/enolife.com.ar\/es\/wp-content\/uploads\/2019\/07\/Copia-de-BEM-Banner-adaptaciones-diario-digital_BEM-Banner-Enolife-1700x500-1.jpg\" alt=\"\"  srcset=\"https:\/\/enolife.com.ar\/es\/wp-content\/uploads\/2019\/07\/Copia-de-BEM-Banner-adaptaciones-diario-digital_BEM-Banner-Enolife-1700x500-1.jpg 1700w, https:\/\/enolife.com.ar\/es\/wp-content\/uploads\/2019\/07\/Copia-de-BEM-Banner-adaptaciones-diario-digital_BEM-Banner-Enolife-1700x500-1-300x88.jpg 300w, https:\/\/enolife.com.ar\/es\/wp-content\/uploads\/2019\/07\/Copia-de-BEM-Banner-adaptaciones-diario-digital_BEM-Banner-Enolife-1700x500-1-1024x301.jpg 1024w, https:\/\/enolife.com.ar\/es\/wp-content\/uploads\/2019\/07\/Copia-de-BEM-Banner-adaptaciones-diario-digital_BEM-Banner-Enolife-1700x500-1-768x226.jpg 768w, https:\/\/enolife.com.ar\/es\/wp-content\/uploads\/2019\/07\/Copia-de-BEM-Banner-adaptaciones-diario-digital_BEM-Banner-Enolife-1700x500-1-1536x452.jpg 1536w, https:\/\/enolife.com.ar\/es\/wp-content\/uploads\/2019\/07\/Copia-de-BEM-Banner-adaptaciones-diario-digital_BEM-Banner-Enolife-1700x500-1-1170x344.jpg 1170w, https:\/\/enolife.com.ar\/es\/wp-content\/uploads\/2019\/07\/Copia-de-BEM-Banner-adaptaciones-diario-digital_BEM-Banner-Enolife-1700x500-1-585x172.jpg 585w\" sizes=\"auto, (max-width: 1700px) 100vw, 1700px\" width=\"1700\" height=\"500\"   \/><\/a>\n\n\n<div style=\"height:33px\" aria-hidden=\"true\" class=\"wp-block-spacer\"><\/div>\n\n\n\n<p>El <strong>16 de diciembre de 2025<\/strong>, el Senado y la C\u00e1mara de Diputados de la provincia de <strong>Mendoza<\/strong> sancionaron la <strong>Ley 9.689<\/strong>, por iniciativa del Ministerio de Gobierno, Infraestructura y Desarrollo Territorial, mediante la cual se declara al 2026 como el <strong>\u201cA\u00f1o del 90\u00b0 aniversario de la Fiesta Nacional de la Vendimia\u201d.<\/strong> Asimismo, la norma dispone la incorporaci\u00f3n de dicha leyenda en la documentaci\u00f3n oficial a partir del <strong>1\/1\/1026, por lo que ya figura<\/strong> en toda la papeler\u00eda, comunicaciones, publicidades y gr\u00e1fica del gobierno provincial.<\/p>\n\n\n\n<p>La ley se enmarca en la conmemoraci\u00f3n de las 9 d\u00e9cadas de la celebraci\u00f3n m\u00e1s emblem\u00e1tica de la identidad mendocina, s\u00edmbolo del trabajo, la cultura y la producci\u00f3n vitivin\u00edcola de la provincia, cuyo acto central en esta edici\u00f3n 2026 lleva por nombre&nbsp;\u00ab90 cosechas de una misma cepa\u00bb.<\/p>\n\n\n\n<p>Durante todo 2026, la documentaci\u00f3n oficial -tanto gr\u00e1fica como digital- de la Administraci\u00f3n P\u00fablica Provincial, centralizada y descentralizada, as\u00ed como la de los entes aut\u00e1rquicos dependientes, deber\u00e1 incorporar la leyenda \u201cA\u00f1o del 90\u00b0 aniversario de la Fiesta Nacional de la Vendimia\u201d.<\/p>\n\n\n\n<div style=\"height:20px\" aria-hidden=\"true\" class=\"wp-block-spacer\"><\/div>\n\n\n<div class=\"wp-block-image\">\n<figure class=\"aligncenter size-large is-resized\"><a href=\"https:\/\/enolife.com.ar\/es\/wp-content\/uploads\/2024\/10\/Bailarines-Vendimia1-e1706098569964.jpg\" data-rel=\"penci-gallery-image-content\" ><img loading=\"lazy\" decoding=\"async\" width=\"1024\" height=\"440\" src=\"https:\/\/enolife.com.ar\/es\/wp-content\/uploads\/2024\/10\/Bailarines-Vendimia1-e1706098569964-1024x440.jpg\" alt=\"\" class=\"wp-image-127427\" style=\"width:750px;height:auto\" srcset=\"https:\/\/enolife.com.ar\/es\/wp-content\/uploads\/2024\/10\/Bailarines-Vendimia1-e1706098569964-1024x440.jpg 1024w, https:\/\/enolife.com.ar\/es\/wp-content\/uploads\/2024\/10\/Bailarines-Vendimia1-e1706098569964-300x129.jpg 300w, https:\/\/enolife.com.ar\/es\/wp-content\/uploads\/2024\/10\/Bailarines-Vendimia1-e1706098569964-768x330.jpg 768w, https:\/\/enolife.com.ar\/es\/wp-content\/uploads\/2024\/10\/Bailarines-Vendimia1-e1706098569964-1170x503.jpg 1170w, https:\/\/enolife.com.ar\/es\/wp-content\/uploads\/2024\/10\/Bailarines-Vendimia1-e1706098569964-585x251.jpg 585w, https:\/\/enolife.com.ar\/es\/wp-content\/uploads\/2024\/10\/Bailarines-Vendimia1-e1706098569964.jpg 1280w\" sizes=\"auto, (max-width: 1024px) 100vw, 1024px\" \/><\/a><\/figure><\/div>\n\n\n<div style=\"height:43px\" aria-hidden=\"true\" class=\"wp-block-spacer\"><\/div>\n\n\n\n<p>Adem\u00e1s, en su art\u00edculo 3\u00b0, la normativa invita a los municipios de la provincia a adherir a la ley y a utilizar la gr\u00e1fica correspondiente en sus comunicados y documentos oficiales, para fortalecer una conmemoraci\u00f3n unificada en todo el territorio mendocino.<\/p>\n\n\n\n<p>De este modo, la normativa busca que cada comunicaci\u00f3n oficial contribuya a destacar la importancia hist\u00f3rica, cultural y productiva de la Fiesta Nacional de la Vendimia, emblema de la identidad mendocina.&nbsp;<\/p>\n\n\n\n<div style=\"height:34px\" aria-hidden=\"true\" class=\"wp-block-spacer\"><\/div>\n\n\n\n<p class=\"has-medium-font-size\"><strong>Una historia inspirada en tradiciones ancestrales<\/strong><\/p>\n\n\n\n<p>La Fiesta de la Vendimia es motor de empleo para miles de artistas, t\u00e9cnicos, prestadores de servicios, comerciantes y dem\u00e1s sectores. De manera directa e indirecta, esta celebraci\u00f3n \u00fanica se ha consolidado como una verdadera vidriera a trav\u00e9s de la cual el mundo nos mira fascinado, por las caracter\u00edsticas de la Fiesta Nacional de la Vendimia.<\/p>\n\n\n\n<p>La <strong>Fiesta Nacional de la Vendimia<\/strong> es el resultado de distintas y emocionantes celebraciones, que comienzan en cada barrio y cada distrito de la provincia con las denominadas fiestas departamentales, donde se elige la reina de cada distrito y la candidata a la corona nacional de cada uno de los 18 municipios. Adem\u00e1s, en este per\u00edodo que arranca a comienzos de diciembre de cada a\u00f1o, previo al Acto Central, durante el denominaco Calendario Vendimia, se palpitan propuestas art\u00edsticas y tur\u00edsticas, que ofrecen arte en todas sus manifestaciones a mendocinas, mendocinos y turistas. <\/p>\n\n\n\n<div style=\"height:32px\" aria-hidden=\"true\" class=\"wp-block-spacer\"><\/div>\n\n\n<div class=\"wp-block-image\">\n<figure class=\"aligncenter size-large is-resized\"><a href=\"https:\/\/enolife.com.ar\/es\/wp-content\/uploads\/2025\/12\/Bailarines-Vendimia-e1765986727607.jpg\" data-rel=\"penci-gallery-image-content\" ><img loading=\"lazy\" decoding=\"async\" width=\"1024\" height=\"560\" src=\"https:\/\/enolife.com.ar\/es\/wp-content\/uploads\/2025\/12\/Bailarines-Vendimia-e1765986727607-1024x560.jpg\" alt=\"\" class=\"wp-image-171467\" style=\"width:757px;height:auto\" srcset=\"https:\/\/enolife.com.ar\/es\/wp-content\/uploads\/2025\/12\/Bailarines-Vendimia-e1765986727607-1024x560.jpg 1024w, https:\/\/enolife.com.ar\/es\/wp-content\/uploads\/2025\/12\/Bailarines-Vendimia-e1765986727607-300x164.jpg 300w, https:\/\/enolife.com.ar\/es\/wp-content\/uploads\/2025\/12\/Bailarines-Vendimia-e1765986727607-768x420.jpg 768w, https:\/\/enolife.com.ar\/es\/wp-content\/uploads\/2025\/12\/Bailarines-Vendimia-e1765986727607-1536x840.jpg 1536w, https:\/\/enolife.com.ar\/es\/wp-content\/uploads\/2025\/12\/Bailarines-Vendimia-e1765986727607-2048x1120.jpg 2048w, https:\/\/enolife.com.ar\/es\/wp-content\/uploads\/2025\/12\/Bailarines-Vendimia-e1765986727607-1170x640.jpg 1170w, https:\/\/enolife.com.ar\/es\/wp-content\/uploads\/2025\/12\/Bailarines-Vendimia-e1765986727607-585x320.jpg 585w\" sizes=\"auto, (max-width: 1024px) 100vw, 1024px\" \/><\/a><\/figure><\/div>\n\n\n<div style=\"height:32px\" aria-hidden=\"true\" class=\"wp-block-spacer\"><\/div>\n\n\n\n<p>La <strong>Fiesta de Mendoza, <\/strong>admirada en todo el mundo, est\u00e1 inspirada en celebraciones ancestrales, pero fue el gobernador <strong>Guillermo Cano<\/strong> quien adopt\u00f3 la idea, que ahora es parte integral de nuestra identidad. Este es un breve repaso hist\u00f3rico, a lo largo de los a\u00f1os:<\/p>\n\n\n\n<div style=\"height:25px\" aria-hidden=\"true\" class=\"wp-block-spacer\"><\/div>\n\n\n\n<ul class=\"wp-block-list\">\n<li><strong>En 1913<\/strong>, m\u00e1s precisamente el 11 de abril, se marc\u00f3 el primer antecedente de la Fiesta de la Vendimia, cuando, en el marco del<strong> Segundo Congreso Nacional de la Industria y el Comercio<\/strong>, se decidi\u00f3 finalizar con un desfile de vendimiadores y carrozas. Adem\u00e1s, un tren decorado con vides recorri\u00f3 varias zonas de vi\u00f1edos y bodegas. No obstante, hubo un largo per\u00edodo de 23 a\u00f1os en el que no hubo celebraci\u00f3n.<\/li>\n<\/ul>\n\n\n\n<div style=\"height:15px\" aria-hidden=\"true\" class=\"wp-block-spacer\"><\/div>\n\n\n\n<ul class=\"wp-block-list\">\n<li><strong>En 1936,<\/strong><em> <\/em>el gobernador Guillermo Cano y Frank Romero Day, ministro de Obras P\u00fablicas de la \u00e9poca, lograron que un decreto provincial institucionalizara la primera Fiesta de la Vendimia. La primera gran celebraci\u00f3n alberg\u00f3 a 25.000 personas y se consagr\u00f3 como primera reina de la Vendimia a Delia Larrive Escudero, quien represent\u00f3 a Godoy Cruz. As\u00ed, desde ese a\u00f1o, esta fiesta t\u00edpicamente mendocina celebra la uva transformada en vino a trav\u00e9s del esfuerzo de los productores. Con los a\u00f1os, se ha convertido en una de las celebraciones argentinas m\u00e1s reconocidas a nivel internacional y nacional. Ese mismo a\u00f1o (1936), se llam\u00f3 a concurso para llevar a cabo la tradicional marcha musical de la Vendimia. Recibi\u00f3 el primer premio Ernesto Fluix\u00e1 y la interpret\u00f3 la Banda de M\u00fasica de la Polic\u00eda, dirigida por Fidel Mar\u00eda Blanco.<\/li>\n<\/ul>\n\n\n\n<div style=\"height:13px\" aria-hidden=\"true\" class=\"wp-block-spacer\"><\/div>\n\n\n\n<ul class=\"wp-block-list\">\n<li><strong>En 1937<\/strong>, se da inicio al dise\u00f1o de carros aleg\u00f3ricos, que desfilan por las calles del Parque General San Mart\u00edn. Por primera vez se cobra entrada para asistir al espect\u00e1culo y se lanzan al cielo centenares de fuegos de artificio. El espect\u00e1culo central y el Carrusel se unieron con un desfile de g\u00f3ndolas, en el Lago del Parque, y result\u00f3 electa Elia Rico, como segunda soberana vendimial.<\/li>\n<\/ul>\n\n\n\n<div style=\"height:16px\" aria-hidden=\"true\" class=\"wp-block-spacer\"><\/div>\n\n\n\n<ul class=\"wp-block-list\">\n<li><strong>El a\u00f1o 1939 <\/strong>fue un a\u00f1o de grandes innovaciones: se realiz\u00f3 por primera vez la <strong>Bendici\u00f3n de los Frutos<\/strong>, utilizando el Parque General San Mart\u00edn como escenario, y la elecci\u00f3n y coronaci\u00f3n de la reina pasa a ser una instancia que cierra la noche. Por primera vez, se hace en la Ciudad de Mendoza el <strong>Carrusel<\/strong>. Con el t\u00edtulo de Corso de los Carros Aleg\u00f3ricos, naci\u00f3 lo que se conocer\u00e1 como V\u00eda Blanca de las Reinas. Se completan los s\u00edmbolos lit\u00fargicos con la imagen Virgen de la Carrodilla, patrona de los vi\u00f1edos.<\/li>\n<\/ul>\n\n\n\n<div style=\"height:12px\" aria-hidden=\"true\" class=\"wp-block-spacer\"><\/div>\n\n\n\n<ul class=\"wp-block-list\">\n<li><strong>En 1940,<\/strong> se instal\u00f3 un escenario flotante en el <strong>Lago del Parque General San Mart\u00edn<\/strong>, con la presentaci\u00f3n de 250 artistas. Luego de los actos, los organizadores ven la necesidad de mayor espacio para albergar al p\u00fablico, que aumentaba sin cesar, y se incorporan luces, como toque especial de atracci\u00f3n.<\/li>\n<\/ul>\n\n\n\n<div style=\"height:15px\" aria-hidden=\"true\" class=\"wp-block-spacer\"><\/div>\n\n\n\n<ul class=\"wp-block-list\">\n<li><strong>En 1943<\/strong>, se decidi\u00f3 el retorno del escenario a la rotonda del Parque San Mart\u00edn, para ofrecer la primera trama argumental de la historia vendimial.<\/li>\n<\/ul>\n\n\n\n<div style=\"height:9px\" aria-hidden=\"true\" class=\"wp-block-spacer\"><\/div>\n\n\n\n<ul class=\"wp-block-list\">\n<li>En 1944, se adopt\u00f3 una marcha oficial. La elegida fue \u00abCanto a Mendoza\u00bb, cuya primera grabaci\u00f3n fue realizada por <strong>Francisco Canaro<\/strong>, con la voz de <strong>Hugo del Carril.<\/strong><\/li>\n<\/ul>\n\n\n\n<div style=\"height:30px\" aria-hidden=\"true\" class=\"wp-block-spacer\"><\/div>\n\n\n\n<p class=\"has-medium-font-size\"><strong>Un hito en la vida de los mendocinos<\/strong><\/p>\n\n\n\n<p>A lo largo de los a\u00f1os, la Fiesta de la Vendimia ha marcado no solamente un hito hist\u00f3rico sino que tambi\u00e9n es presencia constante y referencia en la sociedad mendocina.<\/p>\n\n\n\n<div style=\"height:15px\" aria-hidden=\"true\" class=\"wp-block-spacer\"><\/div>\n\n\n<div class=\"wp-block-image\">\n<figure class=\"aligncenter size-full is-resized\"><a href=\"https:\/\/enolife.com.ar\/es\/wp-content\/uploads\/2026\/01\/Reina-de-la-Vendimia-2025.jpg\" data-rel=\"penci-gallery-image-content\" ><img loading=\"lazy\" decoding=\"async\" width=\"686\" height=\"386\" src=\"https:\/\/enolife.com.ar\/es\/wp-content\/uploads\/2026\/01\/Reina-de-la-Vendimia-2025.jpg\" alt=\"\" class=\"wp-image-171974\" style=\"width:728px;height:auto\" srcset=\"https:\/\/enolife.com.ar\/es\/wp-content\/uploads\/2026\/01\/Reina-de-la-Vendimia-2025.jpg 686w, https:\/\/enolife.com.ar\/es\/wp-content\/uploads\/2026\/01\/Reina-de-la-Vendimia-2025-300x169.jpg 300w, https:\/\/enolife.com.ar\/es\/wp-content\/uploads\/2026\/01\/Reina-de-la-Vendimia-2025-585x329.jpg 585w\" sizes=\"auto, (max-width: 686px) 100vw, 686px\" \/><\/a><figcaption class=\"wp-element-caption\"><em><strong>Alejandrina Funes, reina Nacional de la Vendimia en 2025.<\/strong><\/em><\/figcaption><\/figure><\/div>\n\n\n<div style=\"height:17px\" aria-hidden=\"true\" class=\"wp-block-spacer\"><\/div>\n\n\n\n<ul class=\"wp-block-list\">\n<li><strong>En 2010,<\/strong> al conmemorarse el Bicentenario de la Revoluci\u00f3n de Mayo, todos los actos vendimiales aludieron a esta fecha fundamental de nuestra historia. La mayor\u00eda de los carros departamentales celebraron con los colores de la Bandera Nacional y, en el Teatro Griego, se pudo disfrutar de<em> Cantos de vino y libertad, <\/em>bajo la direcci\u00f3n de Vilma R\u00fapolo. Parte del talento de nuestros artistas lleg\u00f3 a Buenos Aires, con una puesta majestuosa que pudo disfrutarse en el obelisco.<\/li>\n<\/ul>\n\n\n\n<div style=\"height:15px\" aria-hidden=\"true\" class=\"wp-block-spacer\"><\/div>\n\n\n\n<ul class=\"wp-block-list\">\n<li><strong>A partir de 2016<\/strong>, se dejaron de utilizar los fuegos artificiales tradicionales para dar paso a la denominada <strong>\u201cpirotecnia fr\u00eda\u201d<\/strong>, con el objetivo de proteger a las personas con discapacidad, ni\u00f1os, adultos mayores y animales. Esto marca un paso m\u00e1s de la Fiesta Nacional de la Vendimia hacia la <strong>inclusi\u00f3n.<\/strong><\/li>\n<\/ul>\n\n\n\n<div style=\"height:20px\" aria-hidden=\"true\" class=\"wp-block-spacer\"><\/div>\n\n\n\n<ul class=\"wp-block-list\">\n<li><strong>En 2021,<\/strong> a causa de las restricciones por la pandemia de Covid 19, el Gobierno de Mendoza decidi\u00f3 realizar una versi\u00f3n cinematogr\u00e1fica de la gran fiesta. <strong>\u00abHistorias de Vendimia\u00bb<\/strong> fue un potente relato coral en torno a la vid y el vino, como a la propia historia y geograf\u00eda provincial. Si bien se bas\u00f3 en un pu\u00f1ado de sus t\u00f3picos tradicionales, los actualiz\u00f3 y resignific\u00f3 creando una pieza visual maravillosa. La tarea estuvo a cargo de 6 directores audiovisuales y grandes directores vendimiales hist\u00f3ricos, referentes de la cultura mendocina.<\/li>\n<\/ul>\n\n\n\n<div style=\"height:15px\" aria-hidden=\"true\" class=\"wp-block-spacer\"><\/div>\n\n\n\n<ul class=\"wp-block-list\">\n<li><strong>En 2022, <\/strong>el Acto Central y las repeticiones volvieron al Teatro Griego Frank Romero Day y el resto de los eventos vendimiales recuperaron sus espacios. Bajo la direcci\u00f3n de Vilma R\u00fapolo y Federico Ortega, se pudo disfrutar de <strong>\u00abMilagro del vino nuevo\u00bb,<\/strong> con varios centenares de artistas en escena y una puesta ovacionada por mendocinos y turistas.&nbsp;<\/li>\n<\/ul>\n\n\n\n<div style=\"height:16px\" aria-hidden=\"true\" class=\"wp-block-spacer\"><\/div>\n\n\n\n<ul class=\"wp-block-list\">\n<li><strong>En 2023<\/strong>, la Fiesta Nacional de la Vendimia, llamada <strong>\u00abJuglares de la Vendimia<\/strong><em>, <\/em><strong>un canto a la naturaleza\u00bb<\/strong><em>, <\/em>fue dirigida por el joven bailar\u00edn y core\u00f3grafo <strong>Franco Ag\u00fcero<\/strong>, artista y hacedor cultural que debut\u00f3 en esa tarea.<\/li>\n<\/ul>\n\n\n\n<div style=\"height:22px\" aria-hidden=\"true\" class=\"wp-block-spacer\"><\/div>\n\n\n\n<p class=\"has-medium-font-size\"><strong>62 a\u00f1os en el Teatro Griego Frank Romero Day<\/strong><\/p>\n\n\n\n<p>El m\u00edtico espacio que alberga a la Fiesta Nacional de la Vendimia desde hace m\u00e1s de 6 d\u00e9cadas fue ideado por el arquitecto <strong>Daniel Ramos Correas en 1938. <\/strong>Se empez\u00f3 a construir en 1941, cuando el ministro de Econom\u00eda, Obras P\u00fablicas y Riego, <strong>Frank Romero Day<\/strong>, asign\u00f3 los fondos estatales.<\/p>\n\n\n\n<div style=\"height:23px\" aria-hidden=\"true\" class=\"wp-block-spacer\"><\/div>\n\n\n<div class=\"wp-block-image\">\n<figure class=\"aligncenter size-full is-resized\"><a href=\"https:\/\/enolife.com.ar\/es\/wp-content\/uploads\/2026\/01\/Reina-subteniente.jpg\" data-rel=\"penci-gallery-image-content\" ><img loading=\"lazy\" decoding=\"async\" width=\"905\" height=\"510\" src=\"https:\/\/enolife.com.ar\/es\/wp-content\/uploads\/2026\/01\/Reina-subteniente.jpg\" alt=\"\" class=\"wp-image-171977\" style=\"width:712px;height:auto\" srcset=\"https:\/\/enolife.com.ar\/es\/wp-content\/uploads\/2026\/01\/Reina-subteniente.jpg 905w, https:\/\/enolife.com.ar\/es\/wp-content\/uploads\/2026\/01\/Reina-subteniente-300x169.jpg 300w, https:\/\/enolife.com.ar\/es\/wp-content\/uploads\/2026\/01\/Reina-subteniente-768x433.jpg 768w, https:\/\/enolife.com.ar\/es\/wp-content\/uploads\/2026\/01\/Reina-subteniente-585x330.jpg 585w\" sizes=\"auto, (max-width: 905px) 100vw, 905px\" \/><\/a><figcaption class=\"wp-element-caption\"><em><strong>La reina de la Vendimia 2025, Alejandrina Funes Napoletano (izq.), tambi\u00e9n es subteniente de reserva del Ej\u00e9rcito argentino.<\/strong><\/em><strong><em> <\/em><\/strong><\/figcaption><\/figure><\/div>\n\n\n<div style=\"height:19px\" aria-hidden=\"true\" class=\"wp-block-spacer\"><\/div>\n\n\n\n<p>Las obras estuvieron detenidas durante a\u00f1os y se estrenaron parcialmente el <strong>30 de diciembre de 1950, <\/strong>cuando se present\u00f3 <strong>\u00abEl canto de San Mart\u00edn\u00bb.<\/strong><\/p>\n\n\n\n<p>En <strong>1962 se decidi\u00f3 continuar con las obras<\/strong> y, en 1963, la fiesta adquiri\u00f3 su escenario definitivo: el <strong>Teatro Griego Frank Romero Day.<\/strong> De esa forma se inici\u00f3 la expansi\u00f3n hacia los cerros, para los espect\u00e1culos de luz y sonido. Desde entonces, salvo en 2002, que ocup\u00f3 el estadio Malvinas Argentinas, y en 2021, que tuvo una versi\u00f3n cinematogr\u00e1fica por el Covid 19, la Vendimia se presenta todos los a\u00f1os en este impactante espacio, rodeado por los paisajes t\u00edpicos de Mendoza.<\/p>\n\n\n\n<p>La hoy Fiesta Nacional de la Vendimia fue creciendo en forma y contenido en todos sus aspectos, donde se suma la elecci\u00f3n de la reina nacional de la Vendimia, quien se convierte en embajadora del vino, con el objetivo de representar a Mendoza en el mundo.<\/p>\n\n\n\n<div style=\"height:34px\" aria-hidden=\"true\" class=\"wp-block-spacer\"><\/div>\n","protected":false},"excerpt":{"rendered":"<p>Este a\u00f1o 2026 la Fiesta emblem\u00e1tica de la provincia que celebra la cultura del vino&hellip;<\/p>\n","protected":false},"author":2,"featured_media":130477,"comment_status":"closed","ping_status":"open","sticky":false,"template":"","format":"standard","meta":{"footnotes":""},"categories":[14],"tags":[],"class_list":["post-171961","post","type-post","status-publish","format-standard","has-post-thumbnail","hentry","category-news"],"_links":{"self":[{"href":"https:\/\/enolife.com.ar\/es\/wp-json\/wp\/v2\/posts\/171961","targetHints":{"allow":["GET"]}}],"collection":[{"href":"https:\/\/enolife.com.ar\/es\/wp-json\/wp\/v2\/posts"}],"about":[{"href":"https:\/\/enolife.com.ar\/es\/wp-json\/wp\/v2\/types\/post"}],"author":[{"embeddable":true,"href":"https:\/\/enolife.com.ar\/es\/wp-json\/wp\/v2\/users\/2"}],"replies":[{"embeddable":true,"href":"https:\/\/enolife.com.ar\/es\/wp-json\/wp\/v2\/comments?post=171961"}],"version-history":[{"count":0,"href":"https:\/\/enolife.com.ar\/es\/wp-json\/wp\/v2\/posts\/171961\/revisions"}],"wp:featuredmedia":[{"embeddable":true,"href":"https:\/\/enolife.com.ar\/es\/wp-json\/wp\/v2\/media\/130477"}],"wp:attachment":[{"href":"https:\/\/enolife.com.ar\/es\/wp-json\/wp\/v2\/media?parent=171961"}],"wp:term":[{"taxonomy":"category","embeddable":true,"href":"https:\/\/enolife.com.ar\/es\/wp-json\/wp\/v2\/categories?post=171961"},{"taxonomy":"post_tag","embeddable":true,"href":"https:\/\/enolife.com.ar\/es\/wp-json\/wp\/v2\/tags?post=171961"}],"curies":[{"name":"wp","href":"https:\/\/api.w.org\/{rel}","templated":true}]}}