{"id":171832,"date":"2025-12-30T20:42:20","date_gmt":"2025-12-30T20:42:20","guid":{"rendered":"https:\/\/enolife.com.ar\/es\/?p=171832"},"modified":"2025-12-31T18:35:26","modified_gmt":"2025-12-31T18:35:26","slug":"los-reyes-magos-de-bianchi-llevan-42-anos-alegrando-a-los-ninos-de-san-rafael-y-vuelven-el-5-1","status":"publish","type":"post","link":"https:\/\/enolife.com.ar\/es\/los-reyes-magos-de-bianchi-llevan-42-anos-alegrando-a-los-ninos-de-san-rafael-y-vuelven-el-5-1\/","title":{"rendered":"Los Reyes Magos de Bianchi llevan 42 a\u00f1os alegrando a los ni\u00f1os de San Rafael y vuelven el 5\/1"},"content":{"rendered":"\n<h4 class=\"wp-block-heading\"><em><strong>El tradicional desfile organizado por la casi centenaria bodega local, que cada enero desde 1983 re\u00fane a cerca de 30.000 personas en el centro de la segunda ciudad de Mendoza, este a\u00f1o partir\u00e1 desde Plaza Francia.<\/strong><\/em><\/h4>\n\n\n\n<div style=\"height:32px\" aria-hidden=\"true\" class=\"wp-block-spacer\"><\/div>\n\n\n<a href=\"https:\/\/www.parsecsrl.net\/es\/extraccion-selectiva-tintos\/\" aria-label=\"banner1700x500-rev-9\"><img loading=\"lazy\" decoding=\"async\" src=\"https:\/\/enolife.com.ar\/es\/wp-content\/uploads\/2022\/04\/banner1700x500-rev-9.gif\" alt=\"\"  width=\"1700\" height=\"500\"   \/><\/a>\n\n\n<div style=\"height:36px\" aria-hidden=\"true\" class=\"wp-block-spacer\"><\/div>\n\n\n\n<p>Como todos los a\u00f1os, este pr\u00f3ximo <strong>5 de enero de 2026<\/strong> llegar\u00e1 uno de los eventos m\u00e1s esperados por las familias y los ni\u00f1os de <strong>San Rafael,<\/strong> el <strong>Carrousel de los Reyes Magos<\/strong>, organizado por <strong>Bodegas Bianchi.<\/strong> El evento que m\u00e1s p\u00fablico re\u00fane en una \u00fanica jornada en San Rafael -y que desde hace m\u00e1s de 4 d\u00e9cadas organiza la bodega junto a sus empleados- llega nuevamente para reunir esfuerzos en pos de los ni\u00f1os y ancianos en situaci\u00f3n de vulnerabilidad del departamento. Se trata de una de las acciones de Responsabilidad Social m\u00e1s importantes de la provincia que cuenta con apoyo de la <strong>Municipalidad de San Rafael<\/strong>, la Polic\u00eda de Mendoza, y diversas empresas locales que contribuyen desinteresadamente para hacer realidad esta iniciativa solidaria.<\/p>\n\n\n\n<p>Bodegas Bianchi contin\u00faa demostrando su compromiso con la comunidad de San Rafael, su terru\u00f1o de origen, impulsando esta celebraci\u00f3n que tendr\u00e1 a los Reyes Magos recorriendo las distintas calles de la ciudad <strong>para recibir las cartitas de los ni\u00f1os<\/strong> y al d\u00eda siguiente entregar junto a los empleados y la familia Bianchi lo donado por distintas empresas del medio.<\/p>\n\n\n\n<div style=\"height:32px\" aria-hidden=\"true\" class=\"wp-block-spacer\"><\/div>\n\n\n<div class=\"wp-block-image\">\n<figure class=\"aligncenter size-large is-resized\"><a href=\"https:\/\/enolife.com.ar\/es\/wp-content\/uploads\/2025\/12\/Reyes-magos-de-Bianchi1.jpeg\" data-rel=\"penci-gallery-image-content\" ><img loading=\"lazy\" decoding=\"async\" width=\"1024\" height=\"682\" src=\"https:\/\/enolife.com.ar\/es\/wp-content\/uploads\/2025\/12\/Reyes-magos-de-Bianchi1-1024x682.jpeg\" alt=\"\" class=\"wp-image-171840\" style=\"width:726px;height:auto\" srcset=\"https:\/\/enolife.com.ar\/es\/wp-content\/uploads\/2025\/12\/Reyes-magos-de-Bianchi1-1024x682.jpeg 1024w, https:\/\/enolife.com.ar\/es\/wp-content\/uploads\/2025\/12\/Reyes-magos-de-Bianchi1-300x200.jpeg 300w, https:\/\/enolife.com.ar\/es\/wp-content\/uploads\/2025\/12\/Reyes-magos-de-Bianchi1-768x512.jpeg 768w, https:\/\/enolife.com.ar\/es\/wp-content\/uploads\/2025\/12\/Reyes-magos-de-Bianchi1-1170x780.jpeg 1170w, https:\/\/enolife.com.ar\/es\/wp-content\/uploads\/2025\/12\/Reyes-magos-de-Bianchi1-585x390.jpeg 585w, https:\/\/enolife.com.ar\/es\/wp-content\/uploads\/2025\/12\/Reyes-magos-de-Bianchi1.jpeg 1280w\" sizes=\"auto, (max-width: 1024px) 100vw, 1024px\" \/><\/a><\/figure><\/div>\n\n\n<div style=\"height:32px\" aria-hidden=\"true\" class=\"wp-block-spacer\"><\/div>\n\n\n\n<p>La tradicional carroza, dise\u00f1ada y construida especialmente para esta ocasi\u00f3n, ser\u00e1 el centro de atenci\u00f3n del desfile que recorrer\u00e1 las principales calles de la ciudad. Con luces, colores y detalles que evocan la festividad de Reyes, se convertir\u00e1 en un s\u00edmbolo de esperanza y alegr\u00eda para grandes y chicos.<\/p>\n\n\n\n<div style=\"height:29px\" aria-hidden=\"true\" class=\"wp-block-spacer\"><\/div>\n\n\n\n<h3 class=\"wp-block-heading has-vivid-red-color has-text-color has-link-color wp-elements-5ac133efd8585692a5effad5455bc1ae\">El desfile partir\u00e1 a las 21.30 hs desde Plaza Francia y recorrer\u00e1 la ciudad de San Rafael por calle Yrigoyen, para finalizar en el Kil\u00f3metro cero de la ciudad.<\/h3>\n\n\n\n<div style=\"height:25px\" aria-hidden=\"true\" class=\"wp-block-spacer\"><\/div>\n\n\n\n<p>Como siempre, las cartitas tambi\u00e9n se recepcionar\u00e1n hasta el 5 de enero en los buzones que se encontrar\u00e1n junto con las zapatillas gigantes ubicados en el <strong>Kil\u00f3metro Cero, el Paseo Luis Huerta y el Parque de los Ni\u00f1os.<\/strong><\/p>\n\n\n\n<p><em>\u201cEstamos orgullosos de cumplir 42 a\u00f1os haciendo felices a los ni\u00f1os y a las familias de nuestra ciudad. Como bodega nos sentimos especialmente unidos a nuestra comunidad, somos parte del patrimonio cultural, identidad e historia del vino en nuestra provincia\u201d<\/em>&#8211; expres\u00f3 Sylvia Bianchi, integrante de la tercera                              generaci\u00f3n de la familia bodeguera.<\/p>\n\n\n\n<p>Continuando su labor, el martes 6 de enero los Reyes Magos distribuir\u00e1n las donaciones en diversas instituciones del departamento.<\/p>\n\n\n\n<div style=\"height:29px\" aria-hidden=\"true\" class=\"wp-block-spacer\"><\/div>\n\n\n\n<p class=\"has-medium-font-size\"><strong>Un festejo que une a la comunidad<\/strong><\/p>\n\n\n\n<p><em>\u201cLa primera cabalgata por la ciudad se realiz\u00f3 en 1985 aunque, tres a\u00f1os antes, en 1982, un grupo de gente que trabajaba en Bodegas Bianchi comenz\u00f3 a llevar juguetes a los hijos del personal de la empresa\u201d<\/em>, record\u00f3 Sylvia Bianchi, y a\u00f1adi\u00f3: <em>\u201cAl a\u00f1o siguiente, en 1983, compraron trajes de Reyes Magos y volvieron a repartir juguetes, adem\u00e1s de ir a hogares como Coraz\u00f3n y Voluntad y Hogar de Nazaret\u201d.<\/em><\/p>\n\n\n\n<p><em>\u201cEn 1984 decidieron ir al hospital, y una anciana que se encontraba muy grave de salud pidi\u00f3 ver a los Reyes Magos. Los pudo ver y, como no les quedaba ning\u00fan regalo para darle, uno de los empleados se quit\u00f3 una cruz que llevaba y se la entreg\u00f3; fue en ese momento cuando la mujer -que poco despu\u00e9s fallecer\u00eda- les pidi\u00f3 que salieran a la calle, y a partir de ah\u00ed naci\u00f3 la idea de hacer la cabalgata\u201d<\/em>, cont\u00f3 Sylvia.<\/p>\n\n\n\n<p>En un principio, y hasta 2012, se realizaba una cabalgata que part\u00eda desde la Rotonda del Mapa, llegando los caballos a la bodega ubicada en calle Comandante Torres; no obstante, con el tiempo esa modalidad vari\u00f3 a Carrousel, inspir\u00e1ndose en un evento similar que se realiza en Espa\u00f1a.<\/p>\n\n\n\n<p>En 1989, la actividad fue declarada de Inter\u00e9s Departamental por el Honorable Concejo Deliberante; en 1997, en tanto, de Inter\u00e9s Provincial por la Honorable C\u00e1mara de Diputados de Mendoza.<\/p>\n\n\n\n<div style=\"height:31px\" aria-hidden=\"true\" class=\"wp-block-spacer\"><\/div>\n","protected":false},"excerpt":{"rendered":"<p>El tradicional desfile organizado por la casi centenaria bodega local, que cada enero desde 1983&hellip;<\/p>\n","protected":false},"author":2,"featured_media":171838,"comment_status":"closed","ping_status":"open","sticky":false,"template":"","format":"standard","meta":{"footnotes":""},"categories":[47],"tags":[],"class_list":["post-171832","post","type-post","status-publish","format-standard","has-post-thumbnail","hentry","category-agenda"],"_links":{"self":[{"href":"https:\/\/enolife.com.ar\/es\/wp-json\/wp\/v2\/posts\/171832","targetHints":{"allow":["GET"]}}],"collection":[{"href":"https:\/\/enolife.com.ar\/es\/wp-json\/wp\/v2\/posts"}],"about":[{"href":"https:\/\/enolife.com.ar\/es\/wp-json\/wp\/v2\/types\/post"}],"author":[{"embeddable":true,"href":"https:\/\/enolife.com.ar\/es\/wp-json\/wp\/v2\/users\/2"}],"replies":[{"embeddable":true,"href":"https:\/\/enolife.com.ar\/es\/wp-json\/wp\/v2\/comments?post=171832"}],"version-history":[{"count":0,"href":"https:\/\/enolife.com.ar\/es\/wp-json\/wp\/v2\/posts\/171832\/revisions"}],"wp:featuredmedia":[{"embeddable":true,"href":"https:\/\/enolife.com.ar\/es\/wp-json\/wp\/v2\/media\/171838"}],"wp:attachment":[{"href":"https:\/\/enolife.com.ar\/es\/wp-json\/wp\/v2\/media?parent=171832"}],"wp:term":[{"taxonomy":"category","embeddable":true,"href":"https:\/\/enolife.com.ar\/es\/wp-json\/wp\/v2\/categories?post=171832"},{"taxonomy":"post_tag","embeddable":true,"href":"https:\/\/enolife.com.ar\/es\/wp-json\/wp\/v2\/tags?post=171832"}],"curies":[{"name":"wp","href":"https:\/\/api.w.org\/{rel}","templated":true}]}}