{"id":171820,"date":"2025-12-30T14:51:44","date_gmt":"2025-12-30T14:51:44","guid":{"rendered":"https:\/\/enolife.com.ar\/es\/?p=171820"},"modified":"2025-12-31T23:02:51","modified_gmt":"2025-12-31T23:02:51","slug":"atencion-artistas-de-vendimia-se-conocen-los-elegidos-y-las-fechas-de-firma-de-contratos-y-ensayos","status":"publish","type":"post","link":"https:\/\/enolife.com.ar\/es\/atencion-artistas-de-vendimia-se-conocen-los-elegidos-y-las-fechas-de-firma-de-contratos-y-ensayos\/","title":{"rendered":"Atenci\u00f3n artistas de Vendimia: se conocen los elegidos y las fechas de firma de contratos y ensayos"},"content":{"rendered":"\n<h4 class=\"wp-block-heading\"><em><strong>El Gobierno de Mendoza, hist\u00f3rico organizador de la Fiesta m\u00e1xima de los mendocinos, difundi\u00f3 hoy 30\/12\/2025 los nombres de los m\u00e1s de 1.000 artistas seleccionados para trabajar en los distintos espect\u00e1culos del calendario de Vendimia y en la Fiesta central del 7 de marzo de 2026 en el anfiteatro Frank Romero Day. Tambi\u00e9n se divulgaron las fechas en que actores, bailarines, traspuntes y utileros deber\u00e1n asistir a firmar sus respectivos contratos e iniciar los ensayos.<\/strong><\/em><\/h4>\n\n\n\n<div style=\"height:32px\" aria-hidden=\"true\" class=\"wp-block-spacer\"><\/div>\n\n\n<a href=\"https:\/\/durox.com.ar\/\" aria-label=\"1700x500px\"><img loading=\"lazy\" decoding=\"async\" src=\"https:\/\/enolife.com.ar\/es\/wp-content\/uploads\/2025\/01\/1700x500px.jpg\" alt=\"\"  srcset=\"https:\/\/enolife.com.ar\/es\/wp-content\/uploads\/2025\/01\/1700x500px.jpg 1700w, https:\/\/enolife.com.ar\/es\/wp-content\/uploads\/2025\/01\/1700x500px-300x88.jpg 300w, https:\/\/enolife.com.ar\/es\/wp-content\/uploads\/2025\/01\/1700x500px-1024x301.jpg 1024w, https:\/\/enolife.com.ar\/es\/wp-content\/uploads\/2025\/01\/1700x500px-768x226.jpg 768w, https:\/\/enolife.com.ar\/es\/wp-content\/uploads\/2025\/01\/1700x500px-1536x452.jpg 1536w, https:\/\/enolife.com.ar\/es\/wp-content\/uploads\/2025\/01\/1700x500px-1170x344.jpg 1170w, https:\/\/enolife.com.ar\/es\/wp-content\/uploads\/2025\/01\/1700x500px-585x172.jpg 585w\" sizes=\"auto, (max-width: 1700px) 100vw, 1700px\" width=\"1700\" height=\"500\"   \/><\/a>\n\n\n<div style=\"height:35px\" aria-hidden=\"true\" class=\"wp-block-spacer\"><\/div>\n\n\n\n<p>El Ministerio de Educaci\u00f3n, Cultura, Infancias y Direcci\u00f3n General de Escuelas, a trav\u00e9s de la Subsecretar\u00eda de Cultura del Gobierno de Mendoza,<strong> inform\u00f3 hoy 30\/12\/25 el resultado de las audiciones de artistas seleccionados<\/strong> para participar de la Fiesta Nacional de la Vendimia 2026, denominada en esta pr\u00f3xima edici\u00f3n <strong>\u201c90 cosechas de una misma cepa\u201d<\/strong>, la que ser\u00e1 dirigida por <strong>Pablo Perri<\/strong>. Tambi\u00e9n se informaron los nombres de las personas seleccionadas para los distintos actos y fiestas del calendario Vendimia.<\/p>\n\n\n\n<p>En esta instancia, han sido seleccionados actores y actrices, acr\u00f3batas, bailarinas y bailarines de folclore y contempor\u00e1neo para la Fiesta Nacional de la Vendimia y el calendario Vendimia 2026.<\/p>\n\n\n\n<div style=\"height:39px\" aria-hidden=\"true\" class=\"wp-block-spacer\"><\/div>\n\n\n\n<p class=\"has-medium-font-size\"><strong>Firma de contratos<\/strong><\/p>\n\n\n\n<p>La firma de contratos se realizar\u00e1 en la Sala Elina Alba, en el edificio de la Subsecretar\u00eda de Cultura ubicado en Guti\u00e9rrez y Avenida Espa\u00f1a de la Capita de Mendoza, en horario de 8.30 a 15, seg\u00fan el siguiente cronograma:<\/p>\n\n\n\n<p><strong>Artistas de la Fiesta Nacional de la Vendimia<\/strong><\/p>\n\n\n\n<ul class=\"wp-block-list\">\n<li>Bailarines Contempor\u00e1neos, lunes 26 de enero de 2026<\/li>\n\n\n\n<li>Actores, Actrices y Acr\u00f3batas, martes 27 de enero de 2026<\/li>\n\n\n\n<li>Bailarines de Folclore, FNV en todas sus categor\u00edas, mi\u00e9rcoles 28 y jueves 29 de enero de 2026<\/li>\n\n\n\n<li>Jefes de Boca, Traspuntes y Traspuntes Utileros, viernes 30 de enero de 2026<\/li>\n<\/ul>\n\n\n\n<p><strong>Artistas de Calendario Vendimia<\/strong><\/p>\n\n\n\n<ul class=\"wp-block-list\">\n<li>Actores, Actrices, Bailarines de Folclore y Bailarines Contempor\u00e1neos, viernes 30 de enero de 2026<\/li>\n<\/ul>\n\n\n\n<div style=\"height:35px\" aria-hidden=\"true\" class=\"wp-block-spacer\"><\/div>\n\n\n\n<figure class=\"wp-block-image size-large\"><a href=\"https:\/\/enolife.com.ar\/es\/wp-content\/uploads\/2025\/12\/Bailarines-Vendimia-e1765986727607.jpg\" data-rel=\"penci-gallery-image-content\" ><img loading=\"lazy\" decoding=\"async\" width=\"1024\" height=\"560\" src=\"https:\/\/enolife.com.ar\/es\/wp-content\/uploads\/2025\/12\/Bailarines-Vendimia-e1765986727607-1024x560.jpg\" alt=\"\" class=\"wp-image-171467\" srcset=\"https:\/\/enolife.com.ar\/es\/wp-content\/uploads\/2025\/12\/Bailarines-Vendimia-e1765986727607-1024x560.jpg 1024w, https:\/\/enolife.com.ar\/es\/wp-content\/uploads\/2025\/12\/Bailarines-Vendimia-e1765986727607-300x164.jpg 300w, https:\/\/enolife.com.ar\/es\/wp-content\/uploads\/2025\/12\/Bailarines-Vendimia-e1765986727607-768x420.jpg 768w, https:\/\/enolife.com.ar\/es\/wp-content\/uploads\/2025\/12\/Bailarines-Vendimia-e1765986727607-1536x840.jpg 1536w, https:\/\/enolife.com.ar\/es\/wp-content\/uploads\/2025\/12\/Bailarines-Vendimia-e1765986727607-2048x1120.jpg 2048w, https:\/\/enolife.com.ar\/es\/wp-content\/uploads\/2025\/12\/Bailarines-Vendimia-e1765986727607-1170x640.jpg 1170w, https:\/\/enolife.com.ar\/es\/wp-content\/uploads\/2025\/12\/Bailarines-Vendimia-e1765986727607-585x320.jpg 585w\" sizes=\"auto, (max-width: 1024px) 100vw, 1024px\" \/><\/a><\/figure>\n\n\n\n<div style=\"height:41px\" aria-hidden=\"true\" class=\"wp-block-spacer\"><\/div>\n\n\n\n<p class=\"has-medium-font-size\"><strong>Ensayos<\/strong><\/p>\n\n\n\n<p>Los ensayos comenzar\u00e1n el&nbsp;<strong>lunes 2 de febrero de 2026, a las 20 hs.,<\/strong>&nbsp;en los espacios designados para cada grupo de artistas:<\/p>\n\n\n\n<ul class=\"wp-block-list\">\n<li><strong>Folclore, grupo 1<\/strong>: Estadio Vicente Polimeni (Roca 401, Las Heras)<\/li>\n\n\n\n<li>Contempor\u00e1neo, en todas sus categor\u00edas: Estadio Vicente Polimeni (Roca 401, Las Heras)<\/li>\n\n\n\n<li><strong>Folclore, grupo 2, folclore discapacidad y adultos<\/strong>: B\u00e1scula Complejo Nave Cultural (Las Cubas 201, Ciudad)<\/li>\n\n\n\n<li><strong>Actores y Acr\u00f3batas, en todas sus categor\u00edas<\/strong>: Nave Cultural, sala 1 (Las Cubas 201, Ciudad)<\/li>\n\n\n\n<li><strong>Todos los Artistas de Calendario Vendimia <\/strong>(actores, bailarines de folclore y contempor\u00e1neo): Espacio Cultural Julio Le Parc (Mitre, Guaymall\u00e9n)<\/li>\n\n\n\n<li><strong>Traspuntes y Traspuntes Utileros: <\/strong>los ensayos comenzar\u00e1n el&nbsp;<strong>16 de Febrero de 2026, a las 20 hs<\/strong>., en el Espacio Cultural Julio Le Parc.<\/li>\n<\/ul>\n\n\n\n<div style=\"height:39px\" aria-hidden=\"true\" class=\"wp-block-spacer\"><\/div>\n\n\n\n<p class=\"has-medium-font-size\"><strong>Seleccionados<\/strong><\/p>\n\n\n\n<p>En los siguientes enlaces a la web del Gobierno de Mendoza se pueden consultar la lista de seleccionados seg\u00fan la disciplina que corresponde:<\/p>\n\n\n\n<p><strong>Artistas de la Fiesta Nacional de la Vendimia<\/strong><\/p>\n\n\n\n<div style=\"height:27px\" aria-hidden=\"true\" class=\"wp-block-spacer\"><\/div>\n\n\n\n<ul class=\"wp-block-list\">\n<li><a href=\"https:\/\/mza-dicaws-portal-uploads-media-prod.s3.amazonaws.com\/principal\/uploads\/2025\/12\/01-BAILARINES-FOLCLORE-FNV-2026.pdf\">BAILARINES FOLCLORE<\/a>. Titulares y Suplentes<\/li>\n\n\n\n<li><a href=\"https:\/\/mza-dicaws-portal-uploads-media-prod.s3.amazonaws.com\/principal\/uploads\/2025\/12\/02-BAILARINES-FOLCLORE-DISCAPACIDAD-FNV-2026.pdf\">BAILARINES FOLCLORE DISCAPACIDAD<\/a>. Titulares y Suplentes<\/li>\n\n\n\n<li><a href=\"https:\/\/mza-dicaws-portal-uploads-media-prod.s3.amazonaws.com\/principal\/uploads\/2025\/12\/03-BAILARINES-FOLCLORE-ADULTOS-FNV-2026.pdf\">BAILARINES FOLCLORE ADULTOS<\/a>. Titulares y Suplentes<\/li>\n\n\n\n<li><a href=\"https:\/\/mza-dicaws-portal-uploads-media-prod.s3.amazonaws.com\/principal\/uploads\/2025\/12\/04-BAILARINES-CONTEMPORANEOS-FNV-2026.pdf\">BAILARINES CONTEMPOR\u00c1NEO, ADULTOS Y DISCAPACIDAD<\/a>. Titulares y suplentes<\/li>\n\n\n\n<li><a href=\"https:\/\/mza-dicaws-portal-uploads-media-prod.s3.amazonaws.com\/principal\/uploads\/2025\/12\/05-FNV-26-ACTORES-SELECCIONADOS.pdf\">ACTORES, ACTRICES Y ACR\u00d3BATAS<\/a><\/li>\n\n\n\n<li><a href=\"https:\/\/mza-dicaws-portal-uploads-media-prod.s3.amazonaws.com\/principal\/uploads\/2025\/12\/06-FNV-26-TRASPUNTES-SELECCIONADOS.pdf\">TRASPUNTES<\/a><\/li>\n\n\n\n<li><a href=\"https:\/\/mza-dicaws-portal-uploads-media-prod.s3.amazonaws.com\/principal\/uploads\/2025\/12\/07-FNV-26-UTILEROS-SELECCIONADOS.pdf\">TRASPUNTES UTILEROS<\/a><\/li>\n<\/ul>\n\n\n\n<p><strong>Artitas del Calendario de eventos de Vendimia<\/strong><\/p>\n\n\n\n<div style=\"height:22px\" aria-hidden=\"true\" class=\"wp-block-spacer\"><\/div>\n\n\n\n<ul class=\"wp-block-list\">\n<li><a href=\"https:\/\/mza-dicaws-portal-uploads-media-prod.s3.amazonaws.com\/principal\/uploads\/2025\/12\/08-FOLCLORE-CALENDARIO-2026.pdf\">BAILARINES FOLCLORE<\/a>. Titulares y Suplentes<\/li>\n\n\n\n<li><a href=\"https:\/\/mza-dicaws-portal-uploads-media-prod.s3.amazonaws.com\/principal\/uploads\/2025\/12\/09-FOLCLORE-ADULTOS-CALENDARIO-2026.pdf\">BAILARINES FOLCLORE ADULTOS<\/a>. Titulares y Suplentes<\/li>\n\n\n\n<li><a href=\"https:\/\/mza-dicaws-portal-uploads-media-prod.s3.amazonaws.com\/principal\/uploads\/2025\/12\/10-CONTEMPORANEO-CALENDARIO-2026.pdf\">BAILARINES CONTEMPOR\u00c1NEO<\/a>. Titulares y suplentes<\/li>\n\n\n\n<li><a href=\"https:\/\/mza-dicaws-portal-uploads-media-prod.s3.amazonaws.com\/principal\/uploads\/2025\/12\/11-CV-26-ACTORES-SELECCIONADOS.pdf\">ACTORES Y ACTRICES<\/a><\/li>\n<\/ul>\n\n\n\n<div style=\"height:28px\" aria-hidden=\"true\" class=\"wp-block-spacer\"><\/div>\n","protected":false},"excerpt":{"rendered":"<p>El Gobierno de Mendoza, hist\u00f3rico organizador de la Fiesta m\u00e1xima de los mendocinos, difundi\u00f3 hoy&hellip;<\/p>\n","protected":false},"author":2,"featured_media":45135,"comment_status":"closed","ping_status":"open","sticky":false,"template":"","format":"standard","meta":{"footnotes":""},"categories":[14],"tags":[],"class_list":["post-171820","post","type-post","status-publish","format-standard","has-post-thumbnail","hentry","category-news"],"_links":{"self":[{"href":"https:\/\/enolife.com.ar\/es\/wp-json\/wp\/v2\/posts\/171820","targetHints":{"allow":["GET"]}}],"collection":[{"href":"https:\/\/enolife.com.ar\/es\/wp-json\/wp\/v2\/posts"}],"about":[{"href":"https:\/\/enolife.com.ar\/es\/wp-json\/wp\/v2\/types\/post"}],"author":[{"embeddable":true,"href":"https:\/\/enolife.com.ar\/es\/wp-json\/wp\/v2\/users\/2"}],"replies":[{"embeddable":true,"href":"https:\/\/enolife.com.ar\/es\/wp-json\/wp\/v2\/comments?post=171820"}],"version-history":[{"count":0,"href":"https:\/\/enolife.com.ar\/es\/wp-json\/wp\/v2\/posts\/171820\/revisions"}],"wp:featuredmedia":[{"embeddable":true,"href":"https:\/\/enolife.com.ar\/es\/wp-json\/wp\/v2\/media\/45135"}],"wp:attachment":[{"href":"https:\/\/enolife.com.ar\/es\/wp-json\/wp\/v2\/media?parent=171820"}],"wp:term":[{"taxonomy":"category","embeddable":true,"href":"https:\/\/enolife.com.ar\/es\/wp-json\/wp\/v2\/categories?post=171820"},{"taxonomy":"post_tag","embeddable":true,"href":"https:\/\/enolife.com.ar\/es\/wp-json\/wp\/v2\/tags?post=171820"}],"curies":[{"name":"wp","href":"https:\/\/api.w.org\/{rel}","templated":true}]}}