{"id":171761,"date":"2025-12-28T15:59:07","date_gmt":"2025-12-28T15:59:07","guid":{"rendered":"https:\/\/enolife.com.ar\/es\/?p=171761"},"modified":"2025-12-30T14:51:36","modified_gmt":"2025-12-30T14:51:36","slug":"la-cava-de-arte-de-bodega-santa-julia-cierra-el-ano-con-dibujos-y-esculturas-de-gabriel-fernandez","status":"publish","type":"post","link":"https:\/\/enolife.com.ar\/es\/la-cava-de-arte-de-bodega-santa-julia-cierra-el-ano-con-dibujos-y-esculturas-de-gabriel-fernandez\/","title":{"rendered":"La Cava de Arte de Bodega Santa Julia cierra el a\u00f1o con dibujos y esculturas de Gabriel Fern\u00e1ndez"},"content":{"rendered":"\n<h4 class=\"wp-block-heading\"><em><strong>Desde el 12 de diciembre de 2025 y hasta el 1 de marzo de 2026, todos los d\u00edas de 9 a 17 hs, est\u00e1 abierta al p\u00fablico la exposici\u00f3n del destacado artista visual y escritor mendocino Gabriel Fern\u00e1ndez. La entrada a la sala de arte de la Bodega de la familia Zuccardi -sobre la ruta provincial 33, Maip\u00fa, Mendoza- es libre y gratuita. En el lugar siempre se tiene la opci\u00f3n de probar los vinos de la casa y adquirirlos a precios preferenciales. Tambi\u00e9n los interesados podr\u00e1n contactarse con el autor, con la curadora de la muestra Pupi Ag\u00fcero o con la directora de la Cava, Julia Zuccardi, en caso de interesarles las obras.<\/strong><\/em><\/h4>\n\n\n\n<div style=\"height:46px\" aria-hidden=\"true\" class=\"wp-block-spacer\"><\/div>\n\n\n<a href=\"https:\/\/ar.verallia.com\/\" aria-label=\"VERALLIA 1700 x 500\"><img loading=\"lazy\" decoding=\"async\" src=\"https:\/\/enolife.com.ar\/es\/wp-content\/uploads\/2021\/04\/VERALLIA-1700-x-500.jpg\" alt=\"\"  srcset=\"https:\/\/enolife.com.ar\/es\/wp-content\/uploads\/2021\/04\/VERALLIA-1700-x-500.jpg 1700w, https:\/\/enolife.com.ar\/es\/wp-content\/uploads\/2021\/04\/VERALLIA-1700-x-500-300x88.jpg 300w, https:\/\/enolife.com.ar\/es\/wp-content\/uploads\/2021\/04\/VERALLIA-1700-x-500-1024x301.jpg 1024w, https:\/\/enolife.com.ar\/es\/wp-content\/uploads\/2021\/04\/VERALLIA-1700-x-500-768x226.jpg 768w, https:\/\/enolife.com.ar\/es\/wp-content\/uploads\/2021\/04\/VERALLIA-1700-x-500-1536x452.jpg 1536w, https:\/\/enolife.com.ar\/es\/wp-content\/uploads\/2021\/04\/VERALLIA-1700-x-500-1170x344.jpg 1170w, https:\/\/enolife.com.ar\/es\/wp-content\/uploads\/2021\/04\/VERALLIA-1700-x-500-585x172.jpg 585w\" sizes=\"auto, (max-width: 1700px) 100vw, 1700px\" width=\"1700\" height=\"500\"   \/><\/a>\n\n\n<div style=\"height:45px\" aria-hidden=\"true\" class=\"wp-block-spacer\"><\/div>\n\n\n\n<p>La <strong>Cava De Arte De Bodega Santa Julia<\/strong> desde hace 20 a\u00f1os viene destinando su espacio a la difusi\u00f3n<br>del arte mendocino. Como culminaci\u00f3n del ciclo de muestras 2025, actualmente est\u00e1 expuesta la obra del artista visual <strong>Gabriel Fern\u00e1ndez (52)<\/strong>, con dibujos, pinturas y esculturas seleccionadas con el concepto unitario que el autor denomin\u00f3 <strong>\u00abFiccionario\u00bb.<\/strong><\/p>\n\n\n\n<p>Gabriel Fern\u00e1ndez naci\u00f3 en setiembre de 1973 en Mendoza. Es profesor y licenciado en Artes Visuales. Actualmente dedica su tiempo a la escritura de relatos breves, a la producci\u00f3n de esculturas, grabados y dibujos independientes e ilustraciones para el campo editorial. Se desempe\u00f1a tambi\u00e9n como docente en el Taller de Escultura de la Facultad de Artes, as\u00ed como tambi\u00e9n en el Taller de Modelado Cer\u00e1mico, ambas de la <strong>Universidad Nacional de Cuyo (UNCuyo), en Mendoza, Argentina.<\/strong><\/p>\n\n\n\n<div style=\"height:36px\" aria-hidden=\"true\" class=\"wp-block-spacer\"><\/div>\n\n\n<div class=\"wp-block-image\">\n<figure class=\"aligncenter size-full is-resized\"><a href=\"https:\/\/enolife.com.ar\/es\/wp-content\/uploads\/2025\/12\/Gabriel-Fernandez.jpg\" data-rel=\"penci-gallery-image-content\" ><img loading=\"lazy\" decoding=\"async\" width=\"893\" height=\"683\" src=\"https:\/\/enolife.com.ar\/es\/wp-content\/uploads\/2025\/12\/Gabriel-Fernandez.jpg\" alt=\"\" class=\"wp-image-171766\" style=\"width:741px;height:auto\" srcset=\"https:\/\/enolife.com.ar\/es\/wp-content\/uploads\/2025\/12\/Gabriel-Fernandez.jpg 893w, https:\/\/enolife.com.ar\/es\/wp-content\/uploads\/2025\/12\/Gabriel-Fernandez-300x229.jpg 300w, https:\/\/enolife.com.ar\/es\/wp-content\/uploads\/2025\/12\/Gabriel-Fernandez-768x587.jpg 768w, https:\/\/enolife.com.ar\/es\/wp-content\/uploads\/2025\/12\/Gabriel-Fernandez-585x447.jpg 585w\" sizes=\"auto, (max-width: 893px) 100vw, 893px\" \/><\/a><\/figure><\/div>\n\n\n<div style=\"height:43px\" aria-hidden=\"true\" class=\"wp-block-spacer\"><\/div>\n\n\n\n<p>Como ilustrador ha colaborado para prestigiosos medios de comunicaci\u00f3n dentro y fuera del pa\u00eds<br><strong>(Clar\u00edn, Los Andes, El Mercurio,<\/strong> entre otros). Tambi\u00e9n ha obtenido diferentes premios por su labor<br>pl\u00e1stica en cada una de las disciplinas antes mencionadas.<\/p>\n\n\n\n<div style=\"height:33px\" aria-hidden=\"true\" class=\"wp-block-spacer\"><\/div>\n\n\n\n<p class=\"has-medium-font-size\"><strong>\u00abEntre la realidad y la ficci\u00f3n elijo la ficci\u00f3n\u00bb<\/strong><\/p>\n\n\n\n<p>Sobre su personalidad y si visi\u00f3n del arte, Fern\u00e1ndez manifest\u00f3: <em>\u00abSi me dan a elegir entre lo concreto y lo simb\u00f3lico optar\u00eda por esto \u00faltimo. Y entre la ficci\u00f3n y la realidad elegir\u00eda la ficci\u00f3n. No lo s\u00e9, me siento m\u00e1s vivo ah\u00ed, me parecen m\u00e1s claros sus prop\u00f3sitos, su sentido, su orden, su estructura. Lo dem\u00e1s me parece arbitrario, sin gobierno, ca\u00f3tico o azaroso. Muchas de las im\u00e1genes que se muestran en la exposici\u00f3n de Bodega Santa Julia tienen como origen la realidad, dado que ilustraron hechos o acontecimientos de nuestro tiempo desde las p\u00e1ginas de alg\u00fan peri\u00f3dico. Otras en cambio son producto de la inventiva y si tienen alguna relaci\u00f3n con la realidad es su voluntad de evadirla, as\u00ed algunos dibujos y sobre todo las piezas escult\u00f3ricas viven enteramente en el campo de la ficci\u00f3n\u00bb.<\/em><\/p>\n\n\n\n<div style=\"height:32px\" aria-hidden=\"true\" class=\"wp-block-spacer\"><\/div>\n\n\n<div class=\"wp-block-image\">\n<figure class=\"aligncenter size-large is-resized\"><a href=\"https:\/\/enolife.com.ar\/es\/wp-content\/uploads\/2025\/12\/image-15.png\" data-rel=\"penci-gallery-image-content\" ><img loading=\"lazy\" decoding=\"async\" width=\"1024\" height=\"713\" src=\"https:\/\/enolife.com.ar\/es\/wp-content\/uploads\/2025\/12\/image-15-1024x713.png\" alt=\"\" class=\"wp-image-171768\" style=\"width:746px;height:auto\" srcset=\"https:\/\/enolife.com.ar\/es\/wp-content\/uploads\/2025\/12\/image-15-1024x713.png 1024w, https:\/\/enolife.com.ar\/es\/wp-content\/uploads\/2025\/12\/image-15-300x209.png 300w, https:\/\/enolife.com.ar\/es\/wp-content\/uploads\/2025\/12\/image-15-768x535.png 768w, https:\/\/enolife.com.ar\/es\/wp-content\/uploads\/2025\/12\/image-15-585x407.png 585w, https:\/\/enolife.com.ar\/es\/wp-content\/uploads\/2025\/12\/image-15.png 1153w\" sizes=\"auto, (max-width: 1024px) 100vw, 1024px\" \/><\/a><\/figure><\/div>\n\n\n<div style=\"height:36px\" aria-hidden=\"true\" class=\"wp-block-spacer\"><\/div>\n\n\n\n<p>Y continu\u00f3 explicando el artista: <em>\u00abPero todas mis obras, a\u00fan las publicadas en un contexto period\u00edstico, han pasado por el tamiz de la met\u00e1fora y, aunque est\u00e9n referidas a la realidad, ingresan como toda interpretaci\u00f3n en el terreno ficcional\u00bb. <\/em><\/p>\n\n\n\n<div style=\"height:28px\" aria-hidden=\"true\" class=\"wp-block-spacer\"><\/div>\n\n\n<div class=\"wp-block-image\">\n<figure class=\"aligncenter size-large is-resized\"><a href=\"https:\/\/enolife.com.ar\/es\/wp-content\/uploads\/2025\/12\/image-17.png\" data-rel=\"penci-gallery-image-content\" ><img loading=\"lazy\" decoding=\"async\" width=\"772\" height=\"1024\" src=\"https:\/\/enolife.com.ar\/es\/wp-content\/uploads\/2025\/12\/image-17-772x1024.png\" alt=\"\" class=\"wp-image-171772\" style=\"width:734px;height:auto\" srcset=\"https:\/\/enolife.com.ar\/es\/wp-content\/uploads\/2025\/12\/image-17-772x1024.png 772w, https:\/\/enolife.com.ar\/es\/wp-content\/uploads\/2025\/12\/image-17-226x300.png 226w, https:\/\/enolife.com.ar\/es\/wp-content\/uploads\/2025\/12\/image-17-768x1018.png 768w, https:\/\/enolife.com.ar\/es\/wp-content\/uploads\/2025\/12\/image-17-585x776.png 585w, https:\/\/enolife.com.ar\/es\/wp-content\/uploads\/2025\/12\/image-17.png 958w\" sizes=\"auto, (max-width: 772px) 100vw, 772px\" \/><\/a><\/figure><\/div>\n\n\n<div style=\"height:29px\" aria-hidden=\"true\" class=\"wp-block-spacer\"><\/div>\n\n\n\n<p><em>Tanto las esculturas como los dibujos aqu\u00ed expuestos <\/em>-finaliz\u00f3 el artista- <em>tienen un inter\u00e9s narrativo. A veces de manera directa y otras de forma el\u00edptica o metaf\u00f3rica intentan construir un relato. Me gusta pensar que en estos trabajos hay una o varias historias bajo la materialidad de sus formas o flotando sobre la superficie del papel a la espera de ser descifradas\u00bb.<\/em><\/p>\n\n\n\n<div style=\"height:34px\" aria-hidden=\"true\" class=\"wp-block-spacer\"><\/div>\n","protected":false},"excerpt":{"rendered":"<p>Desde el 12 de diciembre de 2025 y hasta el 1 de marzo de 2026,&hellip;<\/p>\n","protected":false},"author":2,"featured_media":171763,"comment_status":"closed","ping_status":"open","sticky":false,"template":"","format":"standard","meta":{"footnotes":""},"categories":[47],"tags":[],"class_list":["post-171761","post","type-post","status-publish","format-standard","has-post-thumbnail","hentry","category-agenda"],"_links":{"self":[{"href":"https:\/\/enolife.com.ar\/es\/wp-json\/wp\/v2\/posts\/171761","targetHints":{"allow":["GET"]}}],"collection":[{"href":"https:\/\/enolife.com.ar\/es\/wp-json\/wp\/v2\/posts"}],"about":[{"href":"https:\/\/enolife.com.ar\/es\/wp-json\/wp\/v2\/types\/post"}],"author":[{"embeddable":true,"href":"https:\/\/enolife.com.ar\/es\/wp-json\/wp\/v2\/users\/2"}],"replies":[{"embeddable":true,"href":"https:\/\/enolife.com.ar\/es\/wp-json\/wp\/v2\/comments?post=171761"}],"version-history":[{"count":0,"href":"https:\/\/enolife.com.ar\/es\/wp-json\/wp\/v2\/posts\/171761\/revisions"}],"wp:featuredmedia":[{"embeddable":true,"href":"https:\/\/enolife.com.ar\/es\/wp-json\/wp\/v2\/media\/171763"}],"wp:attachment":[{"href":"https:\/\/enolife.com.ar\/es\/wp-json\/wp\/v2\/media?parent=171761"}],"wp:term":[{"taxonomy":"category","embeddable":true,"href":"https:\/\/enolife.com.ar\/es\/wp-json\/wp\/v2\/categories?post=171761"},{"taxonomy":"post_tag","embeddable":true,"href":"https:\/\/enolife.com.ar\/es\/wp-json\/wp\/v2\/tags?post=171761"}],"curies":[{"name":"wp","href":"https:\/\/api.w.org\/{rel}","templated":true}]}}