{"id":171718,"date":"2025-12-26T16:09:37","date_gmt":"2025-12-26T16:09:37","guid":{"rendered":"https:\/\/enolife.com.ar\/es\/?p=171718"},"modified":"2025-12-28T17:38:06","modified_gmt":"2025-12-28T17:38:06","slug":"ex-ministros-de-agricultura-aseguran-que-la-modernizacion-del-inta-es-un-negociado-inmobiliario","status":"publish","type":"post","link":"https:\/\/enolife.com.ar\/es\/ex-ministros-de-agricultura-aseguran-que-la-modernizacion-del-inta-es-un-negociado-inmobiliario\/","title":{"rendered":"Ex ministros de Agricultura aseguran que la  &#8216;modernizaci\u00f3n&#8217; del INTA es un &#8216;negociado inmobiliario&#8217;"},"content":{"rendered":"\n<h4 class=\"wp-block-heading\"><em><strong>Siete ex altos funcionarios del sector agr\u00edcola en anteriores gobiernos argentinos divulgaron una carta acusando al gobierno actual de Javier Milei de que, con el actual plan de cambios en el Instituto Nacional de Tecnolog\u00eda Agropecuaria (INTA), lo que se busca no es \u00abreorganizar\u00bb sino realizar un \u00abnegociado inmobiliario\u00bb.<\/strong><\/em><\/h4>\n\n\n\n<div style=\"height:49px\" aria-hidden=\"true\" class=\"wp-block-spacer\"><\/div>\n\n\n<a href=\"https:\/\/www.facebook.com\/SindicatoContratitas\/\" aria-label=\"banner contratistas 1700&#215;500\"><img loading=\"lazy\" decoding=\"async\" src=\"https:\/\/enolife.com.ar\/es\/wp-content\/uploads\/2020\/08\/banner-contratistas-1700x500-1.jpg\" alt=\"\"  srcset=\"https:\/\/enolife.com.ar\/es\/wp-content\/uploads\/2020\/08\/banner-contratistas-1700x500-1.jpg 1700w, https:\/\/enolife.com.ar\/es\/wp-content\/uploads\/2020\/08\/banner-contratistas-1700x500-1-300x88.jpg 300w, https:\/\/enolife.com.ar\/es\/wp-content\/uploads\/2020\/08\/banner-contratistas-1700x500-1-1024x301.jpg 1024w, https:\/\/enolife.com.ar\/es\/wp-content\/uploads\/2020\/08\/banner-contratistas-1700x500-1-768x226.jpg 768w, https:\/\/enolife.com.ar\/es\/wp-content\/uploads\/2020\/08\/banner-contratistas-1700x500-1-1536x452.jpg 1536w, https:\/\/enolife.com.ar\/es\/wp-content\/uploads\/2020\/08\/banner-contratistas-1700x500-1-1170x344.jpg 1170w, https:\/\/enolife.com.ar\/es\/wp-content\/uploads\/2020\/08\/banner-contratistas-1700x500-1-585x172.jpg 585w\" sizes=\"auto, (max-width: 1700px) 100vw, 1700px\" width=\"1700\" height=\"500\"   \/><\/a>\n\n\n<div style=\"height:44px\" aria-hidden=\"true\" class=\"wp-block-spacer\"><\/div>\n\n\n\n<p>Siete ex ministros y ex secretarios de <strong>Agricultura, Ganader\u00eda y Pesca de la Naci\u00f3n de gobiernos peronistas <\/strong>o kirchneristas suscribieron una dura carta contra el vigente plan de ajuste en el<strong> Instituto Nacional de Teconolog\u00eda Agropecuaria (INTA)<\/strong> que ya comenz\u00f3 a implementar el gobierno argentino de <strong>Javier Milei.<\/strong><\/p>\n\n\n\n<p><strong>Felipe Sol\u00e1, Javier de Urquiza, Carlos Cheppi, Juli\u00e1n Dom\u00ednguez, Norberto Yahuar, Luis Basterra y Juan Jos\u00e9 Bahillo <\/strong>aseguran en su comunicado que el plan previsto para el INTA, <em>\u201cno es su reorganizaci\u00f3n, sino la luz verde para rematar cerca de 40.000 hect\u00e1reas de campos de su pertenencia y crear un negociado inmobiliario\u201d.<\/em><\/p>\n\n\n\n<p>El documento se conoci\u00f3 luego de que funcionarios del gobierno nacional mantuvieron una reuni\u00f3n con las entidades de la <strong>Mesa de Enlace <\/strong>para explicar este nuevo intento, ya que dichas asociaciones son adem\u00e1s miembros del Consejo Directivo del INTA.<\/p>\n\n\n\n<p>Seg\u00fan la carta, el plan del gobierno vuelve a escena luego del <em>\u201crev\u00e9s legislativo y judicial\u201d <\/em>que sufri\u00f3 el decreto presidencial que intent\u00f3 avanzar con cambios estructurales en el organismo. De acuerdo con los firmantes, el Gobierno busca ahora avanzar por una v\u00eda alternativa, presionando al Consejo Directivo del INTA, un \u00e1mbito que no logr\u00f3 disolver.<\/p>\n\n\n<div class=\"wp-block-image\">\n<figure class=\"aligncenter size-full is-resized\"><a href=\"https:\/\/enolife.com.ar\/es\/wp-content\/uploads\/2025\/04\/inta-protesta.jpg\" data-rel=\"penci-gallery-image-content\" ><img loading=\"lazy\" decoding=\"async\" width=\"700\" height=\"467\" src=\"https:\/\/enolife.com.ar\/es\/wp-content\/uploads\/2025\/04\/inta-protesta.jpg\" alt=\"\" class=\"wp-image-144013\" style=\"width:686px;height:auto\" srcset=\"https:\/\/enolife.com.ar\/es\/wp-content\/uploads\/2025\/04\/inta-protesta.jpg 700w, https:\/\/enolife.com.ar\/es\/wp-content\/uploads\/2025\/04\/inta-protesta-300x200.jpg 300w, https:\/\/enolife.com.ar\/es\/wp-content\/uploads\/2025\/04\/inta-protesta-585x390.jpg 585w\" sizes=\"auto, (max-width: 700px) 100vw, 700px\" \/><\/a><figcaption class=\"wp-element-caption\"><em><strong>Los trabajadores del INTA siguen preocupados por su futuro en la instituci\u00f3n.<\/strong><\/em><\/figcaption><\/figure><\/div>\n\n\n<div style=\"height:37px\" aria-hidden=\"true\" class=\"wp-block-spacer\"><\/div>\n\n\n\n<p>Los ex ministros y ex secretarios advirtieron que la propuesta implica <em>\u201cun giro de 180 grados\u201d<\/em> en la misi\u00f3n hist\u00f3rica del Instituto, que est\u00e1 pr\u00f3ximo a cumplir 70 a\u00f1os. En ese sentido, denunciaron que se pretende orientar la investigaci\u00f3n, la innovaci\u00f3n y la transferencia tecnol\u00f3gica hacia actores privados con capacidad de cofinanciar proyectos, pero utilizando recursos p\u00fablicos.<em> \u201cUn INTA para pocos pero financiado con el aporte de todos\u201d<\/em>, manifestaron.<\/p>\n\n\n\n<p>El texto tambi\u00e9n detalla las consecuencias que, a su entender, tendr\u00eda la implementaci\u00f3n del plan: una fuerte reducci\u00f3n de personal mediante retiros voluntarios, la p\u00e9rdida de capital humano formado con fondos p\u00fablicos, el cierre de programas vinculados a econom\u00edas regionales, agricultura familiar, campesina e ind\u00edgena, la clausura de estaciones experimentales y la baja de numerosos proyectos de investigaci\u00f3n actualmente en marcha.<\/p>\n\n\n\n<div style=\"height:28px\" aria-hidden=\"true\" class=\"wp-block-spacer\"><\/div>\n\n\n\n<blockquote class=\"wp-block-quote is-layout-flow wp-block-quote-is-layout-flow\">\n<p>Como pa\u00eds veremos que van a ser dados de baja proyectos de especial inter\u00e9s para las generaciones futuras\u201d.<br><strong>CARTA ABIERTA DE 7 EX FUNCIONARIOS DE AGRICULTURA al gobierno de Javier Milei<\/strong><\/p>\n<\/blockquote>\n\n\n\n<div style=\"height:22px\" aria-hidden=\"true\" class=\"wp-block-spacer\"><\/div>\n\n\n\n<p>Los ex funcionarios tambi\u00e9n indicaron que el gobierno planea desfinanciar proyectos de investigaci\u00f3n sobre mitigaci\u00f3n del cambio clim\u00e1tico, deforestaci\u00f3n, cuidado de los recursos naturales y otras \u00e1reas que consideran estrat\u00e9gicas para el desarrollo nacional.<\/p>\n\n\n\n<p>En el tramo final del comunicado, los ministros suscribientes llamaron a los representantes de las entidades del agro y de la academia que integran el Consejo Directivo a <em>\u201csostener sus convicciones\u201d, <\/em>respetar la voluntad expresada por el Congreso de la Naci\u00f3n Argentina y el rechazo judicial previo a este tipo de medidas. <em>\u201cNo nos dejemos enga\u00f1ar, no se trata de una modernizaci\u00f3n, sino de un negociado inmobiliario de un bien p\u00fablico que cost\u00f3 m\u00e1s de medio siglo construir\u201d<\/em>, remarcaron.<\/p>\n\n\n\n<p><em>\u00abNo vamos a quedarnos de brazos cruzados mientras se intenta arrojar por la borda este patrimonio del pueblo argentino\u201d, <\/em>finaliza el mensaje. <\/p>\n","protected":false},"excerpt":{"rendered":"<p>Siete ex altos funcionarios del sector agr\u00edcola en anteriores gobiernos argentinos divulgaron una carta acusando&hellip;<\/p>\n","protected":false},"author":2,"featured_media":49267,"comment_status":"closed","ping_status":"open","sticky":false,"template":"","format":"standard","meta":{"footnotes":""},"categories":[14],"tags":[],"class_list":["post-171718","post","type-post","status-publish","format-standard","has-post-thumbnail","hentry","category-news"],"_links":{"self":[{"href":"https:\/\/enolife.com.ar\/es\/wp-json\/wp\/v2\/posts\/171718","targetHints":{"allow":["GET"]}}],"collection":[{"href":"https:\/\/enolife.com.ar\/es\/wp-json\/wp\/v2\/posts"}],"about":[{"href":"https:\/\/enolife.com.ar\/es\/wp-json\/wp\/v2\/types\/post"}],"author":[{"embeddable":true,"href":"https:\/\/enolife.com.ar\/es\/wp-json\/wp\/v2\/users\/2"}],"replies":[{"embeddable":true,"href":"https:\/\/enolife.com.ar\/es\/wp-json\/wp\/v2\/comments?post=171718"}],"version-history":[{"count":0,"href":"https:\/\/enolife.com.ar\/es\/wp-json\/wp\/v2\/posts\/171718\/revisions"}],"wp:featuredmedia":[{"embeddable":true,"href":"https:\/\/enolife.com.ar\/es\/wp-json\/wp\/v2\/media\/49267"}],"wp:attachment":[{"href":"https:\/\/enolife.com.ar\/es\/wp-json\/wp\/v2\/media?parent=171718"}],"wp:term":[{"taxonomy":"category","embeddable":true,"href":"https:\/\/enolife.com.ar\/es\/wp-json\/wp\/v2\/categories?post=171718"},{"taxonomy":"post_tag","embeddable":true,"href":"https:\/\/enolife.com.ar\/es\/wp-json\/wp\/v2\/tags?post=171718"}],"curies":[{"name":"wp","href":"https:\/\/api.w.org\/{rel}","templated":true}]}}