{"id":171605,"date":"2025-12-22T16:00:49","date_gmt":"2025-12-22T16:00:49","guid":{"rendered":"https:\/\/enolife.com.ar\/es\/?p=171605"},"modified":"2025-12-26T15:05:59","modified_gmt":"2025-12-26T15:05:59","slug":"no-tires-las-botellas-despues-de-las-fiestas-llevaselas-a-verallia-y-ganate-entradas-al-cine","status":"publish","type":"post","link":"https:\/\/enolife.com.ar\/es\/no-tires-las-botellas-despues-de-las-fiestas-llevaselas-a-verallia-y-ganate-entradas-al-cine\/","title":{"rendered":"\u00a1No tir\u00e9s las botellas despu\u00e9s de las Fiestas, llev\u00e1selas a Verallia y ganate entradas al cine!"},"content":{"rendered":"\n<h4 class=\"wp-block-heading\"><em><strong>La empresa de origen franc\u00e9s, tercer productor mundial de envases de vidrio para bebidas y productos alimenticios, con f\u00e1brica en Guaymall\u00e9n, Mendoza, invita todos los vecinos de esta provincia a reciclar sus envases de vidrio en el marco de la campa\u00f1a \u00abBrindar es Dar\u00bb. Se trata de llevar las botellas y frascos a la Barraca Mall el 2 de enero de 2026 de 18.30 a 20 hs y canjear cada 5 envases por una entrada al cine. As\u00ed, gan\u00e1s para diversi\u00f3n y contribu\u00eds a cuidar el planeta ya que todo el vidrio es reciclado por Verallia con el consiguiente ahorro de energ\u00eda y menor emisi\u00f3n de CO2 a la atm\u00f3sfera.<\/strong><\/em><\/h4>\n\n\n\n<div style=\"height:40px\" aria-hidden=\"true\" class=\"wp-block-spacer\"><\/div>\n\n\n<a href=\"https:\/\/ar.verallia.com\/\" aria-label=\"VERALLIA 1700 x 500\"><img loading=\"lazy\" decoding=\"async\" src=\"https:\/\/enolife.com.ar\/es\/wp-content\/uploads\/2021\/04\/VERALLIA-1700-x-500.jpg\" alt=\"\"  srcset=\"https:\/\/enolife.com.ar\/es\/wp-content\/uploads\/2021\/04\/VERALLIA-1700-x-500.jpg 1700w, https:\/\/enolife.com.ar\/es\/wp-content\/uploads\/2021\/04\/VERALLIA-1700-x-500-300x88.jpg 300w, https:\/\/enolife.com.ar\/es\/wp-content\/uploads\/2021\/04\/VERALLIA-1700-x-500-1024x301.jpg 1024w, https:\/\/enolife.com.ar\/es\/wp-content\/uploads\/2021\/04\/VERALLIA-1700-x-500-768x226.jpg 768w, https:\/\/enolife.com.ar\/es\/wp-content\/uploads\/2021\/04\/VERALLIA-1700-x-500-1536x452.jpg 1536w, https:\/\/enolife.com.ar\/es\/wp-content\/uploads\/2021\/04\/VERALLIA-1700-x-500-1170x344.jpg 1170w, https:\/\/enolife.com.ar\/es\/wp-content\/uploads\/2021\/04\/VERALLIA-1700-x-500-585x172.jpg 585w\" sizes=\"auto, (max-width: 1700px) 100vw, 1700px\" width=\"1700\" height=\"500\"   \/><\/a>\n\n\n<div style=\"height:41px\" aria-hidden=\"true\" class=\"wp-block-spacer\"><\/div>\n\n\n\n<p>La campa\u00f1a <strong>\u00abBrindar es Dar<\/strong>\u00bb celebra este a\u00f1o su <strong>13ava. edici\u00f3n<\/strong>, reafirm\u00e1ndose como una de las acciones ambientales m\u00e1s reconocidas en Mendoza. Esta iniciativa de <strong>Verallia Argentina<\/strong> -empresa l\u00edder en la fabricaci\u00f3n de envases de vidrio- vuelve a convocar a la comunidad a participar de una propuesta sencilla y transformadora: reciclar envases de vidrio y convertir ese gesto en un aporte real al cuidado del planeta.<\/p>\n\n\n\n<p>Este a\u00f1o, la acci\u00f3n se realizar\u00e1 el <strong>viernes 2 de enero<\/strong>, de <strong>18.30 a 20 hs<\/strong>, en <strong>La Barraca Mall<\/strong> de Dorrego, Guaymall\u00e9n, Mendoza. Quienes participen podr\u00e1n <strong>canjear 5 envases de vidrio por 1 entrada al cine<\/strong>. Se entregar\u00e1n <strong>hasta 2 entradas por persona<\/strong>, con un stock total de <strong>600 entradas<\/strong>, hasta agotar disponibilidad.<\/p>\n\n\n\n<p><em>\u201cElegimos realizar esta edici\u00f3n despu\u00e9s de las celebraciones de Navidad y A\u00f1o Nuevo porque es un momento ideal para que las familias mendocinas puedan reciclar las botellas y envases que se utilizan en esas fechas. Queremos acompa\u00f1ar ese impulso y transformarlo en una acci\u00f3n concreta de cuidado ambiental\u201d,<\/em> se\u00f1al\u00f3 <strong>Alejandra Mer\u00edn<\/strong>, responsable del programa \u00ab<strong>Vidrio, una acci\u00f3n transparente\u00bb.<\/strong><\/p>\n\n\n\n<div style=\"height:42px\" aria-hidden=\"true\" class=\"wp-block-spacer\"><\/div>\n\n\n<div class=\"wp-block-image\">\n<figure class=\"aligncenter size-large is-resized\"><a href=\"https:\/\/enolife.com.ar\/es\/wp-content\/uploads\/2025\/12\/Brindar-2.jpg\" data-rel=\"penci-gallery-image-content\" ><img loading=\"lazy\" decoding=\"async\" width=\"1024\" height=\"771\" src=\"https:\/\/enolife.com.ar\/es\/wp-content\/uploads\/2025\/12\/Brindar-2-1024x771.jpg\" alt=\"\" class=\"wp-image-171611\" style=\"width:690px;height:auto\" srcset=\"https:\/\/enolife.com.ar\/es\/wp-content\/uploads\/2025\/12\/Brindar-2-1024x771.jpg 1024w, https:\/\/enolife.com.ar\/es\/wp-content\/uploads\/2025\/12\/Brindar-2-300x226.jpg 300w, https:\/\/enolife.com.ar\/es\/wp-content\/uploads\/2025\/12\/Brindar-2-768x578.jpg 768w, https:\/\/enolife.com.ar\/es\/wp-content\/uploads\/2025\/12\/Brindar-2-1536x1157.jpg 1536w, https:\/\/enolife.com.ar\/es\/wp-content\/uploads\/2025\/12\/Brindar-2-2048x1542.jpg 2048w, https:\/\/enolife.com.ar\/es\/wp-content\/uploads\/2025\/12\/Brindar-2-1170x881.jpg 1170w, https:\/\/enolife.com.ar\/es\/wp-content\/uploads\/2025\/12\/Brindar-2-585x441.jpg 585w\" sizes=\"auto, (max-width: 1024px) 100vw, 1024px\" \/><\/a><\/figure><\/div>\n\n\n<div style=\"height:43px\" aria-hidden=\"true\" class=\"wp-block-spacer\"><\/div>\n\n\n\n<p>La jornada contar\u00e1 con <strong>contenedores identificados para depositar botellas y frascos de vidrio<\/strong> -los \u00fanicos materiales aptos para el proceso de reciclado-, recordando que otros tipos de vidrio, como focos o espejos, no pueden incorporarse al circuito industrial.<\/p>\n\n\n\n<div style=\"height:31px\" aria-hidden=\"true\" class=\"wp-block-spacer\"><\/div>\n\n\n\n<p class=\"has-medium-font-size\"><strong>Trece a\u00f1os de acci\u00f3n y compromiso con el reciclaje de vidrio<\/strong><\/p>\n\n\n\n<p>A lo largo de los a\u00f1os, Verallia ha impulsado numerosas campa\u00f1as que invitan a la comunidad mendocina a acercarse al reciclado a trav\u00e9s de propuestas simples, accesibles y educativas. Esta nueva edici\u00f3n renueva ese esp\u00edritu, poniendo el foco en la importancia de recuperar envases que pueden reutilizarse infinitas veces sin perder calidad.<\/p>\n\n\n\n<p><em>\u201cEl vidrio es un material 100% reciclable y cada envase que recuperamos puede volver a convertirse en materia prima, permiti\u00e9ndonos reducir el uso de recursos naturales, el consumo energ\u00e9tico y las emisiones de CO<\/em><em>\u2082<\/em><em>. Esta acci<\/em><em>\u00f3<\/em><em>n forma parte de nuestro prop<\/em><em>\u00f3<\/em><em>sito de<strong> reimaginar el vidrio para un futuro sostenible<\/strong>, impulsando la econom\u00eda circular y reforzando el valor del vidrio como un material noble, renovable e infinitamente reutilizable\u201d<\/em><strong>,<\/strong> afirm\u00f3 <strong>Luciano Villa<\/strong>, gerente general de Verallia Argentina.<\/p>\n\n\n\n<div style=\"height:27px\" aria-hidden=\"true\" class=\"wp-block-spacer\"><\/div>\n\n\n\n<p><strong>Para agendar<\/strong><\/p>\n\n\n\n<ul class=\"wp-block-list\">\n<li><strong>Fecha y hora: <\/strong>Viernes 2 de enero \u2013 de 18:30 a 20 hs.<\/li>\n\n\n\n<li><strong>Lugar: <\/strong>La Barraca Mall.<\/li>\n\n\n\n<li><strong>Modalidad:<\/strong><br>5 envases de vidrio = 1 entrada al cine.<br>M\u00e1ximo 2 entradas por persona.<br>Stock: 600 entradas.<\/li>\n\n\n\n<li><strong>Materiales aptos: <\/strong>Solo botellas y frascos de vidrio.<\/li>\n<\/ul>\n\n\n\n<div style=\"height:38px\" aria-hidden=\"true\" class=\"wp-block-spacer\"><\/div>\n\n\n\n<p class=\"has-medium-font-size\"><strong>Sobre \u201cVidrio, una acci\u00f3n transparente\u201d<\/strong><\/p>\n\n\n\n<p>\u201cVidrio, una acci\u00f3n transparente\u201d es el programa de reciclado que Verallia Argentina impulsa desde 2012 para promover la recolecci\u00f3n y valorizaci\u00f3n del vidrio en la comunidad. A trav\u00e9s de m\u00e1s de 50 contenedores distribuidos en el Gran Mendoza, vecinos e instituciones pueden depositar botellas y frascos que luego se reciclan en la planta local para fabricar nuevos envases.<\/p>\n\n\n\n<p>Con m\u00e1s de una d\u00e9cada de crecimiento, el programa fortalece la econom\u00eda circular y la conciencia ambiental, demostrando que reciclar vidrio es un h\u00e1bito simple y accesible que reduce residuos, ahorra energ\u00eda y disminuye las emisiones de CO\u2082.<\/p>\n\n\n\n<div style=\"height:30px\" aria-hidden=\"true\" class=\"wp-block-spacer\"><\/div>\n\n\n\n<p class=\"has-medium-font-size\"><strong>Acerca de Verallia<\/strong><\/p>\n\n\n\n<p>En Verallia, el lema y prop\u00f3sito declarado es <em>\u00abreimaginar el vidrio para un futuro sostenible\u00bb<\/em>. Desde la empresa manifiestan que el plan es redefinir c\u00f3mo se produce, reutiliza y recicla el vidrio, para convertirlo en el material de envasado m\u00e1s sostenible del mundo. Para ello, trabjan junto a clientes, proveedores y otros socios a lo largo de toda la cadena de valor para desarrollar soluciones nuevas, beneficiosas y sostenibles para todos.<\/p>\n\n\n\n<p>Con casi <strong>11.000 empleados y 35 plantas de producci\u00f3n de vidrio en 12 pa\u00edses<\/strong>, Verallia es el l\u00edder europeo y el <strong>tercer mayor productor mundial de envases de vidrio para bebidas y productos alimenticios. <\/strong>Ofrecen soluciones innovadoras, personalizadas y respetuosas con el medio ambiente a m\u00e1s de 10.000 empresas en todo el mundo. Verallia produjo 16 mil millones de botellas y frascos de vidrio y registr\u00f3 ingresos de 3.500 millones de euros en 2024.<\/p>\n\n\n\n<div style=\"height:49px\" aria-hidden=\"true\" class=\"wp-block-spacer\"><\/div>\n","protected":false},"excerpt":{"rendered":"<p>La empresa de origen franc\u00e9s, tercer productor mundial de envases de vidrio para bebidas y&hellip;<\/p>\n","protected":false},"author":2,"featured_media":171609,"comment_status":"closed","ping_status":"open","sticky":false,"template":"","format":"standard","meta":{"footnotes":""},"categories":[57],"tags":[],"class_list":["post-171605","post","type-post","status-publish","format-standard","has-post-thumbnail","hentry","category-empresas"],"_links":{"self":[{"href":"https:\/\/enolife.com.ar\/es\/wp-json\/wp\/v2\/posts\/171605","targetHints":{"allow":["GET"]}}],"collection":[{"href":"https:\/\/enolife.com.ar\/es\/wp-json\/wp\/v2\/posts"}],"about":[{"href":"https:\/\/enolife.com.ar\/es\/wp-json\/wp\/v2\/types\/post"}],"author":[{"embeddable":true,"href":"https:\/\/enolife.com.ar\/es\/wp-json\/wp\/v2\/users\/2"}],"replies":[{"embeddable":true,"href":"https:\/\/enolife.com.ar\/es\/wp-json\/wp\/v2\/comments?post=171605"}],"version-history":[{"count":0,"href":"https:\/\/enolife.com.ar\/es\/wp-json\/wp\/v2\/posts\/171605\/revisions"}],"wp:featuredmedia":[{"embeddable":true,"href":"https:\/\/enolife.com.ar\/es\/wp-json\/wp\/v2\/media\/171609"}],"wp:attachment":[{"href":"https:\/\/enolife.com.ar\/es\/wp-json\/wp\/v2\/media?parent=171605"}],"wp:term":[{"taxonomy":"category","embeddable":true,"href":"https:\/\/enolife.com.ar\/es\/wp-json\/wp\/v2\/categories?post=171605"},{"taxonomy":"post_tag","embeddable":true,"href":"https:\/\/enolife.com.ar\/es\/wp-json\/wp\/v2\/tags?post=171605"}],"curies":[{"name":"wp","href":"https:\/\/api.w.org\/{rel}","templated":true}]}}