{"id":171592,"date":"2025-12-20T22:32:38","date_gmt":"2025-12-20T22:32:38","guid":{"rendered":"https:\/\/enolife.com.ar\/es\/?p=171592"},"modified":"2025-12-22T22:42:22","modified_gmt":"2025-12-22T22:42:22","slug":"vinos-aceite-de-oliva-dulces-y-conservas-en-el-nuevo-mercadito-de-agrarias-abierto-a-la-comunidad","status":"publish","type":"post","link":"https:\/\/enolife.com.ar\/es\/vinos-aceite-de-oliva-dulces-y-conservas-en-el-nuevo-mercadito-de-agrarias-abierto-a-la-comunidad\/","title":{"rendered":"Vinos, aceite de oliva, dulces y conservas en el nuevo Mercadito de Agrarias abierto a la comunidad"},"content":{"rendered":"\n<h4 class=\"wp-block-heading\"><em><strong>La Facultad de Ciencias Agrarias (FCA) de la Universidad Nacional de Cuyo abri\u00f3 sus puertas al nuevo punto de venta ubicado en la planta baja del edificio. Con un formato de local abierto, el espacio ubicado en la misma casa de estudios de Luj\u00e1n de Cuyo, Mendoza, busca acercar productos de calidad y promover la interacci\u00f3n directa entre estudiantes, docentes y visitantes.<\/strong><\/em><\/h4>\n\n\n\n<div style=\"height:42px\" aria-hidden=\"true\" class=\"wp-block-spacer\"><\/div>\n\n\n<a href=\"https:\/\/ar.verallia.com\/\" aria-label=\"VERALLIA 1700 x 500\"><img loading=\"lazy\" decoding=\"async\" src=\"https:\/\/enolife.com.ar\/es\/wp-content\/uploads\/2021\/04\/VERALLIA-1700-x-500.jpg\" alt=\"\"  srcset=\"https:\/\/enolife.com.ar\/es\/wp-content\/uploads\/2021\/04\/VERALLIA-1700-x-500.jpg 1700w, https:\/\/enolife.com.ar\/es\/wp-content\/uploads\/2021\/04\/VERALLIA-1700-x-500-300x88.jpg 300w, https:\/\/enolife.com.ar\/es\/wp-content\/uploads\/2021\/04\/VERALLIA-1700-x-500-1024x301.jpg 1024w, https:\/\/enolife.com.ar\/es\/wp-content\/uploads\/2021\/04\/VERALLIA-1700-x-500-768x226.jpg 768w, https:\/\/enolife.com.ar\/es\/wp-content\/uploads\/2021\/04\/VERALLIA-1700-x-500-1536x452.jpg 1536w, https:\/\/enolife.com.ar\/es\/wp-content\/uploads\/2021\/04\/VERALLIA-1700-x-500-1170x344.jpg 1170w, https:\/\/enolife.com.ar\/es\/wp-content\/uploads\/2021\/04\/VERALLIA-1700-x-500-585x172.jpg 585w\" sizes=\"auto, (max-width: 1700px) 100vw, 1700px\" width=\"1700\" height=\"500\"   \/><\/a>\n\n\n<div style=\"height:50px\" aria-hidden=\"true\" class=\"wp-block-spacer\"><\/div>\n\n\n\n<p>El pasado viernes 12 de diciembre, la <strong>Facultad de Ciencias Agrarias<\/strong> de la <strong>Universidad Nacional de Cuyo (UNCuyo)<\/strong> vivi\u00f3 una jornada significativa con la inauguraci\u00f3n oficial de su nuevo punto de venta, denominado <strong>\u201cMercadito de Agrarias\u201d<\/strong>. El acto en la planta baja del edificio ubicado en Almirante Brown 52, Luj\u00e1n de Cuyo, Mendoza, cont\u00f3 con la presencia de autoridades de la Facultad, docentes, estudiantes, personal de apoyo acad\u00e9mico&nbsp;y miembros de la comunidad agraria local.<\/p>\n\n\n\n<p>El espacio, concebido bajo un innovador formato de local abierto, busca romper con el esquema comercial tradicional para promover un encuentro directo entre la comunidad universitaria y visitantes.<\/p>\n\n\n\n<p><em>\u00abDise\u00f1amos este lugar pensando en la experiencia tangible, en que se pueda tocar, oler y conocer el origen de lo que consumimos\u201d<\/em>, dijo durante la inauguraci\u00f3n la&nbsp;decana&nbsp;de la Facultad, la ingeniera agr\u00f3noma <strong>Mar\u00eda Flavia Filippini. <\/strong>\u201cNo es s\u00f3lo un punto de venta; es una ventana a lo que hacemos y producimos desde nuestra unidad acad\u00e9mica\u201d, agreg\u00f3 la decana. Adem\u00e1s, agradeci\u00f3 a qui\u00e9nes realizaron este cambio tan trascendental destacando al secretario general <strong>David Mart\u00edn<\/strong>, a la dise\u00f1adora <strong>Mar\u00eda Agustina L\u00e9pez Savina<\/strong>, al responsable de Ventas <strong>Mat\u00edas Fern\u00e1ndez<\/strong> y al arquitecto <strong>Daniel Gonz\u00e1lez Baliani.&nbsp;<\/strong><\/p>\n\n\n\n<div style=\"height:34px\" aria-hidden=\"true\" class=\"wp-block-spacer\"><\/div>\n\n\n<div class=\"wp-block-image\">\n<figure class=\"aligncenter size-full is-resized\"><a href=\"https:\/\/enolife.com.ar\/es\/wp-content\/uploads\/2025\/12\/Decana-Ciencias-Agrarias.jpg\" data-rel=\"penci-gallery-image-content\" ><img loading=\"lazy\" decoding=\"async\" width=\"342\" height=\"608\" src=\"https:\/\/enolife.com.ar\/es\/wp-content\/uploads\/2025\/12\/Decana-Ciencias-Agrarias.jpg\" alt=\"\" class=\"wp-image-171598\" style=\"width:536px;height:auto\" srcset=\"https:\/\/enolife.com.ar\/es\/wp-content\/uploads\/2025\/12\/Decana-Ciencias-Agrarias.jpg 342w, https:\/\/enolife.com.ar\/es\/wp-content\/uploads\/2025\/12\/Decana-Ciencias-Agrarias-169x300.jpg 169w\" sizes=\"auto, (max-width: 342px) 100vw, 342px\" \/><\/a><figcaption class=\"wp-element-caption\"><em><strong>Mar\u00eda Flavia Filippini, decana de la Facultad, durante el acto de inauguraci\u00f3n del Mercadito, junto a uno de sus colaboradores.<\/strong><\/em><\/figcaption><\/figure><\/div>\n\n\n<div style=\"height:33px\" aria-hidden=\"true\" class=\"wp-block-spacer\"><\/div>\n\n\n\n<p><strong>El Mercadito<\/strong> ofrecer\u00e1 una variedad de productos vinculados a la producci\u00f3n agraria, entre ellos&nbsp;<strong>vinos, espumantes, conservas, dulces, aceite de oliva&nbsp;virgen extra y derivados<\/strong>, la mayor\u00eda elaborados en la f\u00e1brica y almazar de la misma Facultad. Adem\u00e1s, hay <strong><em>merchandising <\/em><\/strong>de esta casa de estudios y otros <strong>art\u00edculos artesanales<\/strong>. Tambi\u00e9n se ha puesto en venta <strong>material bibliogr\u00e1fico y publicaciones t\u00e9cnicas<\/strong> editadas por la misma instituci\u00f3n.<\/p>\n\n\n\n<blockquote class=\"wp-block-quote is-layout-flow wp-block-quote-is-layout-flow\">\n<p>Durante el evento inaugural, los asistentes pudieron recorrer el local&nbsp;y dialogar con los responsables de los distintos m\u00f3dulos. <em>\u201cEs un espacio que acerca la facultad a la sociedad de una manera concreta, y a la vez permite que nuestros estudiantes tengan un contacto real con la comercializaci\u00f3n y la gesti\u00f3n\u201d,<\/em> coment\u00f3 el secretario general Mart\u00edn,<strong> <\/strong>uno&nbsp;de los gestores&nbsp;del proyecto.<\/p>\n\n\n\n<div style=\"height:33px\" aria-hidden=\"true\" class=\"wp-block-spacer\"><\/div>\n<\/blockquote>\n\n\n\n<p class=\"has-medium-font-size\"><strong>Horarios y puntos de venta<\/strong><\/p>\n\n\n\n<p>El <strong>Mercadito de Agrarias <\/strong>ubicado en el Campus (planta baja de la facultad) atender\u00e1 al p\u00fablico en el siguiente horario:<\/p>\n\n\n\n<ul class=\"wp-block-list\">\n<li><strong>Lunes y martes: de 8 a 17 horas.<\/strong><\/li>\n\n\n\n<li><strong>Mi\u00e9rcoles, jueves y viernes: de 8 a 14 horas.<\/strong><\/li>\n<\/ul>\n\n\n\n<p>Adem\u00e1s, la Facultad cuenta con un segundo punto de venta en Chacras de Coria, ubicado en la intersecci\u00f3n de las calles Italia y Justicia, con el siguiente horario:<\/p>\n\n\n\n<ul class=\"wp-block-list\">\n<li><strong>Mi\u00e9rcoles, jueves y viernes: de 9 a 15 horas.<\/strong><\/li>\n\n\n\n<li><strong>S\u00e1bados y domingos: de 11 a 20 horas.<\/strong><\/li>\n<\/ul>\n\n\n\n<p><strong>Contacto y beneficios<\/strong><\/p>\n\n\n\n<p>Para consultas o pedidos, la comunidad puede comunicarse a trav\u00e9s de:<\/p>\n\n\n\n<ul class=\"wp-block-list\">\n<li><strong>Correo electr\u00f3nico: <\/strong><a href=\"mailto:ventas@fca.uncu.edu.ar\">ventas@fca.uncu.edu.ar<\/a><\/li>\n\n\n\n<li><strong>Tel\u00e9fono fijo:<\/strong> 4054809 interno 61121<\/li>\n\n\n\n<li><strong>WhatsApp:<\/strong> 2617153717<\/li>\n<\/ul>\n\n\n\n<p>Cabe destacar que todas las semanas se realizar\u00e1n promociones especiales y que el personal de la FCA contar\u00e1 con beneficios y descuentos en productos seleccionados.<\/p>\n\n\n\n<p>La apertura del Mercadito refuerza el v\u00ednculo de la Facultad con su entorno productivo y se enmarca en su pol\u00edtica comercial con el medio. Se prev\u00e9 que en los pr\u00f3ximos meses se incorporen actividades complementarias como charlas, degustaciones, talleres y presentaciones de novedades tecnol\u00f3gicas del sector.<\/p>\n\n\n\n<p>Con este nuevo espacio, la Facultad de Ciencias Agrarias consolida su rol activo en la promoci\u00f3n de la producci\u00f3n local, la calidad alimentaria y la formaci\u00f3n integral de sus estudiantes, invitando a toda la comunidad universitaria y al p\u00fablico general a ser parte de esta iniciativa.<\/p>\n\n\n\n<div style=\"height:40px\" aria-hidden=\"true\" class=\"wp-block-spacer\"><\/div>\n","protected":false},"excerpt":{"rendered":"<p>La Facultad de Ciencias Agrarias (FCA) de la Universidad Nacional de Cuyo abri\u00f3 sus puertas&hellip;<\/p>\n","protected":false},"author":2,"featured_media":171593,"comment_status":"closed","ping_status":"open","sticky":false,"template":"","format":"standard","meta":{"footnotes":""},"categories":[47],"tags":[],"class_list":["post-171592","post","type-post","status-publish","format-standard","has-post-thumbnail","hentry","category-agenda"],"_links":{"self":[{"href":"https:\/\/enolife.com.ar\/es\/wp-json\/wp\/v2\/posts\/171592","targetHints":{"allow":["GET"]}}],"collection":[{"href":"https:\/\/enolife.com.ar\/es\/wp-json\/wp\/v2\/posts"}],"about":[{"href":"https:\/\/enolife.com.ar\/es\/wp-json\/wp\/v2\/types\/post"}],"author":[{"embeddable":true,"href":"https:\/\/enolife.com.ar\/es\/wp-json\/wp\/v2\/users\/2"}],"replies":[{"embeddable":true,"href":"https:\/\/enolife.com.ar\/es\/wp-json\/wp\/v2\/comments?post=171592"}],"version-history":[{"count":0,"href":"https:\/\/enolife.com.ar\/es\/wp-json\/wp\/v2\/posts\/171592\/revisions"}],"wp:featuredmedia":[{"embeddable":true,"href":"https:\/\/enolife.com.ar\/es\/wp-json\/wp\/v2\/media\/171593"}],"wp:attachment":[{"href":"https:\/\/enolife.com.ar\/es\/wp-json\/wp\/v2\/media?parent=171592"}],"wp:term":[{"taxonomy":"category","embeddable":true,"href":"https:\/\/enolife.com.ar\/es\/wp-json\/wp\/v2\/categories?post=171592"},{"taxonomy":"post_tag","embeddable":true,"href":"https:\/\/enolife.com.ar\/es\/wp-json\/wp\/v2\/tags?post=171592"}],"curies":[{"name":"wp","href":"https:\/\/api.w.org\/{rel}","templated":true}]}}