{"id":171578,"date":"2025-12-20T14:46:25","date_gmt":"2025-12-20T14:46:25","guid":{"rendered":"https:\/\/enolife.com.ar\/es\/?p=171578"},"modified":"2025-12-25T16:33:13","modified_gmt":"2025-12-25T16:33:13","slug":"mendoza-proyecta-la-ciudad-del-vino-mas-tecnologica-de-argentina","status":"publish","type":"post","link":"https:\/\/enolife.com.ar\/es\/mendoza-proyecta-la-ciudad-del-vino-mas-tecnologica-de-argentina\/","title":{"rendered":"Mendoza proyecta la Ciudad del Vino m\u00e1s tecnol\u00f3gica de Argentina"},"content":{"rendered":"\n<h4 class=\"wp-block-heading\"><em><strong>La iniciativa de la comuna de Godoy Cruz, Mendoza, fue seleccionada en primer lugar en un programa del gobierno local para construir infraestructura tur\u00edstica, y ser\u00e1 financiado con fondos nacionales provenientes del denominado \u00abResarcimiento\u00bb por obras antes proyectadas y no realizadas. El futuro Museo est\u00e1 inspirado en la Cit\u00e9 du Vin de Burdeos, Francia, entidad con la que se firm\u00f3 un convenio de cooperaci\u00f3n. Estar\u00e1 emplazado en las cavas subterr\u00e1neas de la hist\u00f3rica y recuperada Bodega Arizu de Godoy Cruz (foto principal). Se utilizar\u00e1 tecnolog\u00eda de vanguardia que permitir\u00e1 a los visitantes sumergirse en el mundo del vino y experimentar sensaciones v\u00edvidas de todos los procesos de la elaboraci\u00f3n de la bebida nacional argentina.<\/strong><\/em><\/h4>\n\n\n\n<div style=\"height:47px\" aria-hidden=\"true\" class=\"wp-block-spacer\"><\/div>\n\n\n<a href=\"https:\/\/fermentis.com\/es\/\" aria-label=\"MYC-forSparkling_1700x500 (1)\"><img loading=\"lazy\" decoding=\"async\" src=\"https:\/\/enolife.com.ar\/es\/wp-content\/uploads\/2022\/03\/MYC-forSparkling_1700x500-1.jpg\" alt=\"\"  srcset=\"https:\/\/enolife.com.ar\/es\/wp-content\/uploads\/2022\/03\/MYC-forSparkling_1700x500-1.jpg 1700w, https:\/\/enolife.com.ar\/es\/wp-content\/uploads\/2022\/03\/MYC-forSparkling_1700x500-1-300x88.jpg 300w, https:\/\/enolife.com.ar\/es\/wp-content\/uploads\/2022\/03\/MYC-forSparkling_1700x500-1-1024x301.jpg 1024w, https:\/\/enolife.com.ar\/es\/wp-content\/uploads\/2022\/03\/MYC-forSparkling_1700x500-1-768x226.jpg 768w, https:\/\/enolife.com.ar\/es\/wp-content\/uploads\/2022\/03\/MYC-forSparkling_1700x500-1-1536x452.jpg 1536w, https:\/\/enolife.com.ar\/es\/wp-content\/uploads\/2022\/03\/MYC-forSparkling_1700x500-1-1170x344.jpg 1170w, https:\/\/enolife.com.ar\/es\/wp-content\/uploads\/2022\/03\/MYC-forSparkling_1700x500-1-585x172.jpg 585w\" sizes=\"auto, (max-width: 1700px) 100vw, 1700px\" width=\"1700\" height=\"500\"   \/><\/a>\n\n\n<div style=\"height:37px\" aria-hidden=\"true\" class=\"wp-block-spacer\"><\/div>\n\n\n\n<p>El proyecto<strong>&nbsp;Ciudad del Vino, <\/strong>impulsado por la comuna de <strong>Godoy Cruz, Mendoza,<\/strong> fue seleccionado dentro del <strong>Concurso de Infraestructura Tur\u00edstica Municipal. <\/strong>La iniciativa se destac\u00f3 como la mejor puntuada entre las propuestas presentadas y tendr\u00e1 lugar en los predios e instalaciones de la <strong>hist\u00f3rica bodega Arizu <\/strong>de ese departamento, actualmente recuperados en gran parte, con el <strong>Espacio Arizu<\/strong> como epicentro.<\/p>\n\n\n\n<p>La presentaci\u00f3n oficial se realiz\u00f3 el jueves 18\/12\/25 con la participaci\u00f3n&nbsp;del<strong> intendente de Godoy Cruz, Diego Costarelli, <\/strong>del&nbsp;gobernador<strong> Alfredo Cornejo y <\/strong>de la&nbsp;presidenta del <strong>Ente Mendoza Turismo, Gabriela&nbsp;Testa.&nbsp;<\/strong>Tambi\u00e9n, estuvieron presentes la<strong> <\/strong>subsecretaria de Infraestructura y Desarrollo Territorial, <strong>Marit\u00e9 Badui<\/strong>, funcionarios provinciales e intendentes de otras comunas cuyos proyectos tambi\u00e9n quedaron seleccionados.<\/p>\n\n\n\n<div style=\"height:28px\" aria-hidden=\"true\" class=\"wp-block-spacer\"><\/div>\n\n\n<div class=\"wp-block-image\">\n<figure class=\"aligncenter size-full is-resized\"><a href=\"https:\/\/enolife.com.ar\/es\/wp-content\/uploads\/2025\/12\/Ciudad-del-vino1.jpg\" data-rel=\"penci-gallery-image-content\" ><img loading=\"lazy\" decoding=\"async\" width=\"883\" height=\"624\" src=\"https:\/\/enolife.com.ar\/es\/wp-content\/uploads\/2025\/12\/Ciudad-del-vino1.jpg\" alt=\"\" class=\"wp-image-171586\" style=\"width:800px;height:auto\" srcset=\"https:\/\/enolife.com.ar\/es\/wp-content\/uploads\/2025\/12\/Ciudad-del-vino1.jpg 883w, https:\/\/enolife.com.ar\/es\/wp-content\/uploads\/2025\/12\/Ciudad-del-vino1-300x212.jpg 300w, https:\/\/enolife.com.ar\/es\/wp-content\/uploads\/2025\/12\/Ciudad-del-vino1-768x543.jpg 768w, https:\/\/enolife.com.ar\/es\/wp-content\/uploads\/2025\/12\/Ciudad-del-vino1-585x413.jpg 585w\" sizes=\"auto, (max-width: 883px) 100vw, 883px\" \/><\/a><\/figure><\/div>\n\n\n<div style=\"height:38px\" aria-hidden=\"true\" class=\"wp-block-spacer\"><\/div>\n\n\n\n<p>En ese marco, Costarelli destac\u00f3 el valor integral del vino como eje cultural y productivo: <em>\u201cEs fascinante c\u00f3mo el vino se relaciona con \u00e1mbitos tan diversos como la historia, el arte, la gastronom\u00eda, la cultura, el turismo y la arquitectura\u201d<\/em>.<\/p>\n\n\n\n<p>Asimismo, el jefe comunal destac\u00f3 el horizonte de crecimiento que tiene la provincia. <em>\u201cSomos muy afortunados de vivir en un lugar tan especial como Mendoza, con un potencial enorme para seguir creciendo y generando oportunidades para todos los sectores\u201d, <\/em>se\u00f1al\u00f3.<\/p>\n\n\n\n<div style=\"height:34px\" aria-hidden=\"true\" class=\"wp-block-spacer\"><\/div>\n\n\n\n<h3 class=\"wp-block-heading\">El respaldo provincial al desarrollo tur\u00edstico<\/h3>\n\n\n\n<p>Por su parte, Cornejo remarc\u00f3 la importancia de las pol\u00edticas p\u00fablicas orientadas al crecimiento sostenible.&nbsp;<em>\u201cLa provincia tiene competencias claras y limitadas en materia macroecon\u00f3mica. Pero s\u00ed, cuenta con instrumentos clave para impulsar el desarrollo: el manejo responsable del presupuesto, la inversi\u00f3n en infraestructura, el uso estrat\u00e9gico de los recursos del subsuelo y el ordenamiento territorial\u201d, <\/em>afirm\u00f3.<\/p>\n\n\n\n<p>En ese marco, el gobernador agreg\u00f3 que el estado provincial continuar\u00e1 fortaleciendo actividades estrat\u00e9gicas. <em>\u201cEstamos decididos a impulsar sectores que siguen creciendo pese a la recesi\u00f3n, como el turismo, la energ\u00eda y la producci\u00f3n, porque generan empleo, integran a los municipios y ampl\u00edan las oportunidades en todo el territorio mendocino\u201d<\/em>, sostuvo.<\/p>\n\n\n\n<div style=\"height:30px\" aria-hidden=\"true\" class=\"wp-block-spacer\"><\/div>\n\n\n\n<figure class=\"wp-block-image size-full is-resized\"><a href=\"https:\/\/enolife.com.ar\/es\/wp-content\/uploads\/2025\/12\/ciudad-del-vino2.jpg\" data-rel=\"penci-gallery-image-content\" ><img loading=\"lazy\" decoding=\"async\" width=\"883\" height=\"624\" src=\"https:\/\/enolife.com.ar\/es\/wp-content\/uploads\/2025\/12\/ciudad-del-vino2.jpg\" alt=\"\" class=\"wp-image-171587\" style=\"width:819px;height:auto\" srcset=\"https:\/\/enolife.com.ar\/es\/wp-content\/uploads\/2025\/12\/ciudad-del-vino2.jpg 883w, https:\/\/enolife.com.ar\/es\/wp-content\/uploads\/2025\/12\/ciudad-del-vino2-300x212.jpg 300w, https:\/\/enolife.com.ar\/es\/wp-content\/uploads\/2025\/12\/ciudad-del-vino2-768x543.jpg 768w, https:\/\/enolife.com.ar\/es\/wp-content\/uploads\/2025\/12\/ciudad-del-vino2-585x413.jpg 585w\" sizes=\"auto, (max-width: 883px) 100vw, 883px\" \/><\/a><\/figure>\n\n\n\n<div style=\"height:32px\" aria-hidden=\"true\" class=\"wp-block-spacer\"><\/div>\n\n\n\n<p class=\"has-medium-font-size\"><strong>La Cit\u00e9 du Vin de Burdeos, inspiraci\u00f3n y cooperaci\u00f3n<\/strong><\/p>\n\n\n\n<p>El proyecto de Godoy Cruz tambi\u00e9n se apoya en un convenio firmado recientemente con la<strong> Cit\u00e9 du Vin de Burdeos, Francia. <\/strong>La iniciativa local, que se constituir\u00e1 en el primer museo sensorial e inmersivo del vino en Argentina,<strong> <\/strong>tiene su correlato en el imponente edificio franc\u00e9s, reconocido por su modelo de inmersi\u00f3n y sus contenidos de alto valor experiencial. Se trata de un socio estrat\u00e9gico ideal para asegurar los est\u00e1ndares de vanguardia.<\/p>\n\n\n\n<div style=\"height:27px\" aria-hidden=\"true\" class=\"wp-block-spacer\"><\/div>\n\n\n\n<figure class=\"wp-block-image size-large is-resized\"><a href=\"https:\/\/enolife.com.ar\/es\/wp-content\/uploads\/2020\/06\/ppal-cite-1.jpg\" data-rel=\"penci-gallery-image-content\" ><img loading=\"lazy\" decoding=\"async\" width=\"1024\" height=\"440\" src=\"https:\/\/enolife.com.ar\/es\/wp-content\/uploads\/2020\/06\/ppal-cite-1-1024x440.jpg\" alt=\"\" class=\"wp-image-14840\" style=\"width:820px;height:auto\" srcset=\"https:\/\/enolife.com.ar\/es\/wp-content\/uploads\/2020\/06\/ppal-cite-1-1024x440.jpg 1024w, https:\/\/enolife.com.ar\/es\/wp-content\/uploads\/2020\/06\/ppal-cite-1-300x129.jpg 300w, https:\/\/enolife.com.ar\/es\/wp-content\/uploads\/2020\/06\/ppal-cite-1-768x330.jpg 768w, https:\/\/enolife.com.ar\/es\/wp-content\/uploads\/2020\/06\/ppal-cite-1-1170x503.jpg 1170w, https:\/\/enolife.com.ar\/es\/wp-content\/uploads\/2020\/06\/ppal-cite-1-585x251.jpg 585w, https:\/\/enolife.com.ar\/es\/wp-content\/uploads\/2020\/06\/ppal-cite-1.jpg 1280w\" sizes=\"auto, (max-width: 1024px) 100vw, 1024px\" \/><\/a><figcaption class=\"wp-element-caption\"><em><strong>La Cit\u00e9 du Vin de Burdeos, Francia, inspiradora y colaboradora en el proyecto mendocino.<\/strong><\/em><\/figcaption><\/figure>\n\n\n\n<div style=\"height:33px\" aria-hidden=\"true\" class=\"wp-block-spacer\"><\/div>\n\n\n\n<p>El convenio incluye cooperaci\u00f3n en <em>\u00ab<strong>ingenier\u00eda cultural y asistencia en la gesti\u00f3n de proyectos\u00bb<\/strong><\/em><strong>, c<\/strong>omo as\u00ed tambi\u00e9n, <em>\u00ab<strong>coproducci\u00f3n de contenidos f\u00edsicos y digitales\u00bb.<\/strong><\/em> Esto muestra que la intenci\u00f3n principal de la alianza es facilitar la transferencia de know-how t\u00e9cnico y conceptual desde Burdeos hacia Godoy Cruz. Esta transferencia de experiencia avanzada ser\u00e1 crucial para ejecutar el nuevo museo de Mendoza, permitiendo que el patrimonio local se proyecte mediante plataformas tecnol\u00f3gicas modernas y sofisticadas.<\/p>\n\n\n\n<div style=\"height:26px\" aria-hidden=\"true\" class=\"wp-block-spacer\"><\/div>\n\n\n\n<p class=\"has-medium-font-size\"><strong>Impacto tur\u00edstico y econ\u00f3mico<\/strong><\/p>\n\n\n\n<p>Es importante resaltar que el futuro museo podr\u00e1 convertirse en el espacio del vino tecnol\u00f3gicamente m\u00e1s avanzado del pa\u00eds. A su vez, el proyecto recupera el patrimonio hist\u00f3rico de la Bodega Arizu, integr\u00e1ndose a una propuesta contempor\u00e1nea que mira al futuro sin perder identidad. La propuesta busca atraer visitantes nacionales e internacionales de nivel medio y alto, especialmente interesados en la enogastronom\u00eda y la cultura, en particular desde Estados Unidos, Brasil, Reino Unido, Francia, Alemania, Buenos Aires y C\u00f3rdoba.<\/p>\n\n\n\n<p>La Ciudad del Vino permitir\u00e1 incrementar el gasto promedio y la estad\u00eda de los turistas. Adem\u00e1s, sumar\u00e1 un valor diferencial: la desestacionalizaci\u00f3n de la oferta tur\u00edstica, gracias a actividades permanentes durante todo el a\u00f1o. Como consecuencia, se prev\u00e9 un fuerte impulso a la generaci\u00f3n de empleo y nuevos negocios locales. De manera tal que, se fortalecer\u00e1n sectores clave como la hoteler\u00eda, la gastronom\u00eda, las artesan\u00edas y los productos gourmet.<\/p>\n\n\n\n<div style=\"height:28px\" aria-hidden=\"true\" class=\"wp-block-spacer\"><\/div>\n\n\n\n<p class=\"has-medium-font-size\"><strong>Las propuestas tur\u00edsticas ganadoras del programa mendocino<\/strong><\/p>\n\n\n\n<ol class=\"wp-block-list\">\n<li><strong>Ciudad del Vino, <\/strong>85 puntos<\/li>\n\n\n\n<li>Plan de Infraestructura <strong>Puente del Inca-Las Cuevas<\/strong>, 81 puntos<\/li>\n\n\n\n<li>Centro tradicionalista en <strong>Casa Duffau<\/strong>, 79 puntos<\/li>\n\n\n\n<li>Puesta en valor de <strong>Bodega Gargantini<\/strong>, 77 puntos<\/li>\n\n\n\n<li><strong>Museo de la Olivicultura y el Aceto<\/strong>, 76,25 puntos<\/li>\n\n\n\n<li>Recuperaci\u00f3n del <strong>Molino Hist\u00f3rico \u00abHacienda del Libertador\u00bb<\/strong>, 71,5 puntos<\/li>\n\n\n\n<li>Sala inmersiva en <strong>Museo Casa de San Mart\u00edn<\/strong>, 71,5 puntos<\/li>\n\n\n\n<li>Parque recreativo de la <strong>Ciudad en General Alvear<\/strong>, 70 puntos<\/li>\n\n\n\n<li>Casa de Regionales en el <strong>Museo Hist\u00f3rico Natural de Lavall<\/strong>e, 65 puntos<\/li>\n<\/ol>\n\n\n\n<div style=\"height:31px\" aria-hidden=\"true\" class=\"wp-block-spacer\"><\/div>\n","protected":false},"excerpt":{"rendered":"<p>La iniciativa de la comuna de Godoy Cruz, Mendoza, fue seleccionada en primer lugar en&hellip;<\/p>\n","protected":false},"author":2,"featured_media":171584,"comment_status":"closed","ping_status":"open","sticky":false,"template":"","format":"standard","meta":{"footnotes":""},"categories":[11],"tags":[],"class_list":["post-171578","post","type-post","status-publish","format-standard","has-post-thumbnail","hentry","category-enoturismo"],"_links":{"self":[{"href":"https:\/\/enolife.com.ar\/es\/wp-json\/wp\/v2\/posts\/171578","targetHints":{"allow":["GET"]}}],"collection":[{"href":"https:\/\/enolife.com.ar\/es\/wp-json\/wp\/v2\/posts"}],"about":[{"href":"https:\/\/enolife.com.ar\/es\/wp-json\/wp\/v2\/types\/post"}],"author":[{"embeddable":true,"href":"https:\/\/enolife.com.ar\/es\/wp-json\/wp\/v2\/users\/2"}],"replies":[{"embeddable":true,"href":"https:\/\/enolife.com.ar\/es\/wp-json\/wp\/v2\/comments?post=171578"}],"version-history":[{"count":0,"href":"https:\/\/enolife.com.ar\/es\/wp-json\/wp\/v2\/posts\/171578\/revisions"}],"wp:featuredmedia":[{"embeddable":true,"href":"https:\/\/enolife.com.ar\/es\/wp-json\/wp\/v2\/media\/171584"}],"wp:attachment":[{"href":"https:\/\/enolife.com.ar\/es\/wp-json\/wp\/v2\/media?parent=171578"}],"wp:term":[{"taxonomy":"category","embeddable":true,"href":"https:\/\/enolife.com.ar\/es\/wp-json\/wp\/v2\/categories?post=171578"},{"taxonomy":"post_tag","embeddable":true,"href":"https:\/\/enolife.com.ar\/es\/wp-json\/wp\/v2\/tags?post=171578"}],"curies":[{"name":"wp","href":"https:\/\/api.w.org\/{rel}","templated":true}]}}