{"id":171443,"date":"2025-12-17T14:13:36","date_gmt":"2025-12-17T14:13:36","guid":{"rendered":"https:\/\/enolife.com.ar\/es\/?p=171443"},"modified":"2025-12-18T23:28:13","modified_gmt":"2025-12-18T23:28:13","slug":"el-bonarda-y-la-fiesta-de-la-vendimia-de-mendoza-en-el-atlas-de-las-maravillas-de-america-latina","status":"publish","type":"post","link":"https:\/\/enolife.com.ar\/es\/el-bonarda-y-la-fiesta-de-la-vendimia-de-mendoza-en-el-atlas-de-las-maravillas-de-america-latina\/","title":{"rendered":"El Bonarda y la Fiesta de la Vendimia de Mendoza, en el Atlas de las Maravillas de Am\u00e9rica Latina"},"content":{"rendered":"\n<h4 class=\"wp-block-heading\"><em><strong>Por iniciativa de la recientemente conformada Red Iberoamericana de Turismo Eco-Cultural y de la revista cient\u00edfica Rivar, expertos en enoturismo e historiadores de 45 pa\u00edses de Am\u00e9rica y Europa dise\u00f1aron y difundieron el Atlas de las Maravillas del Turismo Ecocultural de Am\u00e9rica Latina. Por Mendoza figuran la Fiesta de la Vendimia, la cultura del agua, los vinos del varietal Bonarda, varios sitios de la zona Este de la provincia y el alfajor, una novedad. Pronto estar\u00e1n disponibles programas sobre el tema en YouTube y un Atlas-libro de consulta.<\/strong><\/em><\/h4>\n\n\n\n<div style=\"height:56px\" aria-hidden=\"true\" class=\"wp-block-spacer\"><\/div>\n\n\n<a href=\"https:\/\/www.irrigacion.gov.ar\/web\/\" aria-label=\"irrigaci\u00f3n-1700X500\"><img loading=\"lazy\" decoding=\"async\" src=\"https:\/\/enolife.com.ar\/es\/wp-content\/uploads\/2021\/02\/irrigacion-1700X500.gif\" alt=\"\"  width=\"1700\" height=\"500\"   \/><\/a>\n\n\n<div style=\"height:39px\" aria-hidden=\"true\" class=\"wp-block-spacer\"><\/div>\n\n\n\n<p><em>Por <strong>Pablo Lacoste<\/strong>, docente, investigador y escritor mendocino especialista en enoturismo y vitivinicultura<\/em><\/p>\n\n\n\n<div style=\"height:24px\" aria-hidden=\"true\" class=\"wp-block-spacer\"><\/div>\n\n\n\n<p>Finalmente, se han dado a conocer los <strong>mapas digitales del Atlas de las Maravillas de Am\u00e9rica Latina, turismo eco-cultural, edici\u00f3n 2025. <\/strong><\/p>\n\n\n\n<p>Con el respaldo de 115 investigadores de universidades de 16 pa\u00edses de <strong>Am\u00e9rica<\/strong> y<strong> Europa<\/strong>, la <strong>Red Iberoamericana de Turismo Eco-Cultural<\/strong> y la revista cient\u00edfica <strong>Rivar<\/strong>, que re\u00fane a m\u00e1s de 1.000 cient\u00edficos de 45 pa\u00edses y se encuentra indexada en WoS-JCR (Q1), se han dado a conocer los mapas digitales, dise\u00f1ados e ilustrados por <strong>Marcela Bustos<\/strong>, <strong>Christian Bovadilla y asociados.<\/strong> Incluye las <strong>43 propuestas<\/strong> aprobadas por los especialistas y apunta a visibilizar y poner en valor paisajes culturales, productos t\u00edpicos, fiestas identitarias y nodos de asociatividad de la regi\u00f3n, con vistas a despertar el inter\u00e9s del turismo internacional por los destinos latinoamericanos y su singular belleza territorial.<\/p>\n\n\n\n<div style=\"height:37px\" aria-hidden=\"true\" class=\"wp-block-spacer\"><\/div>\n\n\n<div class=\"wp-block-image\">\n<figure class=\"aligncenter size-large is-resized\"><a href=\"https:\/\/enolife.com.ar\/es\/wp-content\/uploads\/2025\/12\/imagen.png\" data-rel=\"penci-gallery-image-content\" ><img loading=\"lazy\" decoding=\"async\" width=\"819\" height=\"1024\" src=\"https:\/\/enolife.com.ar\/es\/wp-content\/uploads\/2025\/12\/imagen-819x1024.png\" alt=\"\" class=\"wp-image-171444\" style=\"width:731px;height:auto\" srcset=\"https:\/\/enolife.com.ar\/es\/wp-content\/uploads\/2025\/12\/imagen-819x1024.png 819w, https:\/\/enolife.com.ar\/es\/wp-content\/uploads\/2025\/12\/imagen-240x300.png 240w, https:\/\/enolife.com.ar\/es\/wp-content\/uploads\/2025\/12\/imagen-768x960.png 768w, https:\/\/enolife.com.ar\/es\/wp-content\/uploads\/2025\/12\/imagen-585x731.png 585w, https:\/\/enolife.com.ar\/es\/wp-content\/uploads\/2025\/12\/imagen.png 975w\" sizes=\"auto, (max-width: 819px) 100vw, 819px\" \/><\/a><\/figure><\/div>\n\n\n<div style=\"height:32px\" aria-hidden=\"true\" class=\"wp-block-spacer\"><\/div>\n\n\n\n<p>El Atlas incluye algunos destinos tur\u00edsticos mundialmente conocidos, como<strong> Machu Pichu<\/strong>, la <strong>Rivera Maya <\/strong>y el <strong>Carnaval de R\u00edo de Janeiro,<\/strong> juntamente con lugares escasamente visibles pero de extraordinario valor cultural, que todav\u00eda se encuentran fuera de las rutas comerciales promovidas por las agencias internacionales de turismo. Entre ellas se destacan lugares notables.<\/p>\n\n\n\n<p>Mendoza, la capital cuyana, se encuentra presente en el Atlas con el reconocimiento del <strong>alfajor de Mendoza, los vinos de Bonarda, la Fiesta Nacional de la Vendimia y la cultura del agua de Mendoza Este. <\/strong>Particular relevancia tiene el reconocimiento del alfajor porque hasta ahora, muchas ciudades argentinas se disputaban la paternidad del producto, hasta que un estudio historiogr\u00e1fico demostr\u00f3 el liderazgo mendocino en el \u00e1rea. En el Atlas, el alfajor est\u00e1 representado junto a los Portones del Parque General San Mart\u00edn de la capital de Mendoza.<\/p>\n\n\n\n<div style=\"height:25px\" aria-hidden=\"true\" class=\"wp-block-spacer\"><\/div>\n\n\n<div class=\"wp-block-image\">\n<figure class=\"aligncenter size-large is-resized\"><a href=\"https:\/\/enolife.com.ar\/es\/wp-content\/uploads\/2025\/12\/Acequias.jpg\" data-rel=\"penci-gallery-image-content\" ><img loading=\"lazy\" decoding=\"async\" width=\"1024\" height=\"622\" src=\"https:\/\/enolife.com.ar\/es\/wp-content\/uploads\/2025\/12\/Acequias-1024x622.jpg\" alt=\"\" class=\"wp-image-171451\" style=\"width:694px;height:auto\" srcset=\"https:\/\/enolife.com.ar\/es\/wp-content\/uploads\/2025\/12\/Acequias-1024x622.jpg 1024w, https:\/\/enolife.com.ar\/es\/wp-content\/uploads\/2025\/12\/Acequias-300x182.jpg 300w, https:\/\/enolife.com.ar\/es\/wp-content\/uploads\/2025\/12\/Acequias-768x467.jpg 768w, https:\/\/enolife.com.ar\/es\/wp-content\/uploads\/2025\/12\/Acequias-585x356.jpg 585w, https:\/\/enolife.com.ar\/es\/wp-content\/uploads\/2025\/12\/Acequias.jpg 1170w\" sizes=\"auto, (max-width: 1024px) 100vw, 1024px\" \/><\/a><figcaption class=\"wp-element-caption\"><em><strong>Las acequias y canales de riego de Mendoza, otro de los patrimonios destacados en el Atlas.<\/strong><\/em><\/figcaption><\/figure><\/div>\n\n\n<div style=\"height:30px\" aria-hidden=\"true\" class=\"wp-block-spacer\"><\/div>\n\n\n\n<p>La publicaci\u00f3n de los mapas digitales del Atlas es el primer paso dentro de la estrategia general de visibilizaci\u00f3n de los destinos tur\u00edsticos de Am\u00e9rica Latina. Dentro de este proceso, se est\u00e1 organizando tambi\u00e9n el canal de Youtube con videos espec\u00edficos, coordinado por <strong>Alejandro Aruj<\/strong>, acad\u00e9mico de la <strong>Facultad de Artes <\/strong>de la <strong>Universidad Nacional de Cuyo (UNCuyo) <\/strong>y director de Cultura del <strong>Cluster Mendoza Este<\/strong>, y el Atlas-libro, donde cada cap\u00edtulo entregar\u00e1 m\u00e1s informaci\u00f3n de cada paisaje cultural y producto t\u00edpico, liderado por el doctor <strong>Juan Bl\u00e1nquez<\/strong>, acad\u00e9mico de la <strong>Universidad Aut\u00f3noma de Madrid.<\/strong><\/p>\n\n\n\n<div style=\"height:30px\" aria-hidden=\"true\" class=\"wp-block-spacer\"><\/div>\n\n\n<div class=\"wp-block-image\">\n<figure class=\"aligncenter size-large is-resized\"><a href=\"https:\/\/enolife.com.ar\/es\/wp-content\/uploads\/2025\/12\/Templo-del-vino-bonarda-en-San-Martin.jpg\" data-rel=\"penci-gallery-image-content\" ><img loading=\"lazy\" decoding=\"async\" width=\"1024\" height=\"597\" src=\"https:\/\/enolife.com.ar\/es\/wp-content\/uploads\/2025\/12\/Templo-del-vino-bonarda-en-San-Martin-1024x597.jpg\" alt=\"\" class=\"wp-image-171452\" style=\"width:698px;height:auto\" srcset=\"https:\/\/enolife.com.ar\/es\/wp-content\/uploads\/2025\/12\/Templo-del-vino-bonarda-en-San-Martin-1024x597.jpg 1024w, https:\/\/enolife.com.ar\/es\/wp-content\/uploads\/2025\/12\/Templo-del-vino-bonarda-en-San-Martin-300x175.jpg 300w, https:\/\/enolife.com.ar\/es\/wp-content\/uploads\/2025\/12\/Templo-del-vino-bonarda-en-San-Martin-768x448.jpg 768w, https:\/\/enolife.com.ar\/es\/wp-content\/uploads\/2025\/12\/Templo-del-vino-bonarda-en-San-Martin-585x341.jpg 585w, https:\/\/enolife.com.ar\/es\/wp-content\/uploads\/2025\/12\/Templo-del-vino-bonarda-en-San-Martin.jpg 1100w\" sizes=\"auto, (max-width: 1024px) 100vw, 1024px\" \/><\/a><figcaption class=\"wp-element-caption\"><em><strong>El Templo del Vino Bonarda en San Mart\u00edn, Mendoza, s\u00edmbolo del auge de esta variedad de vino t\u00edpica de la zona Este provincial.<\/strong><\/em><\/figcaption><\/figure><\/div>\n\n\n<div style=\"height:30px\" aria-hidden=\"true\" class=\"wp-block-spacer\"><\/div>\n\n\n\n<p>El canal de Youtube y el Atlas-libro se presentar\u00e1n en la <strong>II Cumbre Iberoamericana de Turismo Eco-Cultural<\/strong>, programada para celebrarse en Sucre, el pr\u00f3ximo 23 de octubre de 2026, con el apoyo de la Gobernaci\u00f3n de Chuquisaca, el cl\u00faster de Sucre, impulsado por <strong>Judith Tito Rosquellas<\/strong> y el cl\u00faster del Valle de Cintis, liderado por <strong>Marcela Mendoz<\/strong>a y organizaciones universitarias y empresariales de Chile, Argentina, Per\u00fa, Brasil y otros pa\u00edses.<\/p>\n\n\n\n<p>El proyecto aspira a mejorar los v\u00ednculos entre los pa\u00edses latinoamericanos, impulsar el desarrollo econ\u00f3mico y social, valorizar el patrimonio natural y cultural, aumentar el empleo, activar las pymes y mejorar la calidad de vida de la poblaci\u00f3n rural.<\/p>\n\n\n\n<div style=\"height:39px\" aria-hidden=\"true\" class=\"wp-block-spacer\"><\/div>\n","protected":false},"excerpt":{"rendered":"<p>Por iniciativa de la recientemente conformada Red Iberoamericana de Turismo Eco-Cultural y de la revista&hellip;<\/p>\n","protected":false},"author":2,"featured_media":130477,"comment_status":"closed","ping_status":"open","sticky":false,"template":"","format":"standard","meta":{"footnotes":""},"categories":[11],"tags":[],"class_list":["post-171443","post","type-post","status-publish","format-standard","has-post-thumbnail","hentry","category-enoturismo"],"_links":{"self":[{"href":"https:\/\/enolife.com.ar\/es\/wp-json\/wp\/v2\/posts\/171443","targetHints":{"allow":["GET"]}}],"collection":[{"href":"https:\/\/enolife.com.ar\/es\/wp-json\/wp\/v2\/posts"}],"about":[{"href":"https:\/\/enolife.com.ar\/es\/wp-json\/wp\/v2\/types\/post"}],"author":[{"embeddable":true,"href":"https:\/\/enolife.com.ar\/es\/wp-json\/wp\/v2\/users\/2"}],"replies":[{"embeddable":true,"href":"https:\/\/enolife.com.ar\/es\/wp-json\/wp\/v2\/comments?post=171443"}],"version-history":[{"count":0,"href":"https:\/\/enolife.com.ar\/es\/wp-json\/wp\/v2\/posts\/171443\/revisions"}],"wp:featuredmedia":[{"embeddable":true,"href":"https:\/\/enolife.com.ar\/es\/wp-json\/wp\/v2\/media\/130477"}],"wp:attachment":[{"href":"https:\/\/enolife.com.ar\/es\/wp-json\/wp\/v2\/media?parent=171443"}],"wp:term":[{"taxonomy":"category","embeddable":true,"href":"https:\/\/enolife.com.ar\/es\/wp-json\/wp\/v2\/categories?post=171443"},{"taxonomy":"post_tag","embeddable":true,"href":"https:\/\/enolife.com.ar\/es\/wp-json\/wp\/v2\/tags?post=171443"}],"curies":[{"name":"wp","href":"https:\/\/api.w.org\/{rel}","templated":true}]}}