{"id":171432,"date":"2025-12-16T19:30:51","date_gmt":"2025-12-16T19:30:51","guid":{"rendered":"https:\/\/enolife.com.ar\/es\/?p=171432"},"modified":"2025-12-17T14:13:18","modified_gmt":"2025-12-17T14:13:18","slug":"bonarda-el-varietal-que-mejora-anada-tras-anada-protagoniza-la-fiesta-por-los-209-anos-de-san-martin","status":"publish","type":"post","link":"https:\/\/enolife.com.ar\/es\/bonarda-el-varietal-que-mejora-anada-tras-anada-protagoniza-la-fiesta-por-los-209-anos-de-san-martin\/","title":{"rendered":"Bonarda: el varietal que mejora a\u00f1ada tras a\u00f1ada protagoniza la fiesta por los 209 a\u00f1os de San Mart\u00edn"},"content":{"rendered":"\n<h4 class=\"wp-block-heading\"><em><strong>El departamento de Mendoza que ostenta el nombre del Libertador de Am\u00e9rica celebrar\u00e1 el 20\/12\/25 un nuevo aniversario con la 4\u00aa edici\u00f3n del encuentro \u00abPaseo del Vino en Tierras del Bonarda\u00bb. Unas 30 bodegas con 130 distintas etiquetas, m\u00fasica en vivo y propuestas gastron\u00f3micas formar\u00e1n parte de una noche que destaca la identidad vitivin\u00edcola y cultural del Este mendocino.<\/strong><\/em><\/h4>\n\n\n\n<div style=\"height:37px\" aria-hidden=\"true\" class=\"wp-block-spacer\"><\/div>\n\n\n<a href=\"https:\/\/durox.com.ar\/\" aria-label=\"1700x500px\"><img loading=\"lazy\" decoding=\"async\" src=\"https:\/\/enolife.com.ar\/es\/wp-content\/uploads\/2025\/01\/1700x500px.jpg\" alt=\"\"  srcset=\"https:\/\/enolife.com.ar\/es\/wp-content\/uploads\/2025\/01\/1700x500px.jpg 1700w, https:\/\/enolife.com.ar\/es\/wp-content\/uploads\/2025\/01\/1700x500px-300x88.jpg 300w, https:\/\/enolife.com.ar\/es\/wp-content\/uploads\/2025\/01\/1700x500px-1024x301.jpg 1024w, https:\/\/enolife.com.ar\/es\/wp-content\/uploads\/2025\/01\/1700x500px-768x226.jpg 768w, https:\/\/enolife.com.ar\/es\/wp-content\/uploads\/2025\/01\/1700x500px-1536x452.jpg 1536w, https:\/\/enolife.com.ar\/es\/wp-content\/uploads\/2025\/01\/1700x500px-1170x344.jpg 1170w, https:\/\/enolife.com.ar\/es\/wp-content\/uploads\/2025\/01\/1700x500px-585x172.jpg 585w\" sizes=\"auto, (max-width: 1700px) 100vw, 1700px\" width=\"1700\" height=\"500\"   \/><\/a>\n\n\n<div style=\"height:44px\" aria-hidden=\"true\" class=\"wp-block-spacer\"><\/div>\n\n\n\n<p>El departamento mendocino de General San Mart\u00edn cumple&nbsp;<strong>209 a\u00f1os<\/strong>&nbsp;y lo celebrar\u00e1 con una de sus actividades m\u00e1s representativas: el&nbsp;denominado<strong> Paseo del Vino en Tierras del Bonarda<\/strong>, este a\u00f1o 2025 en su 4ta. edici\u00f3n. Se trata de una experiencia que en su corta puesta en escena ya se ha consolidado como uno de los eventos ecotur\u00edsticos m\u00e1s convocantes del Este mendocino.<\/p>\n\n\n\n<p>La jornada central ser\u00e1 el&nbsp;<strong>s\u00e1bado&nbsp;20 de diciembre<\/strong> de 2025, de&nbsp;<strong>20 a 2<\/strong> hs, en el tradicional&nbsp;<strong>Paseo de la Patria<\/strong> de San Mart\u00edn. All\u00ed vecinos de la provincia y turistas tendr\u00e1n la oportunidad de disfrutar una propuesta que crece a\u00f1o a a\u00f1o y refleja la identidad productiva y cultural de la regi\u00f3n.<\/p>\n\n\n\n<p>Seg\u00fan adelant\u00f3 la coordinadora del evento,&nbsp;<strong>Ana Mart\u00ednez Sieira<\/strong>, el objetivo es&nbsp;<em>\u201cacercar el vino a los consumidores, expandir horizontes y, al mismo tiempo, cerrar el c\u00edrculo comercial permitiendo a las bodegas vender sus productos y a los visitantes adquirir vinos de calidad a precios promocionales y accesibles\u201d.<\/em><\/p>\n\n\n\n<div style=\"height:40px\" aria-hidden=\"true\" class=\"wp-block-spacer\"><\/div>\n\n\n\n<p><strong>A probar el bonarda con 30 bodegas y 130 etiquetas<\/strong><\/p>\n\n\n\n<p>La degustaci\u00f3n ha convocado a unas <strong>30 bodegas<\/strong>&nbsp;con ofrecer\u00e1n al p\u00fablico alrededor de&nbsp;<strong>130 etiquetas<\/strong>, adem\u00e1s de la participaci\u00f3n de&nbsp;<strong>vermuter\u00edas<\/strong>&nbsp;y elaboradores de espirituosas locales. Como cada a\u00f1o, la iniciativa&nbsp;<strong>Plan Bonarda<\/strong>&nbsp;se visibilizar\u00e1 con una <strong>copa oficial<\/strong>, con la que se pueden realizar&nbsp;<strong>tres degustaciones<\/strong>&nbsp;para comenzar el recorrido.<\/p>\n\n\n\n<p>El p\u00fablico tambi\u00e9n encontrar\u00e1:<\/p>\n\n\n\n<ul class=\"wp-block-list\">\n<li><strong>Espacios gastron\u00f3micos<\/strong><\/li>\n\n\n\n<li><strong>Stands de delicatessen<\/strong>&nbsp;(chocolates, productos picantes y otros maridajes)<\/li>\n\n\n\n<li><strong>Venta directa de vinos<\/strong>&nbsp;con precios especiales<\/li>\n\n\n\n<li>Recitales de m<strong>\u00fasica en vivo <\/strong><\/li>\n<\/ul>\n\n\n\n<p>La m\u00fasica ser\u00e1 protagonista junto al lvino con la actuaci\u00f3n de la&nbsp;<strong>Orquesta de la Escuela Municipal General San Mart\u00edn<\/strong>, acompa\u00f1ada por un&nbsp;<strong>show de DJ<\/strong>&nbsp;para animar toda la jornada.<\/p>\n\n\n\n<p>El evento es de car\u00e1cter&nbsp;<strong>gratuito<\/strong> y est\u00e1 pensado para que los visitantes disfruten del talento local y vivan una celebraci\u00f3n abierta y participativa.<\/p>\n\n\n\n<p class=\"has-light-green-cyan-background-color has-background\">La degustaci\u00f3n de <strong>3 vinos<\/strong> tiene un valor de <strong>$15.000<\/strong> e incluye la copa grabada de regalo. Los tickets se podr\u00e1n adquirir en el mismo lugar, con todos los medios de pago.<\/p>\n\n\n\n<div style=\"height:36px\" aria-hidden=\"true\" class=\"wp-block-spacer\"><\/div>\n\n\n\n<p><strong>Las bodegas confirmadas<\/strong><\/p>\n\n\n\n<p>Familia Morcos, El sue\u00f1o Vineyard, Nieto Senetiner, Finca Savina, Zamora Wines, Los Haroldos,&nbsp; La A\u00f1orada,&nbsp; Crotta, Sangre Italiana, Antonietti, Lucero Corzo, Guaiteca, Familia Garavaglia, Absuelto Wines, Don Richard, Imberti Wines, Betsabe Wines, Familia Palma, Cava Gentile, Vinos Pirincho, Territorio Trilla, Casa Roza, Orfila, Quinta Navarro, Onofri Wines, Chequepe, Bodega y Vermuteria Galigniana, Destiler\u00eda Caesar, Destiler\u00eda Por Amor Licores, B y B Vinotecas y Canillas N\u00f3mades.<\/p>\n\n\n\n<div style=\"height:40px\" aria-hidden=\"true\" class=\"wp-block-spacer\"><\/div>\n\n\n<div class=\"wp-block-image\">\n<figure class=\"aligncenter size-full is-resized\"><a href=\"https:\/\/enolife.com.ar\/es\/wp-content\/uploads\/2025\/12\/Fiesta-del-Bonarda1.jpeg\" data-rel=\"penci-gallery-image-content\" ><img loading=\"lazy\" decoding=\"async\" width=\"1019\" height=\"680\" src=\"https:\/\/enolife.com.ar\/es\/wp-content\/uploads\/2025\/12\/Fiesta-del-Bonarda1.jpeg\" alt=\"\" class=\"wp-image-171439\" style=\"width:728px;height:auto\" srcset=\"https:\/\/enolife.com.ar\/es\/wp-content\/uploads\/2025\/12\/Fiesta-del-Bonarda1.jpeg 1019w, https:\/\/enolife.com.ar\/es\/wp-content\/uploads\/2025\/12\/Fiesta-del-Bonarda1-300x200.jpeg 300w, https:\/\/enolife.com.ar\/es\/wp-content\/uploads\/2025\/12\/Fiesta-del-Bonarda1-768x513.jpeg 768w, https:\/\/enolife.com.ar\/es\/wp-content\/uploads\/2025\/12\/Fiesta-del-Bonarda1-585x390.jpeg 585w\" sizes=\"auto, (max-width: 1019px) 100vw, 1019px\" \/><\/a><\/figure><\/div>\n\n\n<div style=\"height:24px\" aria-hidden=\"true\" class=\"wp-block-spacer\"><\/div>\n\n\n\n<p><strong>Una semana de actividades por el aniversario<\/strong><\/p>\n\n\n\n<p>El&nbsp;<strong>Paseo del Vino<\/strong>&nbsp;forma parte de una&nbsp;<strong>agenda especial<\/strong>&nbsp;que el municipio de San Mart\u00edn dise\u00f1\u00f3 para conmemorar el aniversario del departamento, con actividades culturales, recreativas y ecotur\u00edsticas que homenajean el legado de San Mart\u00edn y Luzuriaga, e integran a toda la comunidad en una celebraci\u00f3n que resalta el trabajo, la producci\u00f3n y el esp\u00edritu vitivin\u00edcola de Los Barriales y las regiones aleda\u00f1as.<\/p>\n\n\n\n<div style=\"height:43px\" aria-hidden=\"true\" class=\"wp-block-spacer\"><\/div>\n","protected":false},"excerpt":{"rendered":"<p>El departamento de Mendoza que ostenta el nombre del Libertador de Am\u00e9rica celebrar\u00e1 el 20\/12\/25&hellip;<\/p>\n","protected":false},"author":2,"featured_media":171438,"comment_status":"closed","ping_status":"open","sticky":false,"template":"","format":"standard","meta":{"footnotes":""},"categories":[47],"tags":[],"class_list":["post-171432","post","type-post","status-publish","format-standard","has-post-thumbnail","hentry","category-agenda"],"_links":{"self":[{"href":"https:\/\/enolife.com.ar\/es\/wp-json\/wp\/v2\/posts\/171432","targetHints":{"allow":["GET"]}}],"collection":[{"href":"https:\/\/enolife.com.ar\/es\/wp-json\/wp\/v2\/posts"}],"about":[{"href":"https:\/\/enolife.com.ar\/es\/wp-json\/wp\/v2\/types\/post"}],"author":[{"embeddable":true,"href":"https:\/\/enolife.com.ar\/es\/wp-json\/wp\/v2\/users\/2"}],"replies":[{"embeddable":true,"href":"https:\/\/enolife.com.ar\/es\/wp-json\/wp\/v2\/comments?post=171432"}],"version-history":[{"count":0,"href":"https:\/\/enolife.com.ar\/es\/wp-json\/wp\/v2\/posts\/171432\/revisions"}],"wp:featuredmedia":[{"embeddable":true,"href":"https:\/\/enolife.com.ar\/es\/wp-json\/wp\/v2\/media\/171438"}],"wp:attachment":[{"href":"https:\/\/enolife.com.ar\/es\/wp-json\/wp\/v2\/media?parent=171432"}],"wp:term":[{"taxonomy":"category","embeddable":true,"href":"https:\/\/enolife.com.ar\/es\/wp-json\/wp\/v2\/categories?post=171432"},{"taxonomy":"post_tag","embeddable":true,"href":"https:\/\/enolife.com.ar\/es\/wp-json\/wp\/v2\/tags?post=171432"}],"curies":[{"name":"wp","href":"https:\/\/api.w.org\/{rel}","templated":true}]}}